{"id":261430,"date":"2025-07-20T16:14:16","date_gmt":"2025-07-20T16:14:16","guid":{"rendered":"https:\/\/www.europesays.com\/fr\/261430\/"},"modified":"2025-07-20T16:14:16","modified_gmt":"2025-07-20T16:14:16","slug":"un-jeune-homme-meurt-poignarde-une-enquete-ouverte-2","status":"publish","type":"post","link":"https:\/\/www.europesays.com\/fr\/261430\/","title":{"rendered":"Un jeune homme meurt poignard\u00e9, une enqu\u00eate ouverte"},"content":{"rendered":"<p>Le drame est survenu samedi dans la soir\u00e9e. Un jeune homme de 20 ans a \u00e9t\u00e9 mortellement poignard\u00e9 \u00e0 <a href=\"https:\/\/www.20minutes.fr\/rennes\/\" class=\"color-ultramarine c-link\" target=\"_blank\" rel=\"noopener\">Rennes<\/a>, a annonc\u00e9 dimanche le parquet de la ville d\u2019<a href=\"https:\/\/www.20minutes.fr\/dossier\/ille_et_vilaine\" class=\"color-ultramarine c-link\" target=\"_blank\" rel=\"noopener\">Ille-et-Vilaine<\/a>. Selon une source proche de l\u2019enqu\u00eate, les faits se sont d\u00e9roul\u00e9s rue Ferdinand de Lesseps, dans un lieu connu pour abriter <a href=\"https:\/\/www.20minutes.fr\/societe\/4161222-20250630-rennes-laxisme-procureur-prefet-defendent-bilan-face-narcotrafiquants\" class=\"color-ultramarine c-link\" target=\"_blank\" rel=\"noopener\">du trafic de stup\u00e9fiants<\/a>, situ\u00e9 dans le <a href=\"https:\/\/www.20minutes.fr\/justice\/4098872-20240630-rennes-apres-agression-mortelle-sdf-deux-ados-14-ans-mis-examen\" class=\"color-ultramarine c-link\" target=\"_blank\" rel=\"noopener\">quartier de Cleunay.<\/a><\/p>\n<\/p>\n<p>\u00ab\u00a0Une plaie grave \u00e0 l\u2019abdomen\u00a0\u00bb<\/p>\n<p>Samedi, vers 20 heures, trois personnes en voiture ont d\u00e9pos\u00e9 la victime au service des urgences du CHU Pontchaillou. Le jeune homme pr\u00e9sentait \u00ab\u00a0une plaie grave \u00e0 l\u2019abdomen, semblant r\u00e9sulter de violences par arme blanche\u00a0\u00bb, a pr\u00e9cis\u00e9 le procureur de la R\u00e9publique adjoint Matthieu Thomas. Malgr\u00e9 des tentatives de r\u00e9animation, il n\u2019a pas surv\u00e9cu \u00e0 ses blessures.<\/p>\n<p>Cinq personnes ont \u00e9t\u00e9 plac\u00e9es en garde \u00e0 vue\u00a0: les trois accompagnateurs de la victime, ainsi que deux autres personnes qui s\u2019\u00e9taient pr\u00e9sent\u00e9es \u00e0 l\u2019h\u00f4pital pour prendre des nouvelles du bless\u00e9. Elles ont depuis \u00e9t\u00e9 remises en libert\u00e9, celles-ci ayant \u00ab\u00a0communiqu\u00e9 aux enqu\u00eateurs tous les moyens\u00a0\u00bb de v\u00e9rifier leurs d\u00e9clarations \u00ab\u00a0sans contradiction, ni incoh\u00e9rences relev\u00e9es dans leurs explications, ni \u00e9l\u00e9ments d\u2019implication pouvant leur \u00eatre oppos\u00e9s\u00a0\u00bb, a annonc\u00e9 le procureur de la R\u00e9publique adjoint.<\/p>\n<p>Une autopsie programm\u00e9e<\/p>\n<p>Les trois personnes ayant conduit la victime \u00e0 l\u2019h\u00f4pital ont \u00ab\u00a0d\u00e9clar\u00e9 ne pas conna\u00eetre la victime, qu\u2019elles ont prise en charge sur la voie publique, \u00e0 sa demande, pour l\u2019emmener \u00e0 l\u2019h\u00f4pital\u00a0\u00bb, a indiqu\u00e9 Matthieu Thomas.<\/p>\n<p>Quant aux deux autres gard\u00e9s \u00e0 vue, ils se sont pr\u00e9sent\u00e9s comme des connaissances de la victime. Arriv\u00e9s \u00e0 l\u2019h\u00f4pital dans un autre v\u00e9hicule dans l\u2019heure suivant celle de la victime, \u00ab\u00a0ils ont expliqu\u00e9 avoir \u00e9t\u00e9 alert\u00e9s par des tiers sur une sc\u00e8ne de violences survenue aux abords de la station de m\u00e9tro Cleunay, dont ils n\u2019ont pas \u00e9t\u00e9 eux-m\u00eames t\u00e9moins, et lors de laquelle leur ami avec qui ils avaient pass\u00e9 une partie de la journ\u00e9e, avait re\u00e7u des coups de couteau\u00a0\u00bb, a d\u00e9taill\u00e9 le parquet.<\/p>\n<p><a href=\"https:\/\/www.20minutes.fr\/rennes\/\" class=\"c-link c-btn c-btn--primary\" target=\"_blank\" rel=\"noopener\">Retrouvez ici tous nos articles sur la ville de Rennes<\/a><\/p>\n<p>Les enqu\u00eateurs ont engag\u00e9 une batterie de constatations mat\u00e9rielles et techniques et une autopsie est programm\u00e9e. Les investigations sont confi\u00e9es \u00e0 la Division de la criminalit\u00e9 organis\u00e9e et sp\u00e9cialis\u00e9e (DCOS), pr\u00e9cise <a href=\"https:\/\/www.ouest-france.fr\/societe\/faits-divers\/jeune-de-21-ans-poignarde-a-mort-a-rennes-samedi-soir-ce-que-lon-sait-de-cette-agression-eb5ace2c-6562-11f0-a6af-fdbae6127de0\" rel=\"nofollow noopener\" target=\"_blank\" class=\"color-ultramarine c-link\">Ouest-France<\/a>.<\/p>\n","protected":false},"excerpt":{"rendered":"Le drame est survenu samedi dans la soir\u00e9e. Un jeune homme de 20 ans a \u00e9t\u00e9 mortellement poignard\u00e9&hellip;\n","protected":false},"author":2,"featured_media":261431,"comment_status":"","ping_status":"","sticky":false,"template":"","format":"standard","meta":{"footnotes":""},"categories":[2821],"tags":[1111,47,11,829,1777,674,118,7641,1011,27,2683,848,12,584,25,887],"class_list":{"0":"post-261430","1":"post","2":"type-post","3":"status-publish","4":"format-standard","5":"has-post-thumbnail","7":"category-rennes","8":"tag-actu","9":"tag-actualite","10":"tag-actualites","11":"tag-bretagne","12":"tag-eu","13":"tag-europe","14":"tag-faits-divers","15":"tag-faits-divers-rennes","16":"tag-fr","17":"tag-france","18":"tag-homicide","19":"tag-ille-et-vilaine","20":"tag-news","21":"tag-rennes","22":"tag-republique-francaise","23":"tag-trafic-de-drogue"},"share_on_mastodon":{"url":"https:\/\/pubeurope.com\/@fr\/114886454458506903","error":""},"_links":{"self":[{"href":"https:\/\/www.europesays.com\/fr\/wp-json\/wp\/v2\/posts\/261430","targetHints":{"allow":["GET"]}}],"collection":[{"href":"https:\/\/www.europesays.com\/fr\/wp-json\/wp\/v2\/posts"}],"about":[{"href":"https:\/\/www.europesays.com\/fr\/wp-json\/wp\/v2\/types\/post"}],"author":[{"embeddable":true,"href":"https:\/\/www.europesays.com\/fr\/wp-json\/wp\/v2\/users\/2"}],"replies":[{"embeddable":true,"href":"https:\/\/www.europesays.com\/fr\/wp-json\/wp\/v2\/comments?post=261430"}],"version-history":[{"count":0,"href":"https:\/\/www.europesays.com\/fr\/wp-json\/wp\/v2\/posts\/261430\/revisions"}],"wp:featuredmedia":[{"embeddable":true,"href":"https:\/\/www.europesays.com\/fr\/wp-json\/wp\/v2\/media\/261431"}],"wp:attachment":[{"href":"https:\/\/www.europesays.com\/fr\/wp-json\/wp\/v2\/media?parent=261430"}],"wp:term":[{"taxonomy":"category","embeddable":true,"href":"https:\/\/www.europesays.com\/fr\/wp-json\/wp\/v2\/categories?post=261430"},{"taxonomy":"post_tag","embeddable":true,"href":"https:\/\/www.europesays.com\/fr\/wp-json\/wp\/v2\/tags?post=261430"}],"curies":[{"name":"wp","href":"https:\/\/api.w.org\/{rel}","templated":true}]}}