{"id":261432,"date":"2025-07-20T16:15:24","date_gmt":"2025-07-20T16:15:24","guid":{"rendered":"https:\/\/www.europesays.com\/fr\/261432\/"},"modified":"2025-07-20T16:15:24","modified_gmt":"2025-07-20T16:15:24","slug":"notre-selection-de-spectacles-hebdomadaire","status":"publish","type":"post","link":"https:\/\/www.europesays.com\/fr\/261432\/","title":{"rendered":"notre s\u00e9lection de spectacles hebdomadaire"},"content":{"rendered":"<p>  Colmar \u00a0: compte \u00e0 rebours lanc\u00e9 pour dix jours de musique \u00e0 la Foire aux vins<\/p>\n<p><strong>La Foire aux vins de Colmar est le rendez-vous festif de l\u2019\u00e9t\u00e9 en Alsace. Foire commerciale, bars, f\u00eates dans tous les coins et concerts chaque soir \u00e9videmment. Pour ces premiers jours, tous les concerts ne sont pas complets. \u00c0 vos agendas\u00a0!<\/strong><\/p>\n<p>    &#13;<br \/>\n    &#13;<br \/>\n    &#13;<br \/>\n    <a href=\"https:\/\/cdn-s-www.lalsace.fr\/images\/b031ebd5-3a05-41af-9811-ff5ebdee6bd8\/NW_raw\/la-chanteuse-zaho-de-sagazan-sera-a-colmar-le-dimanche-27-juillet-photo-archives-david-geiss-1748943541.jpg\" title=\"La chanteuse Zaho de Sagazan sera \u00e0 Colmar le dimanche 27\u00a0juillet.\u00a0Photo archives David Geiss\" class=\"chocolat-image GA-tracking\" data-ga_type=\"click\" data-ga_category=\"D\u00e9tail\" data-ga_action=\"zoomer\" data-ga_label=\"aggrandir image\" target=\"_blank\" rel=\"noopener\">&#13;<br \/>\n        <img src=\"https:\/\/www.europesays.com\/fr\/wp-content\/uploads\/2025\/07\/la-chanteuse-zaho-de-sagazan-sera-a-colmar-le-dimanche-27-juillet-photo-archives-david-geiss-1748943.jpeg\"   alt=\"La chanteuse Zaho de Sagazan sera \u00e0 Colmar le dimanche 27\u00a0juillet.\u00a0Photo archives David Geiss\" fetchpriority=\"high\" decoding=\"async\" data-mobile=\"NW_listA_M|1748943541\" data-base=\"NW_listA|1748943541\"\/>&#13;<br \/>\n    <\/a>&#13;<\/p>\n<p>La chanteuse Zaho de Sagazan sera \u00e0 Colmar le dimanche 27\u00a0juillet.\u00a0Photo archives David Geiss<\/p>\n<p>Dadju et Franglish le vendredi 25\u00a0juillet (concert \u00e0 partir de 20\u00a0h, derni\u00e8res places \u00e0 55\u00a0\u20ac), Gazo et Luidji\u00a0le samedi 26\u00a0juillet \u00e0 20\u00a0h (\u00e0 partir de 57\u00a0\u20ac), <a href=\"https:\/\/www.lalsace.fr\/p\/zaho-de-sagazan\" target=\"_blank\" rel=\"noopener\">Zaho de Sagazan<\/a> et MC Solaar le dimanche 27\u00a0juillet \u00e0 20\u00a0h (55\u00a0\u20ac) et Julien Dor\u00e9 le lundi 28\u00a0juillet (attention derni\u00e8res places \u00e0 55\u00a0\u20ac)\u00a0: c\u2019est l\u2019affiche all\u00e9chante des premiers jours de la Foire aux vins 2025, au th\u00e9\u00e2tre de plein air.<\/p>\n<p>Avant le concert sur la grande sc\u00e8ne, on peut d\u00e9j\u00e0 profiter de musique live (avec le billet d\u2019entr\u00e9e \u00e0 la foire), \u00e0 L\u2019Embuscade, bar situ\u00e9 c\u00f4t\u00e9 parc agricole (sur le chemin de la coquille). L\u00e0, les Pin\u2019ups d\u2019Alsace animent le lieu tous les jours pour leur ap\u00e9ro festif, mais elles c\u00e8dent la place aux groupes r\u00e9gionaux invit\u00e9s \u00e0 se produire sur la sc\u00e8ne off.<\/p>\n<p>La sc\u00e8ne des groupes r\u00e9gionaux<\/p>\n<p>Les Strasbourgeois de Pesteleh ouvrent le bal vendredi \u00e0 19\u00a0h. Ce sont des arp\u00e8ges tournoyants et une voix toujours claire et pure qui se met au service de m\u00e9lodies ourl\u00e9es. Avec un sens aiguis\u00e9 de la m\u00e9lodie et un songwriting cisel\u00e9, ses m\u00e9lodies surprennent et font fr\u00e9mir le public.\u00a0Samedi, les Colmariens de <a href=\"https:\/\/www.lalsace.fr\/education\/2024\/11\/20\/balagan-une-aventure-musicale-humaine-et-engagee-a-colmar\" rel=\"nofollow noopener\" target=\"_blank\">Balagan<\/a> d\u00e9ploieront leur reggae francophone vibrant, m\u00ealant roots et new roots avec une \u00e9nergie contagieuse.<\/p>\n<p>Dimanche, ambiance salsa cumbia, merengue et bachata avec le groupe strasbourgeois La Jawqa et ses m\u00e9lodies inspir\u00e9es des traditions musicales de la c\u00f4te carib\u00e9enne. Lundi, venu de Strasbourg \u00e9galement, Okay Cactus viendra avec son univers color\u00e9 influenc\u00e9 par la sc\u00e8ne indie pop et les grooves de la French Touch.<\/p>\n<p class=\"note\"><a href=\"https:\/\/www.lalsace.fr\/culture-loisirs\/2025\/07\/01\/tarifs-acces-animations-tout-savoir-sur-la-76e-edition-du-festival\" rel=\"nofollow noopener\" target=\"_blank\">Foire aux vins<\/a>, parc des expositions de Colmar. Du vendredi 25\u00a0juillet au dimanche 3\u00a0ao\u00fbt.\u00a0Tarifs (hors concerts) par personne\u00a0: du lundi au samedi gratuit jusqu\u2019\u00e0 13\u00a0h, 5\u00a0\u20ac de 13\u00a0h \u00e0 17\u00a0h, 8\u00a0\u20ac\u00a0\u00e0 partir de 17\u00a0h.\u00a0Les dimanches\u00a0: 5\u00a0\u20ac de 11\u00a0h \u00e0 17\u00a0h, 8\u00a0\u20ac \u00e0 partir de 17\u00a0h, 2\u00a0\u20ac pour les enfants de &#8211; 12 ans (accompagn\u00e9 d\u2019un adulte).<\/p>\n<p>  Strasbourg :\u00a0La Chouc\u2019 se h\u00e2te lentement pour sa 38e tourn\u00e9e d\u2019\u00e9t\u00e9<\/p>\n<p><strong>Revoil\u00e0 la Chouc\u2019pour ses deux dates estivales \u00e0 Strasbourg, dans le quartier de Neudorf. Th\u00e8me de cette 38e \u00e9dition de la <a href=\"https:\/\/www.lalsace.fr\/culture-loisirs\/2025\/07\/08\/la-revue-d-ete-de-la-chouc-part-sur-les-routes-d-alsace-de-lingolsheim-a-selestat\" rel=\"nofollow noopener\" target=\"_blank\">Tourn\u00e9e d\u2019\u00e9t\u00e9<\/a>\u00a0: \u00ab\u00a0H\u00e2tez-vous lentement\/Langsam Dummle\u00a0\u00bb.<\/strong><\/p>\n<p>    &#13;<br \/>\n    &#13;<br \/>\n    &#13;<br \/>\n    <a href=\"https:\/\/cdn-s-www.lalsace.fr\/images\/0c58bf14-cff0-4b74-92e4-3512333a6749\/NW_raw\/la-38e-tournee-d-ete-de-la-choucrouterie-passe-par-strasbourg-photo-jean-philippe-schwab-1753003195.jpg\" title=\"La 38e tourn\u00e9e d&#039;\u00e9t\u00e9 de la Choucrouterie passe par Strasbourg. Photo Jean-Philippe Schwab\" class=\"chocolat-image GA-tracking\" data-ga_type=\"click\" data-ga_category=\"D\u00e9tail\" data-ga_action=\"zoomer\" data-ga_label=\"aggrandir image\" target=\"_blank\" rel=\"noopener\">&#13;<br \/>\n        <img src=\"https:\/\/www.europesays.com\/fr\/wp-content\/uploads\/2025\/07\/la-38e-tournee-d-ete-de-la-choucrouterie-passe-par-strasbourg-photo-jean-philippe-schwab-1753003195..jpeg\"   alt=\"La 38e tourn\u00e9e d'\u00e9t\u00e9 de la Choucrouterie passe par Strasbourg. Photo Jean-Philippe Schwab\" fetchpriority=\"high\" decoding=\"async\" data-mobile=\"NW_listA_M|1753003195\" data-base=\"NW_listA|1753003195\"\/>&#13;<br \/>\n    <\/a>&#13;<\/p>\n<p>La 38e tourn\u00e9e d&rsquo;\u00e9t\u00e9 de la Choucrouterie passe par Strasbourg. Photo Jean-Philippe Schwab<\/p>\n<p>Au menu, tous les moyens de transport, des Beatles \u00e0 Trenet, des motos aux bicyclettes, de 99 Luftballons \u00e0 Ich hab noch einen Koffer in Berlin, en passant par Bello brunzt uff\u2019s v\u00e9lo sans oublier Queen.<\/p>\n<p>Le spectacle est multilingue, avec une vingtaine de chansons en fran\u00e7ais, en allemand, en anglais, en italien, en alsacien, entrecoup\u00e9\u00a0d\u2019interm\u00e8des rigolos. Il y a aussi de la danse acrobatique et du hip-hop.<\/p>\n<p>  &#13;<br \/>\n      <a href=\"https:\/\/cdn-s-www.lalsace.fr\/images\/baeb24e2-4e5a-428e-8073-032c2f8b2a1e\/NW_raw\/photo-myriam-bastian-1753003195.jpg\" title=\"Photo Myriam Bastian\" class=\"chocolat-image GA-tracking\" data-ga_type=\"click\" data-ga_category=\"D\u00e9tail\" data-ga_action=\"zoomer\" data-ga_label=\"agrandir image\" target=\"_blank\" rel=\"noopener\">&#13;<br \/>\n          <img loading=\"lazy\" decoding=\"async\" src=\"https:\/\/www.europesays.com\/fr\/wp-content\/uploads\/2025\/07\/photo-myriam-bastian-1753003195.jpg\" data-mobile=\"NW_listC_M|1753003195\" data-base=\"NW_listC|1753003195\" alt=\"Photo Myriam Bastian\"\/>&#13;<br \/>\n      <\/a>&#13;<\/p>\n<p>Photo Myriam Bastian<\/p>\n<p>&#13;<\/p>\n<p>  Du chant et de la danse<\/p>\n<p>Sur sc\u00e8ne pour cette nouvelle \u00e9dition, Fayssal Benbahmed, Laurence Bergmiller, Sophie Dungler, Susanne Mayer, Sabrina Rauch et <a href=\"https:\/\/www.lalsace.fr\/p\/roger-siffer\" target=\"_blank\" rel=\"noopener\">Roger Siffer<\/a>. Les danseurs et danseuses sont Karim Barbouchi, Lisa Lescout et Clo\u00e9 Pugnotti. Pour les musiciens, Micha\u00ebl Alizon, Paul Alizon, Christian Clua, Michel Ott et Pilou Wurtz.<\/p>\n<p>Les interm\u00e8des sont de Cl\u00e9mentine Duguet, les costumes et la sc\u00e9nographie de Carole Deltenre. Le spectacle est gratuit mais se termine par une qu\u00eate \u00e0 l\u2019ancienne de choses gourmandes \u00e0 manger et \u00e0 boire.<\/p>\n<p class=\"note\">Jeudi 24\u00a0juillet et vendredi 25\u00a0juillet \u00e0 21\u00a0h place du March\u00e9 \u00e0 Neudorf \u00e0 Strasbourg. Samedi 20\u00a0septembre \u00e0 18\u00a0h au Jardin du Diapason \u00e0 Vendenheim. <a href=\"https:\/\/www.theatredelachouc.com\/tournee-dete\/\" rel=\"nofollow noopener\" target=\"_blank\">www.theatredelachouc.com<\/a><\/p>\n<p>                                            <img class=\"placeholder-svg\" loading=\"lazy\" decoding=\"async\" src=\"https:\/\/cdn-files.prsmedia.fr\/files\/REDAC\/images\/svg\/placeholders\/youtube.svg\" alt=\"Youtube PlaceHolder\"\/>               <\/p>\n<p>Ce contenu est bloqu\u00e9 car vous n&rsquo;avez pas accept\u00e9 les cookies et autres traceurs.<\/p>\n<p>En cliquant sur \u00ab J\u2019accepte \u00bb, les cookies et autres traceurs seront d\u00e9pos\u00e9s et vous pourrez visualiser les contenus  (<a href=\"\" class=\"consentModule_policy\" target=\"_blank\" title=\"Consulter la politique de protection des donn\u00e9es du fournisseur\">plus d&rsquo;informations<\/a>).<\/p>\n<p>En cliquant sur \u00ab J\u2019accepte tous les cookies \u00bb, vous autorisez des d\u00e9p\u00f4ts de cookies et autres traceurs pour le stockage de vos donn\u00e9es sur nos sites et applications \u00e0 des fins de personnalisation et de ciblage publicitaire.<\/p>\n<p class=\"consentModule_secondaryText\">Vous gardez la possibilit\u00e9 de retirer votre consentement \u00e0 tout moment en consultant notre <a href=\"https:\/\/www.lalsace.fr\/protection-des-donnees\" target=\"_blank\" title=\"Consulter notre politique de protection des donn\u00e9es\" rel=\"noopener\">politique de protection des donn\u00e9es<\/a>. <br \/>&#13;<br \/>\n            <a href=\"https:\/\/www.lalsace.fr\/culture-loisirs\/2025\/07\/20\/javascript:Didomi.notice.show()\" class=\"consentModule_cmp\" target=\"_blank\" rel=\"noopener\">G\u00e9rer mes choix<\/a>&#13;\n        <\/p>\n<p>&#13;<br \/>\n                        J&rsquo;accepte&#13;<br \/>\n            J&rsquo;accepte tous les cookies&#13;\n        <\/p>\n<p>        &#13;<br \/>\n          <a href=\"https:\/\/cdn-s-www.lalsace.fr\/images\/12c71b04-a8f4-4b0f-b5d8-50087c239be6\/NW_raw\/le-flying-orkestar-photo-archives-jean-paul-kaiser-1753003195.jpg\" title=\"Le Flying Orkestar.Photo archives Jean-Paul Kaiser\" class=\"chocolat-image GA-tracking\" data-ga_type=\"click\" data-ga_category=\"D\u00e9tail\" data-ga_action=\"zoomer\" data-ga_label=\"agrandir image\" target=\"_blank\" rel=\"noopener\">&#13;<br \/>\n            <img loading=\"lazy\" decoding=\"async\" src=\"https:\/\/www.europesays.com\/fr\/wp-content\/uploads\/2025\/07\/le-flying-orkestar-photo-archives-jean-paul-kaiser-1753003195.jpg\" alt=\"Le Flying Orkestar.Photo archives Jean-Paul Kaiser\"\/>&#13;<br \/>\n          <\/a>&#13;<br \/>\n          &#13;<\/p>\n<p class=\"insetTitle\">Clair de Nuit \u00e0 Dambach-la-Ville: six concerts et autant d\u2019univers musicaux<\/p>\n<p>Pur rock, folk, pop ind\u00e9, club-rock\u2026 L\u2019\u00e9dition 2025 de Clair de Nuit, festival des musiques actuelles du Pays de Barr, s\u2019annonce \u00e0 nouveau aussi \u00e9clectique qu\u2019\u00e9lectrisante, du vendredi\u00a027 au dimanche 28\u00a0juillet.\u00a0<a href=\"https:\/\/www.lalsace.fr\/culture-loisirs\/2025\/06\/25\/avec-arts-de-la-rue-et-concerts-c-est-deux-fois-plus-clair\" rel=\"nofollow noopener\" target=\"_blank\">Six concerts gratuits, deux par date<\/a>, rythmeront les soir\u00e9es du beau village m\u00e9di\u00e9val de Dambach-la-Ville.<\/p>\n<p>Le groupe \u00c6ncre l\u00e8vera cette derni\u00e8re vers des horizons celtiques, avant que la place du March\u00e9 ne soit embarqu\u00e9e dans la folie douce et festive, aux accents balkaniques, du Flying Orkestar. Le lendemain, ce sont la guitare et les textes cisel\u00e9s de Daran qui feront vibrer le public, avant que celui-ci ne c\u00e8de \u00e0 la fi\u00e8vre dansante du trio strasbourgeois\u00a0<a href=\"https:\/\/www.lalsace.fr\/culture-loisirs\/2024\/06\/23\/caesaria-un-groupe-mi-belfortain-mi-strasbourgeois-prepare-ses-eurockeennes-a-mulhouse\" rel=\"nofollow noopener\" target=\"_blank\">Caesaria<\/a>, avec un son dans la pure tradition des clubs anglais.<\/p>\n<p>Pour conclure, la pop l\u00e9g\u00e8re et acidul\u00e9e du groupe montant Aoraki pr\u00e9c\u00e9dera le final hommage \u00e0 Texas, \u00e0 travers son tribute band.<\/p>\n<p class=\"note\">Du vendredi\u00a027 au dimanche 28\u00a0juillet, Dambach-la-Ville. Gratuit.\u00a0<a href=\"http:\/\/www.clairdenuit.fr\" rel=\"nofollow noopener\" target=\"_blank\">www.clairdenuit.fr<\/a><\/p>\n<p>                                            <img class=\"placeholder-svg\" loading=\"lazy\" decoding=\"async\" src=\"https:\/\/cdn-files.prsmedia.fr\/files\/REDAC\/images\/svg\/placeholders\/youtube.svg\" alt=\"Youtube PlaceHolder\"\/>               <\/p>\n<p>Ce contenu est bloqu\u00e9 car vous n&rsquo;avez pas accept\u00e9 les cookies et autres traceurs.<\/p>\n<p>En cliquant sur \u00ab J\u2019accepte \u00bb, les cookies et autres traceurs seront d\u00e9pos\u00e9s et vous pourrez visualiser les contenus  (<a href=\"\" class=\"consentModule_policy\" target=\"_blank\" title=\"Consulter la politique de protection des donn\u00e9es du fournisseur\">plus d&rsquo;informations<\/a>).<\/p>\n<p>En cliquant sur \u00ab J\u2019accepte tous les cookies \u00bb, vous autorisez des d\u00e9p\u00f4ts de cookies et autres traceurs pour le stockage de vos donn\u00e9es sur nos sites et applications \u00e0 des fins de personnalisation et de ciblage publicitaire.<\/p>\n<p class=\"consentModule_secondaryText\">Vous gardez la possibilit\u00e9 de retirer votre consentement \u00e0 tout moment en consultant notre <a href=\"https:\/\/www.lalsace.fr\/protection-des-donnees\" target=\"_blank\" title=\"Consulter notre politique de protection des donn\u00e9es\" rel=\"noopener\">politique de protection des donn\u00e9es<\/a>. <br \/>&#13;<br \/>\n            <a href=\"https:\/\/www.lalsace.fr\/culture-loisirs\/2025\/07\/20\/javascript:Didomi.notice.show()\" class=\"consentModule_cmp\" target=\"_blank\" rel=\"noopener\">G\u00e9rer mes choix<\/a>&#13;\n        <\/p>\n<p>&#13;<br \/>\n                        J&rsquo;accepte&#13;<br \/>\n            J&rsquo;accepte tous les cookies&#13;\n        <\/p>\n<p>  Haguenau \u00a0: l\u2019\u00e9co-festival Underground Mountain de retour \u00e0 l\u2019\u00e9tang du Nonnenhof<\/p>\n<p><strong>Le festival Underground Mountain, labellis\u00e9 \u00c9co-manifestations Alsace, revient \u00e0 l\u2019\u00e9tang du Nonnenhof du vendredi\u00a025 au dimanche 27\u00a0juillet pour une 6e \u00e9dition. \u00c0 l\u2019affiche, une programmation \u00e9clectique allant de l\u2019electro aux percussions africaines. Ambiance bienveillante et \u00e9coresponsable garantie par ses organisatrices.<\/strong><\/p>\n<p>    &#13;<br \/>\n    &#13;<br \/>\n    &#13;<br \/>\n    <a href=\"https:\/\/cdn-s-www.lalsace.fr\/images\/e186d67e-8732-4f1b-b6e6-728cc78d5828\/NW_raw\/fin-aout-l-annee-derniere-a-l-etang-du-nonnenhof-la-jeune-association-strasbourgeoise-underground-mountain-avait-accueilli-de-nombreux-artistes-sur-la-scene-realisee-a-partir-de-materiaux-recycles-nouveaute-cette-annee-samedi-apres-midi-26-juillet-un-espace-jeux-sera-dedie-aux-enfants-photo-candid-photographie-1753003195.jpg\" title=\"Fin ao\u00fbt, l\u2019ann\u00e9e derni\u00e8re, \u00e0 l\u2019\u00e9tang du Nonnenhof, la jeune association strasbourgeoise Underground Mountain avait accueilli de nombreux artistes sur la sc\u00e8ne r\u00e9alis\u00e9e \u00e0 partir de mat\u00e9riaux recycl\u00e9s. Nouveaut\u00e9 cette ann\u00e9e\u00a0: samedi apr\u00e8s-midi 26\u00a0juillet, un espace jeux sera d\u00e9di\u00e9 aux enfants.\u00a0Photo\u00a0Candid Photographie\" class=\"chocolat-image GA-tracking\" data-ga_type=\"click\" data-ga_category=\"D\u00e9tail\" data-ga_action=\"zoomer\" data-ga_label=\"aggrandir image\" target=\"_blank\" rel=\"noopener\">&#13;<br \/>\n        <img src=\"https:\/\/www.europesays.com\/fr\/wp-content\/uploads\/2025\/07\/fin-aout-l-annee-derniere-a-l-etang-du-nonnenhof-la-jeune-association-strasbourgeoise-underground-mo.jpeg\"   alt=\"Fin ao\u00fbt, l\u2019ann\u00e9e derni\u00e8re, \u00e0 l\u2019\u00e9tang du Nonnenhof, la jeune association strasbourgeoise Underground Mountain avait accueilli de nombreux artistes sur la sc\u00e8ne r\u00e9alis\u00e9e \u00e0 partir de mat\u00e9riaux recycl\u00e9s. Nouveaut\u00e9 cette ann\u00e9e\u00a0: samedi apr\u00e8s-midi 26\u00a0juillet, un espace jeux sera d\u00e9di\u00e9 aux enfants.\u00a0Photo\u00a0Candid Photographie\" fetchpriority=\"high\" decoding=\"async\" data-mobile=\"NW_listA_M|1753003195\" data-base=\"NW_listA|1753003195\"\/>&#13;<br \/>\n    <\/a>&#13;<\/p>\n<p>Fin ao\u00fbt, l\u2019ann\u00e9e derni\u00e8re, \u00e0 l\u2019\u00e9tang du Nonnenhof, la jeune association strasbourgeoise Underground Mountain avait accueilli de nombreux artistes sur la sc\u00e8ne r\u00e9alis\u00e9e \u00e0 partir de mat\u00e9riaux recycl\u00e9s. Nouveaut\u00e9 cette ann\u00e9e\u00a0: samedi apr\u00e8s-midi 26\u00a0juillet, un espace jeux sera d\u00e9di\u00e9 aux enfants.\u00a0Photo\u00a0Candid Photographie<\/p>\n<p>Ce week-end, l\u2019\u00e9co-festival Underground Mountain accueillera sur sa sc\u00e8ne, fabriqu\u00e9e par les membres de l\u2019association \u00e9ponyme, des artistes alsaciens, lyonnais et marseillais. Vendredi 25\u00a0juillet (de 18\u00a0h \u00e0 1\u00a0h\u00a030), place au disco funk avec le groupe Fonkiture suivi des DJ Gremmlins, D\u2019Jane et \u00d8dass. Le lendemain, de 12\u00a0h \u00e0 4\u00a0h du matin, plusieurs musiciens enflammeront l\u2019\u00e9tang du Nonnenhof\u00a0: N\u2019djigui Faso, la Fanfare des externes et internes de Strasbourg mais aussi les DJ Staary et Mila Dietrich.<\/p>\n<p>                                            <img class=\"placeholder-svg\" loading=\"lazy\" decoding=\"async\" src=\"https:\/\/cdn-files.prsmedia.fr\/files\/REDAC\/images\/svg\/placeholders\/youtube.svg\" alt=\"Youtube PlaceHolder\"\/>               <\/p>\n<p>Ce contenu est bloqu\u00e9 car vous n&rsquo;avez pas accept\u00e9 les cookies et autres traceurs.<\/p>\n<p>En cliquant sur \u00ab J\u2019accepte \u00bb, les cookies et autres traceurs seront d\u00e9pos\u00e9s et vous pourrez visualiser les contenus  (<a href=\"\" class=\"consentModule_policy\" target=\"_blank\" title=\"Consulter la politique de protection des donn\u00e9es du fournisseur\">plus d&rsquo;informations<\/a>).<\/p>\n<p>En cliquant sur \u00ab J\u2019accepte tous les cookies \u00bb, vous autorisez des d\u00e9p\u00f4ts de cookies et autres traceurs pour le stockage de vos donn\u00e9es sur nos sites et applications \u00e0 des fins de personnalisation et de ciblage publicitaire.<\/p>\n<p class=\"consentModule_secondaryText\">Vous gardez la possibilit\u00e9 de retirer votre consentement \u00e0 tout moment en consultant notre <a href=\"https:\/\/www.lalsace.fr\/protection-des-donnees\" target=\"_blank\" title=\"Consulter notre politique de protection des donn\u00e9es\" rel=\"noopener\">politique de protection des donn\u00e9es<\/a>. <br \/>&#13;<br \/>\n            <a href=\"https:\/\/www.lalsace.fr\/culture-loisirs\/2025\/07\/20\/javascript:Didomi.notice.show()\" class=\"consentModule_cmp\" target=\"_blank\" rel=\"noopener\">G\u00e9rer mes choix<\/a>&#13;\n        <\/p>\n<p>&#13;<br \/>\n                        J&rsquo;accepte&#13;<br \/>\n            J&rsquo;accepte tous les cookies&#13;\n        <\/p>\n<p>  &#13;<br \/>\n      <a href=\"https:\/\/cdn-s-www.lalsace.fr\/images\/ea4e91fd-c192-4afa-bdb9-0689d1d154eb\/NW_raw\/photo-candid-photographies-1753003195.jpg\" title=\"Photo Candid Photographies\" class=\"chocolat-image GA-tracking\" data-ga_type=\"click\" data-ga_category=\"D\u00e9tail\" data-ga_action=\"zoomer\" data-ga_label=\"agrandir image\" target=\"_blank\" rel=\"noopener\">&#13;<br \/>\n          <img loading=\"lazy\" decoding=\"async\" src=\"https:\/\/www.europesays.com\/fr\/wp-content\/uploads\/2025\/07\/photo-candid-photographies-1753003195.jpg\" data-mobile=\"NW_listC_M|1753003195\" data-base=\"NW_listC|1753003195\" alt=\"Photo Candid Photographies\"\/>&#13;<br \/>\n      <\/a>&#13;<\/p>\n<p>Photo Candid Photographies<\/p>\n<p>&#13;<\/p>\n<p>  Une empreinte carbone ma\u00eetris\u00e9e<\/p>\n<p>En parall\u00e8le, des stands o\u00f9 d\u00e9nicher de la friperie avec Emma\u00fcs Haguenau, d\u00e9couvrir les bijoux faits de paillettes en plastique recycl\u00e9 par Sosho Studio, cr\u00e9er un sous-bock avec l\u2019association Circul\u2019R de Strasbourg seront propos\u00e9s au public.<\/p>\n<p>Ce contenu est bloqu\u00e9 car vous n&rsquo;avez pas accept\u00e9 les cookies et autres traceurs.<\/p>\n<p>En cliquant sur \u00ab J\u2019accepte \u00bb, les cookies et autres traceurs seront d\u00e9pos\u00e9s et vous pourrez visualiser les contenus  (<a href=\"\" class=\"consentModule_policy\" target=\"_blank\" title=\"Consulter la politique de protection des donn\u00e9es du fournisseur\">plus d&rsquo;informations<\/a>).<\/p>\n<p>En cliquant sur \u00ab J\u2019accepte tous les cookies \u00bb, vous autorisez des d\u00e9p\u00f4ts de cookies et autres traceurs pour le stockage de vos donn\u00e9es sur nos sites et applications \u00e0 des fins de personnalisation et de ciblage publicitaire.<\/p>\n<p class=\"consentModule_secondaryText\">Vous gardez la possibilit\u00e9 de retirer votre consentement \u00e0 tout moment en consultant notre <a href=\"https:\/\/www.lalsace.fr\/protection-des-donnees\" target=\"_blank\" title=\"Consulter notre politique de protection des donn\u00e9es\" rel=\"noopener\">politique de protection des donn\u00e9es<\/a>. <br \/>&#13;<br \/>\n            <a href=\"https:\/\/www.lalsace.fr\/culture-loisirs\/2025\/07\/20\/javascript:Didomi.notice.show()\" class=\"consentModule_cmp\" target=\"_blank\" rel=\"noopener\">G\u00e9rer mes choix<\/a>&#13;\n        <\/p>\n<p>&#13;<br \/>\n                        J&rsquo;accepte&#13;<br \/>\n            J&rsquo;accepte tous les cookies&#13;\n        <\/p>\n<p>    <img class=\"placeholder-svg\" loading=\"lazy\" decoding=\"async\" src=\"https:\/\/cdn-files.prsmedia.fr\/files\/REDAC\/images\/svg\/placeholders\/facebook.svg\" alt=\"Facebook PlaceHolder\"\/><\/p>\n<p>Engag\u00e9es autour de l\u2019\u00e9cologie, Manon Margail et Christelle Fogel, les copr\u00e9sidentes de l\u2019association Underground Mountain, mettent un point d\u2019honneur \u00e0 r\u00e9duire l\u2019empreinte carbone du festival\u00a0: une navette aller-retour pour la gare de Haguenau sera mise en place. Journ\u00e9e off dimanche\u00a0: place \u00e0 la d\u00e9tente autour du point d\u2019eau\u00a0!<\/p>\n<p><strong>Catherine Urtado<\/strong><\/p>\n<p class=\"note\">Etang du Nonennhof, vendredi\u00a025 (de 18 \u00e0 1\u00a0h\u00a030), samedi\u00a026 (de 12\u00a0h \u00e0 4\u00a0h du matin) et dimanche 27\u00a0juillet. Billetterie en ligne\u00a0: <a href=\"https:\/\/www.instagram.com\/underground.mountain\" target=\"_blank\" rel=\"noopener\">Instagram @underground.mountain<\/a>, <a href=\"https:\/\/www.facebook.com\/UndergroundMountainFestival\/\" target=\"_blank\" rel=\"noopener\">page Facebook<\/a>, Helloasso <a href=\"https:\/\/www.helloasso.com\/associations\/underground-mountain\/evenements\/underground-mountain-festival-2025-edition-vi?fbclid=IwY2xjawLpjMRleHRuA2FlbQIxMABicmlkETF3ZzdTbGJ5dXhpRXpGUlVuAR7CtiOhy5P15UdpYlsI-_xqz3OMQxHiFB31Of-HFitHnMYmsJUbRx8PJjz5fA_aem_Mzq3K4P672ihZHkHKbFhpQ\" target=\"_blank\" rel=\"noopener\">Underground-Mountain<\/a>.<br \/>Tarifs\u00a0: de 8 \u00e0 25\u00a0euros. Contact\u00a0: undergroundmountainfestival@gmail.com<\/p>\n<p>  Mulhouse \u00a0: un duo de fl\u00fbte et tambour lance le festival M\u00e9t\u00e9o nomade \u00e0 Wattwiller<\/p>\n<p><strong>En amont de son temps fort mulhousien (du 20 au 23\u00a0ao\u00fbt), <a href=\"https:\/\/www.lalsace.fr\/culture-loisirs\/2025\/07\/11\/musique-le-festival-meteo-se-veut-nomade-et-fait-etape-dans-six-communes-du-sud-alsace\" target=\"_blank\" rel=\"nofollow noopener\">le festival \u201cM\u00e9t\u00e9o nomade\u201d<\/a> &#8211; nouveau nom qui annule et remplace celui de \u201cM\u00e9t\u00e9o campagne\u201d &#8211; joue ses premi\u00e8res notes ce dimanche 27\u00a0juillet \u00e0 Wattwiller avec la fl\u00fbtiste Aline Bissey et le percussionniste Axel Gaudron.<\/strong><\/p>\n<p>    &#13;<br \/>\n    &#13;<br \/>\n    &#13;<br \/>\n    <a href=\"https:\/\/cdn-s-www.lalsace.fr\/images\/90d8e9fd-2ad0-46c1-9ac3-8b4ec80264cd\/NW_raw\/axel-gaudron-au-tambour-et-aline-bissey-a-la-flute-photo-dr-1752685469.jpg\" title=\"Axel Gaudron au tambour et Aline Bissey \u00e0 la fl\u00fbte. Photo\u00a0DR\" class=\"chocolat-image GA-tracking\" data-ga_type=\"click\" data-ga_category=\"D\u00e9tail\" data-ga_action=\"zoomer\" data-ga_label=\"aggrandir image\" target=\"_blank\" rel=\"noopener\">&#13;<br \/>\n        <img src=\"https:\/\/www.europesays.com\/fr\/wp-content\/uploads\/2025\/07\/axel-gaudron-au-tambour-et-aline-bissey-a-la-flute-photo-dr-1752685469.jpg\"   alt=\"Axel Gaudron au tambour et Aline Bissey \u00e0 la fl\u00fbte. Photo\u00a0DR\" fetchpriority=\"high\" decoding=\"async\" data-mobile=\"NW_listA_M|1752685469\" data-base=\"NW_listA|1752685469\"\/>&#13;<br \/>\n    <\/a>&#13;<\/p>\n<p>Axel Gaudron au tambour et Aline Bissey \u00e0 la fl\u00fbte. Photo\u00a0DR<\/p>\n<p>  &#13;<br \/>\n      <a href=\"https:\/\/cdn-s-www.lalsace.fr\/images\/41ca1490-75ca-4310-ba3f-c04b5cc15ec4\/NW_raw\/le-quintet-sud-africain-country-cooking-sera-a-l-affiche-deux-fois-vendredi-15-aout-a-sierentz-(salle-des-fetes)-et-le-lendemain-au-moulin-de-hundsbach-a-20-h-a-chaque-fois-pour-deux-soirees-pleines-de-groove-photo-dr-1752252409.jpg\" title=\"Le quintet sud-africain Country cooking sera \u00e0 l\u2019affiche deux fois, vendredi 15 ao\u00fbt \u00e0 Sierentz (salle des f\u00eates) et le lendemain au moulin de Hundsbach, \u00e0 20 h \u00e0 chaque fois, pour deux soir\u00e9es pleines de groove. Photo Dr\" class=\"chocolat-image GA-tracking\" data-ga_type=\"click\" data-ga_category=\"D\u00e9tail\" data-ga_action=\"zoomer\" data-ga_label=\"agrandir image\" target=\"_blank\" rel=\"noopener\">&#13;<br \/>\n          <img loading=\"lazy\" decoding=\"async\" src=\"https:\/\/www.europesays.com\/fr\/wp-content\/uploads\/2025\/07\/le-quintet-sud-africain-country-cooking-sera-a-l-affiche-deux-fois-vendredi-15-aout-a-sierentz-(sall.jpeg\" data-mobile=\"NW_listC_M|1752252409\" data-base=\"NW_listC|1752252409\" alt=\"Le quintet sud-africain Country cooking sera \u00e0 l\u2019affiche deux fois, vendredi 15 ao\u00fbt \u00e0 Sierentz (salle des f\u00eates) et le lendemain au moulin de Hundsbach, \u00e0 20 h \u00e0 chaque fois, pour deux soir\u00e9es pleines de groove. Photo Dr\"\/>&#13;<br \/>\n      <\/a>&#13;<\/p>\n<p>Le quintet sud-africain Country cooking sera \u00e0 l\u2019affiche deux fois, vendredi 15 ao\u00fbt \u00e0 Sierentz (salle des f\u00eates) et le lendemain au moulin de Hundsbach, \u00e0 20 h \u00e0 chaque fois, pour deux soir\u00e9es pleines de groove. Photo Dr<\/p>\n<p>&#13;<\/p>\n<p>Ce duo se produit r\u00e9guli\u00e8rement dans l\u2019espace public\u00a0: Aline Bissey \u00e0 la fl\u00fbte et Axel Gaudron au tambour \u00e9voquent le style fife and drums, d\u00e9riv\u00e9 du blues traditionnel et des rythmes africains, qui accompagnait les pique-niques familiaux sur le bord du fleuve Mississippi.<\/p>\n<p>Leur musique g\u00e9n\u00e9reuse et populaire rassemble toutes les g\u00e9n\u00e9rations\u00a0: d\u2019ailleurs leur concert est d\u00e9crit comme accessible aux enfants, dans la lign\u00e9e de la s\u00e9rie Bambin bamboche que le festival M\u00e9t\u00e9o propose \u00e0 Mulhouse.<\/p>\n<p>                                            <img class=\"placeholder-svg\" loading=\"lazy\" decoding=\"async\" src=\"https:\/\/cdn-files.prsmedia.fr\/files\/REDAC\/images\/svg\/placeholders\/youtube.svg\" alt=\"Youtube PlaceHolder\"\/>               <\/p>\n<p>Ce contenu est bloqu\u00e9 car vous n&rsquo;avez pas accept\u00e9 les cookies et autres traceurs.<\/p>\n<p>En cliquant sur \u00ab J\u2019accepte \u00bb, les cookies et autres traceurs seront d\u00e9pos\u00e9s et vous pourrez visualiser les contenus  (<a href=\"\" class=\"consentModule_policy\" target=\"_blank\" title=\"Consulter la politique de protection des donn\u00e9es du fournisseur\">plus d&rsquo;informations<\/a>).<\/p>\n<p>En cliquant sur \u00ab J\u2019accepte tous les cookies \u00bb, vous autorisez des d\u00e9p\u00f4ts de cookies et autres traceurs pour le stockage de vos donn\u00e9es sur nos sites et applications \u00e0 des fins de personnalisation et de ciblage publicitaire.<\/p>\n<p class=\"consentModule_secondaryText\">Vous gardez la possibilit\u00e9 de retirer votre consentement \u00e0 tout moment en consultant notre <a href=\"https:\/\/www.lalsace.fr\/protection-des-donnees\" target=\"_blank\" title=\"Consulter notre politique de protection des donn\u00e9es\" rel=\"noopener\">politique de protection des donn\u00e9es<\/a>. <br \/>&#13;<br \/>\n            <a href=\"https:\/\/www.lalsace.fr\/culture-loisirs\/2025\/07\/20\/javascript:Didomi.notice.show()\" class=\"consentModule_cmp\" target=\"_blank\" rel=\"noopener\">G\u00e9rer mes choix<\/a>&#13;\n        <\/p>\n<p>&#13;<br \/>\n                        J&rsquo;accepte&#13;<br \/>\n            J&rsquo;accepte tous les cookies&#13;\n        <\/p>\n<p>  Jusqu\u2019au 17\u00a0ao\u00fbt<\/p>\n<p>Le festival M\u00e9t\u00e9o nomade va se poursuivre jusqu\u2019au 18\u00a0ao\u00fbt. \u00c0 l\u2019affiche\u00a0: le groupe de jazz swing Hot Guys samedi 2\u00a0ao\u00fbt \u00e0 18\u00a0h\u00a030 \u00e0 Bantzenheim (gratuit)\u00a0; la violoncelliste Soizic Lebrat dimanche 3\u00a0ao\u00fbt \u00e0 18\u00a0h \u00e0 l\u2019abbatiale d\u2019Ottmarsheim (gratuit)\u00a0; Mitsaitsaiky, groupe franco-malgache, mercredi 6\u00a0ao\u00fbt \u00e0 19\u00a0h au foyer Sainte-Genevi\u00e8ve \u00e0 Mulhouse et jeudi 7\u00a0ao\u00fbt \u00e0 19\u00a0h\u00a030 au parc Salvator (gratuit)\u00a0; le quintet sud-africain Country Cooking vendredi 15\u00a0ao\u00fbt \u00e0 la salle des f\u00eates de Sierentz et samedi 16\u00a0ao\u00fbt au moulin de Hunsbach \u00e0 20\u00a0h\u00a0; enfin la percussionniste Beatrice Graf lundi 18\u00a0ao\u00fbt d\u00e8s 10\u00a0h pour une balade musicale dans ma ville de Mulhouse (gratuit).<\/p>\n<p class=\"note\">Concert du duo fl\u00fbte et tambour dans les jardins de la fondation Schneider \u00e0 Wattwiller, dimanche 27\u00a0juillet \u00e0 15\u00a0h. Entr\u00e9e \u00e0 la fondation Schneider\u00a0: de 4 \u00e0 8\u00a0\u20ac.\u00a0R\u00e9servation conseill\u00e9e \u2706\u00a003\u00a089\u00a082\u00a010\u00a010.<\/p>\n<p>        &#13;<br \/>\n          <a href=\"https:\/\/cdn-s-www.lalsace.fr\/images\/eeea2db2-e03e-4709-855e-e49cfa18bb27\/NW_raw\/concert-de-dennario-alias-herve-andrione-samedi-26-juillet-2025-a-la-ferme-la-bassette-a-labaroche-dans-le-cadre-des-nocturnes-festives-photo-dr-1752761280.jpg\" title=\"Concert de Dennario, alias Herv\u00e9 Andrione, samedi 26 juillet 2025 \u00e0 la ferme La Bassette \u00e0 Labaroche dans le cadre des Nocturnes festives. Photo Dr\" class=\"chocolat-image GA-tracking\" data-ga_type=\"click\" data-ga_category=\"D\u00e9tail\" data-ga_action=\"zoomer\" data-ga_label=\"agrandir image\" target=\"_blank\" rel=\"noopener\">&#13;<br \/>\n            <img loading=\"lazy\" decoding=\"async\" src=\"https:\/\/www.europesays.com\/fr\/wp-content\/uploads\/2025\/07\/concert-de-dennario-alias-herve-andrione-samedi-26-juillet-2025-a-la-ferme-la-bassette-a-labaroche-d.jpeg\" alt=\"Concert de Dennario, alias Herv\u00e9 Andrione, samedi 26 juillet 2025 \u00e0 la ferme La Bassette \u00e0 Labaroche dans le cadre des Nocturnes festives. Photo Dr\"\/>&#13;<br \/>\n          <\/a>&#13;<br \/>\n          &#13;<\/p>\n<p class=\"insetTitle\">Labaroche : Dennario en solo pour les Nocturnes festives \u00e0 la ferme<\/p>\n<p>La ferme de la Bassette \u00e0 Labaroche propose, depuis 2023, des Nocturnes festives au milieu des animaux et de la nature. Prochain rendez-vous, ce samedi 26\u00a0juillet. L\u2019artiste Dennario, nom de sc\u00e8ne d\u2019Herv\u00e9 Andrione quand il se produit seul, assurera l\u2019ambiance musicale de 18\u00a0h\u00a030 \u00e0 21\u00a0h\u00a030. Et quelle ambiance\u00a0! Il \u00e9crit, compose, arrange, joue et interpr\u00e8te ses propres textes, accompagn\u00e9 de sa guitare folk, de rythmiques organiques ou \u00e9lectroniques (beatbox, drum machine\u2026). Il triture ses sons gr\u00e2ce \u00e0 des claviers et des p\u00e9dales d\u2019effets. Il reprend aussi des chansons connues, dans un style musical proche, de Sting \u00e0 Radiohead en passant par les Beatles, Queens Of The Stone Age ou encore Nina Simone\u2026 Un univers empreint d\u2019\u00e9motions \u00e0 d\u00e9couvrir dans un cadre atypique.<\/p>\n<p>Les exploitants Marianne et Nicolas proposeront une visite guid\u00e9e de la ferme de 16\u00a0h \u00e0 18\u00a0h, des jeux, des balades pr\u00e8s des ch\u00e8vres Angora, moutons d\u2019Ouessant, \u00e2nes et cochons laineux\u2026 Ils ouvriront leur boutique Mohair o\u00f9 sont vendus des tas de produits fabriqu\u00e9s \u00e0 partir de la toison de leurs animaux.<\/p>\n<p class=\"note\">Ferme La Bassette \u00e0 Labaroche, samedi 26\u00a0juillet de 16\u00a0h \u00e0 22\u00a0h, parkings \u00e0 proximit\u00e9, puis compter 5 \u00e0 10 minutes de marche. Pour mieux conna\u00eetre Dennario, son site\u00a0:\u00a0<a href=\"https:\/\/desairsentete.eu\/\" rel=\"nofollow noopener\" target=\"_blank\">https:\/\/desairsentete.eu<\/a><\/p>\n<p>                                                <script async src=\"\/\/www.instagram.com\/embed.js\"><\/script><\/p>\n","protected":false},"excerpt":{"rendered":"Colmar \u00a0: compte \u00e0 rebours lanc\u00e9 pour dix jours de musique \u00e0 la Foire aux vins La Foire&hellip;\n","protected":false},"author":2,"featured_media":261433,"comment_status":"","ping_status":"","sticky":false,"template":"","format":"standard","meta":{"footnotes":""},"categories":[2820],"tags":[1111,11,2389,5065,1687,26192,1777,674,1011,27,775,11642,40116,1634,12,25,640,40117],"class_list":{"0":"post-261432","1":"post","2":"type-post","3":"status-publish","4":"format-standard","5":"has-post-thumbnail","7":"category-strasbourg","8":"tag-actu","9":"tag-actualites","10":"tag-alsace","11":"tag-colmar","12":"tag-culture-loisirs","13":"tag-dambach-la-ville","14":"tag-eu","15":"tag-europe","16":"tag-fr","17":"tag-france","18":"tag-grand-est","19":"tag-haguenau","20":"tag-labaroche","21":"tag-mulhouse","22":"tag-news","23":"tag-republique-francaise","24":"tag-strasbourg","25":"tag-wattwiller"},"share_on_mastodon":{"url":"https:\/\/pubeurope.com\/@fr\/114886459491623218","error":""},"_links":{"self":[{"href":"https:\/\/www.europesays.com\/fr\/wp-json\/wp\/v2\/posts\/261432","targetHints":{"allow":["GET"]}}],"collection":[{"href":"https:\/\/www.europesays.com\/fr\/wp-json\/wp\/v2\/posts"}],"about":[{"href":"https:\/\/www.europesays.com\/fr\/wp-json\/wp\/v2\/types\/post"}],"author":[{"embeddable":true,"href":"https:\/\/www.europesays.com\/fr\/wp-json\/wp\/v2\/users\/2"}],"replies":[{"embeddable":true,"href":"https:\/\/www.europesays.com\/fr\/wp-json\/wp\/v2\/comments?post=261432"}],"version-history":[{"count":0,"href":"https:\/\/www.europesays.com\/fr\/wp-json\/wp\/v2\/posts\/261432\/revisions"}],"wp:featuredmedia":[{"embeddable":true,"href":"https:\/\/www.europesays.com\/fr\/wp-json\/wp\/v2\/media\/261433"}],"wp:attachment":[{"href":"https:\/\/www.europesays.com\/fr\/wp-json\/wp\/v2\/media?parent=261432"}],"wp:term":[{"taxonomy":"category","embeddable":true,"href":"https:\/\/www.europesays.com\/fr\/wp-json\/wp\/v2\/categories?post=261432"},{"taxonomy":"post_tag","embeddable":true,"href":"https:\/\/www.europesays.com\/fr\/wp-json\/wp\/v2\/tags?post=261432"}],"curies":[{"name":"wp","href":"https:\/\/api.w.org\/{rel}","templated":true}]}}