{"id":261453,"date":"2025-07-20T16:26:16","date_gmt":"2025-07-20T16:26:16","guid":{"rendered":"https:\/\/www.europesays.com\/fr\/261453\/"},"modified":"2025-07-20T16:26:16","modified_gmt":"2025-07-20T16:26:16","slug":"cest-toute-une-vie-qui-part-ces-habitants-de-loos-ont-assiste-a-la-destruction-de-la-celebre-tour-kennedy","status":"publish","type":"post","link":"https:\/\/www.europesays.com\/fr\/261453\/","title":{"rendered":"\u00ab\u00a0C&rsquo;est toute une vie qui part\u00a0\u00bb : ces habitants de Loos ont assist\u00e9 \u00e0 la destruction de la c\u00e9l\u00e8bre tour Kennedy"},"content":{"rendered":"<ul class=\"jsx-862013697 ArticleChapo__List\">\n<li class=\"jsx-862013697 ArticleChapo__List_Item flex\">Un b\u00e2timent de 95 m\u00e8tres de haut a \u00e9t\u00e9 d\u00e9truit ce dimanche matin \u00e0 Loos, en banlieue de Lille.<\/li>\n<li class=\"jsx-862013697 ArticleChapo__List_Item flex\">La tour Kennedy, construite en 1968, fut la plus haute au nord de Paris.<\/li>\n<li class=\"jsx-862013697 ArticleChapo__List_Item flex\">Pour les habitants du quartier, c&rsquo;est un pan de leur histoire qui dispara\u00eet.<\/li>\n<\/ul>\n<p><a href=\"https:\/\/www.tf1info.fr\/emissions\/tf1\/jt-we-13h-11424\/\" rel=\"noopener\" class=\"jsx-484472199 Link jsx-1428418400 jsx-640816507\" target=\"_blank\"><\/p>\n<p style=\"font-weight:400\" class=\"jsx-1837267516\">Suivez la couverture compl\u00e8te<\/p>\n<p style=\"font-weight:800\" class=\"jsx-1837267516\">LE WE 13H<\/p>\n<p><\/a><\/p>\n<p data-module=\"article-paragraph\" class=\"jsx-3046738180 Paragraph Paragraph__End\">Trois, deux, un, z\u00e9ro. La tour de 95 m\u00e8tres s&rsquo;effondre dans un grand fracas \u00e0 11h30 pr\u00e9cises, ce dimanche 20 juillet, et est r\u00e9duite \u00e0 n\u00e9ant en quelques secondes. Nous sommes \u00e0 Loos (Nord), au c\u0153ur de la m\u00e9tropole lilloise. Depuis le ciel, on voit un \u00e9pais nuage de poussi\u00e8re recouvrir lentement le quartier. Un spectacle suivi au sol par de nombreux riverains, souvent tr\u00e8s \u00e9mus. \u00ab\u00a0C&rsquo;est \u00e9mouvant, c&rsquo;est un symbole de la vie de Loos, et quand on y a v\u00e9cu, encore plus\u00a0\u00bb, confie une dame dans le reportage de TF1 ci-dessus. \u00ab\u00a0Moi, j&rsquo;ai vu construire la tour, j&rsquo;avais 13 ans \u00e0 l&rsquo;\u00e9poque\u00a0\u00bb, t\u00e9moigne une autre, \u00ab\u00a0c&rsquo;est toute une vie qui part et il y a beaucoup de Loossois qui ont la tristesse au c\u0153ur\u00a0\u00bb.\u00a0<\/p>\n<p>Une tonne d&rsquo;explosifs<\/p>\n<p data-module=\"article-paragraph\" class=\"jsx-3046738180 Paragraph Paragraph__End\">L&rsquo;op\u00e9ration a \u00e9t\u00e9 longuement pr\u00e9par\u00e9e \u00a0en amont. Les r\u00e9sidents de la tour l&rsquo;ont quitt\u00e9 il y a plusieurs mois, et une tonne d&rsquo;explosifs ont \u00e9t\u00e9 install\u00e9s \u00e0 diff\u00e9rents endroits de la tour il y a deux jours. T\u00f4t ce matin, ce sont les 1.500 habitants des immeubles voisins qui ont d\u00fb \u00e9vacuer leur domicile. \u00ab\u00a0C&rsquo;est un jour exceptionnel pour pas mal de monde\u00a0\u00bb, souligne une de ces riveraines.\u00a0<\/p>\n<p><a href=\"https:\/\/www.tf1info.fr\/immobilier\/reportage-video-tout-un-pan-de-vie-qui-s-ecroule-la-destruction-de-trois-immeubles-a-alfortville-emeut-ses-anciens-habitants-2330800.html\" rel=\"noopener\" class=\"jsx-3308031228 Link flex\" target=\"_blank\"><img decoding=\"async\" src=\"https:\/\/www.europesays.com\/fr\/wp-content\/uploads\/2025\/07\/immeubles-detruits-a-alfortville-9874ec-0@1x.jpeg\" alt=\"Immeubles d\u00e9truits \u00e0 Alfortville.\" loading=\"lazy\" importance=\"low\" fetchpriority=\"low\" class=\"\" aria-hidden=\"true\"\/><\/p>\n<p class=\"jsx-3657663356 ReadMoreArticle__Title\">Lire aussi<\/p>\n<p class=\"jsx-3657663356\">\u00ab\u00a0Tout un pan de vie qui s&rsquo;\u00e9croule\u00a0\u00bb : la destruction de trois immeubles \u00e0 Alfortville \u00e9meut ses anciens habitants<\/p>\n<p><\/a><\/p>\n<p data-module=\"article-paragraph\" class=\"jsx-3046738180 Paragraph\">Pourquoi cette d\u00e9molition ? Construite en 1968 dans le quartier des Oliveaux, la tour Kennedy \u00e9tait le plus haut immeuble d&rsquo;habitation au nord de Paris, avec ses 95 m\u00e8tres, ses 28 \u00e9tages, et ses 220 logements. Mais du fait de la pr\u00e9sence d&rsquo;amiante, de probl\u00e8mes d&rsquo;humidit\u00e9 et d&rsquo;accessibilit\u00e9, l&rsquo;\u00e9difice n&rsquo;\u00e9tait plus aux normes.\u00a0<\/p>\n<p data-module=\"article-paragraph\" class=\"jsx-3046738180 Paragraph Paragraph__End\">\u00ab\u00a0Il aurait \u00e9t\u00e9 tr\u00e8s co\u00fbteux de restructurer ces logements, de les r\u00e9habiliter pour des raisons techniques assez \u00e9videntes\u00a0\u00bb, explique Fr\u00e9d\u00e9ric Fouret, directeur g\u00e9n\u00e9ral adjoint de Partenord Habitat, l&rsquo;Office public de l&rsquo;habitat (OPH) du Nord. L&rsquo;\u00e9vacuation des 19.000 tonnes de gravats devrait durer plusieurs mois. Les riverains, eux, regagneront leurs logements dans la journ\u00e9e de dimanche.<\/p>\n<p>La r\u00e9daction de TF1info | Reportage : Francesco DEPAQUIT, Manon DEBUT, Tanguy JOIRE<\/p>\n","protected":false},"excerpt":{"rendered":"Un b\u00e2timent de 95 m\u00e8tres de haut a \u00e9t\u00e9 d\u00e9truit ce dimanche matin \u00e0 Loos, en banlieue de&hellip;\n","protected":false},"author":2,"featured_media":261454,"comment_status":"","ping_status":"","sticky":false,"template":"","format":"standard","meta":{"footnotes":""},"categories":[2815],"tags":[1111,11,1921,1777,674,1011,27,811,1922,40121,1307,12,25,8473,133,26987],"class_list":{"0":"post-261453","1":"post","2":"type-post","3":"status-publish","4":"format-standard","5":"has-post-thumbnail","7":"category-lille","8":"tag-actu","9":"tag-actualites","10":"tag-article-video","11":"tag-eu","12":"tag-europe","13":"tag-fr","14":"tag-france","15":"tag-hauts-de-france","16":"tag-info","17":"tag-le-we-13h","18":"tag-lille","19":"tag-news","20":"tag-republique-francaise","21":"tag-urbanisme-et-amenagement-du-territoire","22":"tag-video","23":"tag-video-logement-et-immobilier"},"share_on_mastodon":{"url":"https:\/\/pubeurope.com\/@fr\/114886500913812315","error":""},"_links":{"self":[{"href":"https:\/\/www.europesays.com\/fr\/wp-json\/wp\/v2\/posts\/261453","targetHints":{"allow":["GET"]}}],"collection":[{"href":"https:\/\/www.europesays.com\/fr\/wp-json\/wp\/v2\/posts"}],"about":[{"href":"https:\/\/www.europesays.com\/fr\/wp-json\/wp\/v2\/types\/post"}],"author":[{"embeddable":true,"href":"https:\/\/www.europesays.com\/fr\/wp-json\/wp\/v2\/users\/2"}],"replies":[{"embeddable":true,"href":"https:\/\/www.europesays.com\/fr\/wp-json\/wp\/v2\/comments?post=261453"}],"version-history":[{"count":0,"href":"https:\/\/www.europesays.com\/fr\/wp-json\/wp\/v2\/posts\/261453\/revisions"}],"wp:featuredmedia":[{"embeddable":true,"href":"https:\/\/www.europesays.com\/fr\/wp-json\/wp\/v2\/media\/261454"}],"wp:attachment":[{"href":"https:\/\/www.europesays.com\/fr\/wp-json\/wp\/v2\/media?parent=261453"}],"wp:term":[{"taxonomy":"category","embeddable":true,"href":"https:\/\/www.europesays.com\/fr\/wp-json\/wp\/v2\/categories?post=261453"},{"taxonomy":"post_tag","embeddable":true,"href":"https:\/\/www.europesays.com\/fr\/wp-json\/wp\/v2\/tags?post=261453"}],"curies":[{"name":"wp","href":"https:\/\/api.w.org\/{rel}","templated":true}]}}