{"id":261455,"date":"2025-07-20T16:27:10","date_gmt":"2025-07-20T16:27:10","guid":{"rendered":"https:\/\/www.europesays.com\/fr\/261455\/"},"modified":"2025-07-20T16:27:10","modified_gmt":"2025-07-20T16:27:10","slug":"un-cadavre-de-dauphin-retrouve-au-port-des-goudes","status":"publish","type":"post","link":"https:\/\/www.europesays.com\/fr\/261455\/","title":{"rendered":"Un cadavre de dauphin retrouv\u00e9 au port des Goudes"},"content":{"rendered":"<p>C&rsquo;est la capitainerie de la Pointe rouge qui a fait la macabre d\u00e9couverte. Durant sa ronde matinale habituelle, ce dimanche 20 juillet, <strong>les agents sont tomb\u00e9s sur un cadavre de dauphin<\/strong>. \u00ab\u00a0C&rsquo;\u00e9tait environ \u00e0 300 m\u00e8tres du port des Goudes, on l&rsquo;a donc ramen\u00e9 l\u00e0-bas, nous explique-t-on \u00e0 la capitainerie. C&rsquo;\u00e9tait pour \u00e9viter qu&rsquo;un bateau l&rsquo;accroche et le tra\u00eene. Et le port des Goudes est plus simple d&rsquo;acc\u00e8s pour les pompiers, au cas o\u00f9 ils auraient eu besoin d&rsquo;intervenir.\u00a0\u00bb<\/p>\n<p>Pr\u00e9venu, l&rsquo;adjoint au maire de Marseille en charge de la biodiversit\u00e9 marine a donc proc\u00e9d\u00e9, un peu apr\u00e8s 14h, au signalement aupr\u00e8s des services d&rsquo;\u00e9quarrissage, qui doivent intervenir dans un d\u00e9lai maximal de 48 heures. \u00ab\u00a0D&rsquo;ici l\u00e0, il faut <strong>immerger le cadavre afin de ralentir sa d\u00e9composition<\/strong>, nous pr\u00e9cise Herv\u00e9 Menchon. Les services v\u00e9t\u00e9rinaires le sortiront de l&rsquo;eau et feront des analyses pour essayer de d\u00e9terminer la cause du d\u00e9c\u00e8s, mais surtout pour s&rsquo;assurer qu&rsquo;il n&rsquo;existe aucun risque sanitaire pour les humains.\u00a0\u00bb<\/p>\n","protected":false},"excerpt":{"rendered":"C&rsquo;est la capitainerie de la Pointe rouge qui a fait la macabre d\u00e9couverte. Durant sa ronde matinale habituelle,&hellip;\n","protected":false},"author":2,"featured_media":261456,"comment_status":"","ping_status":"","sticky":false,"template":"","format":"standard","meta":{"footnotes":""},"categories":[2814],"tags":[17,1111,11,30197,8422,154,1777,674,1011,27,26956,884,12,5159,882,16,25,4256],"class_list":{"0":"post-261455","1":"post","2":"type-post","3":"status-publish","4":"format-standard","5":"has-post-thumbnail","7":"category-marseille","8":"tag-17","9":"tag-actu","10":"tag-actualites","11":"tag-cadavre","12":"tag-dauphin","13":"tag-des","14":"tag-eu","15":"tag-europe","16":"tag-fr","17":"tag-france","18":"tag-goudes","19":"tag-marseille","20":"tag-news","21":"tag-port","22":"tag-provence-alpes-cote-dazur","23":"tag-region","24":"tag-republique-francaise","25":"tag-retrouve"},"share_on_mastodon":{"url":"https:\/\/pubeurope.com\/@fr\/114886504759140692","error":""},"_links":{"self":[{"href":"https:\/\/www.europesays.com\/fr\/wp-json\/wp\/v2\/posts\/261455","targetHints":{"allow":["GET"]}}],"collection":[{"href":"https:\/\/www.europesays.com\/fr\/wp-json\/wp\/v2\/posts"}],"about":[{"href":"https:\/\/www.europesays.com\/fr\/wp-json\/wp\/v2\/types\/post"}],"author":[{"embeddable":true,"href":"https:\/\/www.europesays.com\/fr\/wp-json\/wp\/v2\/users\/2"}],"replies":[{"embeddable":true,"href":"https:\/\/www.europesays.com\/fr\/wp-json\/wp\/v2\/comments?post=261455"}],"version-history":[{"count":0,"href":"https:\/\/www.europesays.com\/fr\/wp-json\/wp\/v2\/posts\/261455\/revisions"}],"wp:featuredmedia":[{"embeddable":true,"href":"https:\/\/www.europesays.com\/fr\/wp-json\/wp\/v2\/media\/261456"}],"wp:attachment":[{"href":"https:\/\/www.europesays.com\/fr\/wp-json\/wp\/v2\/media?parent=261455"}],"wp:term":[{"taxonomy":"category","embeddable":true,"href":"https:\/\/www.europesays.com\/fr\/wp-json\/wp\/v2\/categories?post=261455"},{"taxonomy":"post_tag","embeddable":true,"href":"https:\/\/www.europesays.com\/fr\/wp-json\/wp\/v2\/tags?post=261455"}],"curies":[{"name":"wp","href":"https:\/\/api.w.org\/{rel}","templated":true}]}}