{"id":261457,"date":"2025-07-20T16:28:11","date_gmt":"2025-07-20T16:28:11","guid":{"rendered":"https:\/\/www.europesays.com\/fr\/261457\/"},"modified":"2025-07-20T16:28:11","modified_gmt":"2025-07-20T16:28:11","slug":"marseille-a-t-elle-mauvaise-reputation-pas-pour-les-touristes","status":"publish","type":"post","link":"https:\/\/www.europesays.com\/fr\/261457\/","title":{"rendered":"Marseille a-t-elle mauvaise r\u00e9putation\u00a0? Pas pour les touristes\u00a0!"},"content":{"rendered":"<p>La cit\u00e9 phoc\u00e9enne se sent parfois mal aim\u00e9e et ses d\u00e9fauts trop montr\u00e9s \u00e0 la loupe par ses d\u00e9tracteurs. Mais l&rsquo;attraction touristique que suscite la plus ancienne ville de France aupr\u00e8s des touristes du monde entier pourrait bien la consoler et la rendre encore plus fi\u00e8re d&rsquo;elle-m\u00eame que ce qu&rsquo;elle n&rsquo;est d\u00e9j\u00e0. <\/p>\n<p style=\"text-align: justify;\">Marseille accueille de plus en plus de touristes du monde entier, et ce, malgr\u00e9 une r\u00e9putation consid\u00e9r\u00e9e comme parfois mauvaise et dont souffre la cit\u00e9 phoc\u00e9enne depuis des ann\u00e9es. Depuis le manque de propret\u00e9 dans les rues, jusqu&rsquo;aux r\u00e8glements de compte entre narcotrafiquants des quartiers nord, l&rsquo;\u00e9ventail des aspects n\u00e9gatifs qui pourraient faire fuir les visiteurs est large, cependant, en cette fin de mois de juillet, les touristes sont tr\u00e8s nombreux sur le Vieux-Port. Que viennent-ils chercher ici \u00e0 Marseille ? Quel est leur verdict une fois sur place ?<\/p>\n<p style=\"text-align: justify;\">D\u00e9couvrez leurs r\u00e9actions dans cette vid\u00e9o.<\/p>\n<p style=\"text-align: justify;\">\u00a0<\/p>\n<p style=\"text-align: justify;\">\n<p style=\"text-align: justify;\">(Interviews, images et montage : R\u00e9my Reponty pour Maritima M\u00e9dias.)<\/p>\n<p style=\"text-align: justify;\">\u00a0<\/p>\n<p style=\"text-align: justify;\">Marqu\u00e9e par les Jeux Olympiques, la saison touristique 2024 avait augment\u00e9 de pr\u00e8s de 20 % son nombre de nuit\u00e9es touristiques \u00e0 Marseille par rapport \u00e0 2023, en d\u00e9passant les 19 millions. Aux touristes de d\u00e9cider si Marseille, quelle que soit sa r\u00e9putation, pourra battre ce record en 2025.<\/p>\n","protected":false},"excerpt":{"rendered":"La cit\u00e9 phoc\u00e9enne se sent parfois mal aim\u00e9e et ses d\u00e9fauts trop montr\u00e9s \u00e0 la loupe par ses&hellip;\n","protected":false},"author":2,"featured_media":261458,"comment_status":"","ping_status":"","sticky":false,"template":"","format":"standard","meta":{"footnotes":""},"categories":[2814],"tags":[1111,11,26028,1777,674,1011,27,13461,884,12,882,25,40122,602],"class_list":{"0":"post-261457","1":"post","2":"type-post","3":"status-publish","4":"format-standard","5":"has-post-thumbnail","7":"category-marseille","8":"tag-actu","9":"tag-actualites","10":"tag-attractivite","11":"tag-eu","12":"tag-europe","13":"tag-fr","14":"tag-france","15":"tag-frequentation","16":"tag-marseille","17":"tag-news","18":"tag-provence-alpes-cote-dazur","19":"tag-republique-francaise","20":"tag-reputation","21":"tag-tourisme"},"share_on_mastodon":{"url":"https:\/\/pubeurope.com\/@fr\/114886508795475614","error":""},"_links":{"self":[{"href":"https:\/\/www.europesays.com\/fr\/wp-json\/wp\/v2\/posts\/261457","targetHints":{"allow":["GET"]}}],"collection":[{"href":"https:\/\/www.europesays.com\/fr\/wp-json\/wp\/v2\/posts"}],"about":[{"href":"https:\/\/www.europesays.com\/fr\/wp-json\/wp\/v2\/types\/post"}],"author":[{"embeddable":true,"href":"https:\/\/www.europesays.com\/fr\/wp-json\/wp\/v2\/users\/2"}],"replies":[{"embeddable":true,"href":"https:\/\/www.europesays.com\/fr\/wp-json\/wp\/v2\/comments?post=261457"}],"version-history":[{"count":0,"href":"https:\/\/www.europesays.com\/fr\/wp-json\/wp\/v2\/posts\/261457\/revisions"}],"wp:featuredmedia":[{"embeddable":true,"href":"https:\/\/www.europesays.com\/fr\/wp-json\/wp\/v2\/media\/261458"}],"wp:attachment":[{"href":"https:\/\/www.europesays.com\/fr\/wp-json\/wp\/v2\/media?parent=261457"}],"wp:term":[{"taxonomy":"category","embeddable":true,"href":"https:\/\/www.europesays.com\/fr\/wp-json\/wp\/v2\/categories?post=261457"},{"taxonomy":"post_tag","embeddable":true,"href":"https:\/\/www.europesays.com\/fr\/wp-json\/wp\/v2\/tags?post=261457"}],"curies":[{"name":"wp","href":"https:\/\/api.w.org\/{rel}","templated":true}]}}