{"id":261460,"date":"2025-07-20T16:30:11","date_gmt":"2025-07-20T16:30:11","guid":{"rendered":"https:\/\/www.europesays.com\/fr\/261460\/"},"modified":"2025-07-20T16:30:11","modified_gmt":"2025-07-20T16:30:11","slug":"la-ville-de-lyon-decroche-la-5e-etoile-du-label-climat-air-energie","status":"publish","type":"post","link":"https:\/\/www.europesays.com\/fr\/261460\/","title":{"rendered":"La Ville de Lyon d\u00e9croche la 5e \u00e9toile du label climat-air-\u00e9nergie"},"content":{"rendered":"<p>La Ville de Lyon rejoint 23 autres collectivit\u00e9s fran\u00e7aises en obtenant la 5e \u00e9toile du label Climat-Air-Energie. Une distinction qui vient saluer les politiques men\u00e9es par la Ville en mati\u00e8re de climat, de qualit\u00e9 de l\u2019air et d\u2019\u00e9nergie.<br \/>Elle avait d\u00e9j\u00e0 obtenu 3 \u00e9toiles en 2015, puis 4 \u00e9toiles en 2019.<\/p>\n<p>Cette 5\u00e8me \u00e9toile a \u00e9t\u00e9 attribu\u00e9 apr\u00e8s un audit conduit dans le cadre du programme Territoire Engag\u00e9 pour la Transition Ecologique pilot\u00e9 par l\u2019ADEME. Alors que la neutralit\u00e9 carbone est vis\u00e9e \u00e0 l\u2019horizon 2030, la Ville a mis en place quelques actions pour le climat depuis plusieurs ann\u00e9es.<\/p>\n<p>Parmi elles, la mise en \u0153uvre d\u2019un 3e Plan Lumi\u00e8re pour limiter la pollution lumineuse. Depuis 2020, la consommation \u00e9lectrique de l\u2019\u00e9clairage urbain a \u00e9t\u00e9 r\u00e9duite de plus de 60%. Du c\u00f4t\u00e9 de la nature en ville, la Ville de Lyon se fixe l\u2019objectif de 100 000 arbres publics plant\u00e9s d\u2019ici 2030.<\/p>\n<p>Enfin, en 2023, une assembl\u00e9e a \u00e9t\u00e9 cr\u00e9\u00e9e, rassemblant environ 180 structures repr\u00e9sentatives de la biodiversit\u00e9 des acteurs du territoire. Elle a mat\u00e9rialis\u00e9 une vision collective via l\u2019\u00e9laboration du Pacte climat Lyon 2030 pour relever le d\u00e9fi climatique \u00e0 Lyon.<\/p>\n<p><strong>Une reconnaissance nationale, mais aussi europ\u00e9enne<\/strong><\/p>\n<p>Labellis\u00e9e au niveau national 5 \u00e9toiles, la Ville de Lyon peut maintenant pr\u00e9tendre \u00e0 une double reconnaissance nationale et europ\u00e9enne. Pour cela, elle attend l\u2019examen, pr\u00e9vu en septembre 2025, de son dossier par une commission au niveau europ\u00e9en pour la reconnaissance \u00ab\u00a0Gold\u00a0\u00bb de l\u2019European Energy Award.<\/p>\n<p>De son c\u00f4t\u00e9, la M\u00e9tropole de Lyon a \u00e9galement obtenu le niveau 5 \u00e9toiles du label CAE, avec un audit r\u00e9alis\u00e9 simultan\u00e9ment \u00e0 celui de la Ville de Lyon. Elle devrait aussi \u00eatre r\u00e9compens\u00e9e \u00e0 l\u2019\u00e9chelle europ\u00e9enne en septembre.<\/p>\n<p>\u00ab\u00a0Cette reconnaissance nationale et europ\u00e9enne est une grande fiert\u00e9 pour la Ville de Lyon ; elle t\u00e9moigne de l\u2019engagement de notre collectivit\u00e9 \u00e0 relever le d\u00e9fi climatique pour la sant\u00e9 de toutes et tous. Merci \u00e0 tous les agents pour le travail accompli !\u00a0\u00bb, s\u2019est r\u00e9joui Sylvain Godinot, adjoint au maire d\u00e9l\u00e9gu\u00e9 \u00e0 la Transition \u00e9cologique et au patrimoine.<\/p>\n<p>La Ville de Lyon compte bien consolider ses efforts, notamment via la Strat\u00e9gie de Transition \u00c9cologique du Patrimoine (STEP) et le d\u00e9veloppement des \u00e9nergies renouvelables.<\/p>\n","protected":false},"excerpt":{"rendered":"La Ville de Lyon rejoint 23 autres collectivit\u00e9s fran\u00e7aises en obtenant la 5e \u00e9toile du label Climat-Air-Energie. Une&hellip;\n","protected":false},"author":2,"featured_media":261461,"comment_status":"","ping_status":"","sticky":false,"template":"","format":"standard","meta":{"footnotes":""},"categories":[1889],"tags":[1111,11,2813,2190,2430,1109,251,1112,2811,1777,674,118,1011,27,1922,1110,1114,2428,2810,12,241,316,25,2812,517,800],"class_list":{"0":"post-261460","1":"post","2":"type-post","3":"status-publish","4":"format-standard","5":"has-post-thumbnail","7":"category-lyon","8":"tag-actu","9":"tag-actualites","10":"tag-article","11":"tag-asvel","12":"tag-auvergne-rhone-alpes","13":"tag-breves","14":"tag-culture","15":"tag-depeches","16":"tag-economique","17":"tag-eu","18":"tag-europe","19":"tag-faits-divers","20":"tag-fr","21":"tag-france","22":"tag-info","23":"tag-informations","24":"tag-infos","25":"tag-lyon","26":"tag-lyonmag","27":"tag-news","28":"tag-ol","29":"tag-politique","30":"tag-republique-francaise","31":"tag-sociale","32":"tag-sport","33":"tag-transports"},"share_on_mastodon":{"url":"https:\/\/pubeurope.com\/@fr\/114886516479599716","error":""},"_links":{"self":[{"href":"https:\/\/www.europesays.com\/fr\/wp-json\/wp\/v2\/posts\/261460","targetHints":{"allow":["GET"]}}],"collection":[{"href":"https:\/\/www.europesays.com\/fr\/wp-json\/wp\/v2\/posts"}],"about":[{"href":"https:\/\/www.europesays.com\/fr\/wp-json\/wp\/v2\/types\/post"}],"author":[{"embeddable":true,"href":"https:\/\/www.europesays.com\/fr\/wp-json\/wp\/v2\/users\/2"}],"replies":[{"embeddable":true,"href":"https:\/\/www.europesays.com\/fr\/wp-json\/wp\/v2\/comments?post=261460"}],"version-history":[{"count":0,"href":"https:\/\/www.europesays.com\/fr\/wp-json\/wp\/v2\/posts\/261460\/revisions"}],"wp:featuredmedia":[{"embeddable":true,"href":"https:\/\/www.europesays.com\/fr\/wp-json\/wp\/v2\/media\/261461"}],"wp:attachment":[{"href":"https:\/\/www.europesays.com\/fr\/wp-json\/wp\/v2\/media?parent=261460"}],"wp:term":[{"taxonomy":"category","embeddable":true,"href":"https:\/\/www.europesays.com\/fr\/wp-json\/wp\/v2\/categories?post=261460"},{"taxonomy":"post_tag","embeddable":true,"href":"https:\/\/www.europesays.com\/fr\/wp-json\/wp\/v2\/tags?post=261460"}],"curies":[{"name":"wp","href":"https:\/\/api.w.org\/{rel}","templated":true}]}}