{"id":261462,"date":"2025-07-20T16:32:08","date_gmt":"2025-07-20T16:32:08","guid":{"rendered":"https:\/\/www.europesays.com\/fr\/261462\/"},"modified":"2025-07-20T16:32:08","modified_gmt":"2025-07-20T16:32:08","slug":"anniversaire-du-metro-coups-de-feu-de-policiers-navette-les-infos-du-week-end-en-ile-de-france","status":"publish","type":"post","link":"https:\/\/www.europesays.com\/fr\/261462\/","title":{"rendered":"Anniversaire du m\u00e9tro, coups de feu de policiers, navette&#8230; Les infos du week-end en \u00cele-de-France"},"content":{"rendered":"<p>            Par<br \/>\n        <strong><br \/>\n            <a href=\"https:\/\/actu.fr\/auteur\/antoine-grotteria02\" title=\"Consulter tous les articles de Antoine Grotteria\" target=\"_blank\" rel=\"noopener\">Antoine Grotteria<\/a><br \/>\n        <\/strong><\/p>\n<p>        Publi\u00e9 le<\/p>\n<p>            20 juil. 2025 \u00e0 18h16        <\/p>\n<p>Il y a 125\u00a0ans, <a href=\"https:\/\/actu.fr\/paris\/\" target=\"_blank\" rel=\"noopener\">Paris<\/a> changeait \u00e0 tout jamais. Ce samedi 19\u00a0juillet 2025, la <a href=\"https:\/\/actu.fr\/tag\/ratp\" target=\"_blank\" rel=\"noopener\">RATP<\/a> a officiellement appos\u00e9 une plaque \u00e0 la station de la <strong>porte Maillot<\/strong>, l\u2019une des premi\u00e8res \u00e0 avoir vu le jour sur la <strong>ligne 1<\/strong>. Cette date n\u2019a pas \u00e9t\u00e9 choisie au hasard. Il s\u2019agit de la mise en service du <strong>premier tron\u00e7on<\/strong> menant les Parisiens jusqu\u2019\u00e0 la porte de Vincennes, le <strong>19\u00a0juillet 1900<\/strong>.<\/p>\n<p class=\" wall-content\">C\u2019est l\u2019une des <strong>principales informations<\/strong> de ce week-end. Pour le reste, actu Paris fait le point.<\/p>\n<p class=\" wall-content\"><strong>Les infos marquantes du week-end \u00e0 Paris et en \u00cele-de-France<\/strong><\/p>\n<p class=\" wall-content\"><strong>Paris. <\/strong><a title=\"Lire l&#039;article\" href=\"https:\/\/actu.fr\/ile-de-france\/paris_75056\/ratp-paris-une-plaque-celebrant-les-125-ans-du-premier-metro-apposee-a-la-porte-maillot_62933093.html\" target=\"_blank\" rel=\"noopener\"><strong>RATP. Paris\u2009: une plaque c\u00e9l\u00e9brant les 125\u00a0ans du premier m\u00e9tro appos\u00e9e \u00e0 la porte Maillot<\/strong><\/a><br \/>En 1900, la porte Maillot (17e) accueillait les premiers voyageurs du m\u00e9tro parisien. Cent vingt-cinq ans plus tard, une plaque a \u00e9t\u00e9 inaugur\u00e9e dans cette station de la ligne 1.<\/p>\n<p class=\" wall-content\"><strong>Val-de-Marne. <\/strong><a title=\"Lire l&#039;article\" href=\"https:\/\/actu.fr\/ile-de-france\/arcueil_94003\/val-de-marne-la-police-ouvre-le-feu-sur-un-conducteur-qui-refuse-de-se-soumettre-a-un-controle_62933978.html\" target=\"_blank\" rel=\"noopener\"><strong>Val-de-Marne\u2009: la police ouvre le feu sur un conducteur qui refuse de se soumettre \u00e0 un contr\u00f4le<\/strong><\/a><br \/>Dans la nuit du vendredi\u00a018 au samedi 19\u00a0juillet, des policiers ont fait usage de leur arme apr\u00e8s le refus d\u2019obtemp\u00e9rer d\u2019un conducteur \u00e0 Arcueil. Ce dernier a pris la fuite.<\/p>\n<p class=\" wall-content\"><strong>Hauts-de-Seine. <\/strong><a title=\"Lire l&#039;article\" href=\"https:\/\/actu.fr\/ile-de-france\/nanterre_92050\/louise-gabriel-mais-aussi-orion-youssra-et-rosalie-les-prenoms-donnes-en-2024-dans-les-hauts-de-seine_62926890.html\" target=\"_blank\" rel=\"noopener\"><strong>Louise, Gabriel mais aussi Orion, Youssra et Rosalie\u2026 Les pr\u00e9noms donn\u00e9s en 2024 dans les Hauts-de-Seine<\/strong><\/a><br \/>Quels sont les pr\u00e9noms les plus donn\u00e9s en 2024 dans les Hauts-de-Seine\u2009? Mais quels sont, \u00e9galement, ceux les moins r\u00e9pandus\u2009?<\/p>\n<p>Vid\u00e9os : en ce moment sur Actu<\/p>\n<p class=\" wall-content\"><strong>Seine-Saint-Denis. <\/strong><a title=\"Lire l&#039;article\" href=\"https:\/\/actu.fr\/ile-de-france\/l-ile-saint-denis_93039\/interruption-du-tramway-t1-une-navette-mise-en-place-pour-mieux-desservir-l-ile-saint-denis_62930909.html\" target=\"_blank\" rel=\"noopener\"><strong>Interruption du tramway T1\u2009: une navette mise en place pour mieux desservir L\u2019\u00cele-Saint-Denis<\/strong><\/a><br \/>Alors que la fermeture du pont de L\u2019\u00cele-Saint-Denis est partie pour durer encore un an, la RATP annonce la mise en place de navettes lundi 21\u00a0juillet 2025 pour desservir la ville.<\/p>\n<p class=\" wall-content\"><strong>Essonne. <\/strong><a title=\"Lire l&#039;article\" href=\"https:\/\/actu.fr\/cinema\/essonne-des-figurants-recherches-pour-le-tournage-d-un-film-avec-catherine-deneuve-et-eddy-de-pretto_62921414.html\" target=\"_blank\" rel=\"noopener\"><strong>Essonne\u2009: des figurants recherch\u00e9s pour le tournage d\u2019un film avec Catherine Deneuve et Eddy de Pretto<\/strong><\/a><br \/>Pour le tournage d\u2019un film tir\u00e9 du roman graphique \u00ab\u2009Peau d\u2019homme\u2009\u00bb, la production cherche des figurants disponibles un mois dans le sud de l\u2019Essonne pour tourner avec des stars.<\/p>\n<p class=\" wall-content\"><strong>Seine-et-Marne. <\/strong><a title=\"Lire l&#039;article\" href=\"https:\/\/actu.fr\/ile-de-france\/lesigny_77249\/memoire-vivante-dune-ville-de-seine-et-marne-cette-eglise-sera-bientot-renovee_62934331.html\" target=\"_blank\" rel=\"noopener\"><strong>M\u00e9moire vivante d\u2019une ville de Seine-et-Marne, cette \u00e9glise sera bient\u00f4t r\u00e9nov\u00e9e<\/strong><\/a><br \/>Apr\u00e8s la campagne de r\u00e9novation de 1998, la ville de L\u00e9signy lance un projet de r\u00e9novation de son \u00e9glise pour rendre accessible l\u2019\u00e9difice, class\u00e9 monument historique depuis 1908.<\/p>\n<p class=\" wall-content\"><strong>Val-d\u2019Oise. <\/strong><a title=\"Lire l&#039;article\" href=\"https:\/\/actu.fr\/ile-de-france\/magny-en-vexin_95355\/dans-le-val-doise-des-garagistes-sopposent-a-limplantation-de-lenseigne-norauto_62933095.html\" target=\"_blank\" rel=\"noopener\"><strong>Dans le Val-d\u2019Oise, des garagistes s\u2019opposent \u00e0 l\u2019implantation de l\u2019enseigne Norauto<\/strong><\/a><br \/>Seize professionnels de la r\u00e9paration automobile pr\u00e9sents \u00e0 Magny-en-Vexin (Val-d\u2019Oise) manifestent leur opposition \u00e0 l\u2019implantation de l\u2019enseigne Norauto.<\/p>\n<p class=\" wall-content\"><strong>Yvelines. <\/strong><a title=\"Lire l&#039;article\" href=\"https:\/\/actu.fr\/ile-de-france\/aigremont_78007\/epuise-par-les-procedures-judiciaires-a-repetition-samy-benoudiz-le-maire-daigremont-jette-leponge_62932821.html\" target=\"_blank\" rel=\"noopener\"><strong>\u00c9puis\u00e9 par les proc\u00e9dures judiciaires \u00e0 r\u00e9p\u00e9tition, Samy Benoudiz, le maire d\u2019Aigremont, jette l\u2019\u00e9ponge<\/strong><\/a><br \/>Alors que les proc\u00e9dures judiciaires se sont encha\u00een\u00e9es contre lui et la municipalit\u00e9, Samy Benoudiz, maire d\u2019Aigremont (Yvelines), a d\u00e9missionn\u00e9 ce jeudi 17\u00a0juillet 2025.<\/p>\n<p class=\" wall-content\"><strong>Suivez-nous pour en savoir plus\u2009!<\/strong><\/p>\n<p class=\" wall-content\">Paris\u2009: retrouvez\u00a0actu Paris\u00a0sur\u00a0<a href=\"https:\/\/www.facebook.com\/actufr.paris\/\" target=\"_blank\" rel=\"noopener\">Facebook\u00a0<\/a>et\u00a0<a href=\"https:\/\/x.com\/actufrparis\">Twitter\u2009<\/a>;<br \/>Seine-et-Marne\u2009: retrouvez\u00a0La R\u00e9publique de Seine-et-Marne (sud) sur\u00a0<a href=\"https:\/\/www.facebook.com\/RepubliqueSeineMarne\/\" target=\"_blank\" rel=\"noopener\">Facebook\u00a0<\/a>et\u00a0<a href=\"https:\/\/x.com\/JournalLaMarne\">Twitter\u2009<\/a>; La Marne (nord) sur\u00a0<a href=\"https:\/\/www.facebook.com\/RepubliqueSeineMarne\/\" target=\"_blank\" rel=\"noopener\">Facebook\u00a0<\/a>et\u00a0<a href=\"https:\/\/x.com\/JournalLaMarne\">Twitter\u2009<\/a>; et\u00a0Le Pays Briard\u00a0sur\u00a0<a href=\"https:\/\/www.facebook.com\/LePaysBriard\/?ref=bookmarks\" target=\"_blank\" rel=\"noopener\">Facebook\u00a0<\/a>et\u00a0<a href=\"https:\/\/x.com\/LePaysBriard\">Twitter\u2009<\/a>;<br \/>Yvelines\u2009: retrouvez\u00a078actu\u00a0sur\u00a0<a href=\"https:\/\/www.facebook.com\/78actu?locale=fr_FR\" target=\"_blank\" rel=\"noopener\">Facebook\u00a0<\/a>et\u00a0<a href=\"https:\/\/x.com\/78actu\">Twitter\u2009<\/a>;<br \/>Essonne\u2009: retrouvez\u00a0actu Essonne\u00a0sur\u00a0<a href=\"https:\/\/www.facebook.com\/actuessonne\/?ref=br_rs\" target=\"_blank\" rel=\"noopener\">Facebook\u00a0<\/a>et\u00a0<a href=\"https:\/\/x.com\/ActuEssonne\">Twitter\u2009<\/a>;<br \/>Hauts-de-Seine\u2009: retrouvez\u00a0actu Hauts-de-Seine\u00a0sur\u00a0<a href=\"https:\/\/www.facebook.com\/actufr.hautsdeseine\/\" target=\"_blank\" rel=\"noopener\">Facebook\u00a0<\/a>et\u00a0<a href=\"https:\/\/x.com\/actufr92\">Twitter\u2009<\/a>;<br \/>Seine-Saint-Denis\u2009: retrouvez\u00a0actu Seine-Saint-Denis\u00a0sur\u00a0<a href=\"https:\/\/www.facebook.com\/actu94.valdemarne\/\" target=\"_blank\" rel=\"noopener\">Facebook\u00a0<\/a>et\u00a0<a href=\"https:\/\/x.com\/actufr93\">Twitter\u2009<\/a>;<br \/>Val-de-Marne\u2009: retrouvez\u00a0actu Val-de-Marne\u00a0sur\u00a0<a href=\"https:\/\/www.facebook.com\/actu94.valdemarne\/\" target=\"_blank\" rel=\"noopener\">Facebook\u00a0<\/a>et\u00a0Twitter\u2009;<br \/>Val-d\u2019Oise\u2009: retrouvez\u00a0La Gazette du Val-d\u2019Oise\u00a0sur\u00a0<a href=\"https:\/\/www.facebook.com\/lagazetteduvaldoise\/\" target=\"_blank\" rel=\"noopener\">Facebook<\/a>.<\/p>\n<p class=\" wall-content\">Suivez toute l\u2019actualit\u00e9 de vos villes et m\u00e9dias favoris en vous inscrivant \u00e0 <a href=\"https:\/\/moncompte.actu.fr\" title=\"D\u00e9couvez Mon Actu\" rel=\"nofollow noopener\" data-trk=\"{&quot;cta&quot;:{&quot;action&quot;:&quot;https:\\\/\\\/moncompte.actu.fr&quot;,&quot;category&quot;:&quot;mon compte&quot;,&quot;from&quot;:&quot;article footer&quot;,&quot;name&quot;:&quot;Mon actu&quot;,&quot;type&quot;:&quot;cta&quot;}}\" target=\"_blank\">Mon Actu<\/a>.<\/p>\n","protected":false},"excerpt":{"rendered":"Par Antoine Grotteria Publi\u00e9 le 20 juil. 2025 \u00e0 18h16 Il y a 125\u00a0ans, Paris changeait \u00e0 tout&hellip;\n","protected":false},"author":2,"featured_media":261463,"comment_status":"","ping_status":"","sticky":false,"template":"","format":"standard","meta":{"footnotes":""},"categories":[1592],"tags":[1111,11,1777,674,1011,27,662,4047,12,626,1072,25,104],"class_list":{"0":"post-261462","1":"post","2":"type-post","3":"status-publish","4":"format-standard","5":"has-post-thumbnail","7":"category-ile-de-france","8":"tag-actu","9":"tag-actualites","10":"tag-eu","11":"tag-europe","12":"tag-fr","13":"tag-france","14":"tag-ile-de-france","15":"tag-metro","16":"tag-news","17":"tag-paris","18":"tag-police","19":"tag-republique-francaise","20":"tag-societe"},"share_on_mastodon":{"url":"https:\/\/pubeurope.com\/@fr\/114886524527092503","error":""},"_links":{"self":[{"href":"https:\/\/www.europesays.com\/fr\/wp-json\/wp\/v2\/posts\/261462","targetHints":{"allow":["GET"]}}],"collection":[{"href":"https:\/\/www.europesays.com\/fr\/wp-json\/wp\/v2\/posts"}],"about":[{"href":"https:\/\/www.europesays.com\/fr\/wp-json\/wp\/v2\/types\/post"}],"author":[{"embeddable":true,"href":"https:\/\/www.europesays.com\/fr\/wp-json\/wp\/v2\/users\/2"}],"replies":[{"embeddable":true,"href":"https:\/\/www.europesays.com\/fr\/wp-json\/wp\/v2\/comments?post=261462"}],"version-history":[{"count":0,"href":"https:\/\/www.europesays.com\/fr\/wp-json\/wp\/v2\/posts\/261462\/revisions"}],"wp:featuredmedia":[{"embeddable":true,"href":"https:\/\/www.europesays.com\/fr\/wp-json\/wp\/v2\/media\/261463"}],"wp:attachment":[{"href":"https:\/\/www.europesays.com\/fr\/wp-json\/wp\/v2\/media?parent=261462"}],"wp:term":[{"taxonomy":"category","embeddable":true,"href":"https:\/\/www.europesays.com\/fr\/wp-json\/wp\/v2\/categories?post=261462"},{"taxonomy":"post_tag","embeddable":true,"href":"https:\/\/www.europesays.com\/fr\/wp-json\/wp\/v2\/tags?post=261462"}],"curies":[{"name":"wp","href":"https:\/\/api.w.org\/{rel}","templated":true}]}}