{"id":261465,"date":"2025-07-20T16:34:11","date_gmt":"2025-07-20T16:34:11","guid":{"rendered":"https:\/\/www.europesays.com\/fr\/261465\/"},"modified":"2025-07-20T16:34:11","modified_gmt":"2025-07-20T16:34:11","slug":"paris-700-voitures-depoque-dans-les-rues-de-la-capitale-aujourdhui","status":"publish","type":"post","link":"https:\/\/www.europesays.com\/fr\/261465\/","title":{"rendered":"Paris : 700 voitures d&rsquo;\u00e9poque dans les rues de la capitale aujourd&rsquo;hui"},"content":{"rendered":"<ul class=\"jsx-862013697 ArticleChapo__List\">\n<li class=\"jsx-862013697 ArticleChapo__List_Item flex\">Quelque 700 v\u00e9hicules de plus de 30 ans se r\u00e9unissent \u00e0 Paris pour traverser la capitale dimanche 20 juillet.<\/li>\n<li class=\"jsx-862013697 ArticleChapo__List_Item flex\">Une r\u00e9union annuelle de passionn\u00e9s de l&rsquo;automobile d&rsquo;\u00e9poque.<\/li>\n<li class=\"jsx-862013697 ArticleChapo__List_Item flex\">Les participants venus de toute l&rsquo;Europe sont partis de Vincennes jusqu&rsquo;\u00e0 Meudon.<\/li>\n<\/ul>\n<p><a href=\"https:\/\/www.tf1info.fr\/emissions\/lci\/les-matins-lci-week-end-11276\/\" rel=\"noopener\" class=\"jsx-484472199 Link jsx-1428418400 jsx-640816507\" target=\"_blank\"><\/p>\n<p style=\"font-weight:400\" class=\"jsx-1837267516\">Suivez la couverture compl\u00e8te<\/p>\n<p style=\"font-weight:800\" class=\"jsx-1837267516\">Les Matins LCI &#8211; Week-end<\/p>\n<p><\/a><\/p>\n<p data-module=\"article-paragraph\" class=\"jsx-3046738180 Paragraph Paragraph__End\">Les passionn\u00e9s de voitures anciennes en <a href=\"https:\/\/www.tf1info.fr\/sante\/video-ile-de-france-lci-en-immersion-au-centre-de-formation-des-operateurs-du-samu-2383448.html\" target=\"_blank\" rel=\"noopener\">\u00cele-de-France<\/a> en auront eu plein les yeux. Plus de 700 v\u00e9hicules de plus de 30 ans \u00e9taient attendus ce dimanche 20 juillet pour la 18e travers\u00e9e de Paris estivale. Des collectionneurs et enthousiastes de l&rsquo;automobile, de tracteurs ou encore de moto d&rsquo;\u00e9poque venus de toute l&rsquo;Europe : la France, l&rsquo;<a href=\"https:\/\/www.tf1info.fr\/sport\/football-on-arrive-pas-a-y-croire-le-reve-brise-des-bleues-eliminees-par-l-allemagne-a-l-euro-2025-2383924.html\" target=\"_blank\" rel=\"noopener\">Allemagne<\/a>, la Belgique, la Hongrie, l&rsquo;Irlande, le Luxembourg, les Pays-Bas, le <a href=\"https:\/\/www.tf1info.fr\/international\/video-reportage-gaspillage-alimentaire-la-tres-bonne-idee-de-la-plus-grosse-chaine-de-supermarches-du-royaume-uni-2383579.html\" target=\"_blank\" rel=\"noopener\">Royaume-Uni<\/a> ou encore la Suisse. Au total, des participants venus de onze pays diff\u00e9rents. Des images de ce patrimoine roulant sont disponibles dans la vid\u00e9o en t\u00eate de cet article.<\/p>\n<p data-module=\"article-paragraph\" class=\"jsx-3046738180 Paragraph Paragraph__End\">Pour cette travers\u00e9e de Paris, les voitures ont suivi un parcours allant de Vincennes \u00e0 Meudon, pour un total de 30 kilom\u00e8tres. Le convoi est ainsi pass\u00e9 par le Bois de Vincennes, la rive gauche puis le Bois de Boulogne. Les v\u00e9hicules ont ensuite converg\u00e9 \u00e0 la Terrasse de l&rsquo;Observatoire de Meudon, avec \u00e0 la cl\u00e9 un pique-nique \u00ab\u00a0dans une ambiance musicale\u00a0\u00bb, explique le communiqu\u00e9 de la Travers\u00e9e de Paris. \u00c0 Paris, le convoi est notamment pass\u00e9 par la Place d&rsquo;Italie et le rond-point de l&rsquo;\u00c9toile, place Charles de Gaulle.<\/p>\n<p><a href=\"https:\/\/www.tf1info.fr\/culture\/video-peaky-blinders-le-comte-de-monte-cristo-lci-a-la-rencontre-des-loueurs-de-costumes-pour-les-films-et-les-series-2379948.html\" rel=\"noopener\" class=\"jsx-3308031228 Link flex\" target=\"_blank\"><img decoding=\"async\" src=\"https:\/\/www.europesays.com\/fr\/wp-content\/uploads\/2025\/07\/lci-se-glisse-dans-les-costumes-du-cinema-084dbe-0@1x.jpeg\" alt=\"Capture vid\u00e9o LCI\" loading=\"lazy\" importance=\"low\" fetchpriority=\"low\" class=\"\" aria-hidden=\"true\"\/><\/p>\n<p class=\"jsx-3657663356 ReadMoreArticle__Title\">Lire aussi<\/p>\n<p class=\"jsx-3657663356\">\u00ab\u00a0Peaky Blinders\u00a0\u00bb, \u00ab\u00a0Le comte de Monte-Cristo\u00a0\u00bb&#8230; LCI \u00e0 la rencontre des loueurs de costumes pour les films et les s\u00e9ries<\/p>\n<p><\/a><\/p>\n<p data-module=\"article-paragraph\" class=\"jsx-3046738180 Paragraph\">Pour les amateurs de voitures d&rsquo;\u00e9poque qui n&rsquo;ont pas le privil\u00e8ge d&rsquo;en poss\u00e9der une, des bus Renault des ann\u00e9es 1930 ont \u00e9t\u00e9 affr\u00e9t\u00e9s pour partager l&rsquo;exp\u00e9rience. Il fallait tout de m\u00eame payer 10 euros, sur inscription, pour monter et traverser la capitale avec les autres aficionados des vieux mod\u00e8les.<\/p>\n<p data-module=\"article-paragraph\" class=\"jsx-3046738180 Paragraph Paragraph__End\">\u00ab\u00a0Nous sommes heureux de partager notre passion avec les \u00e9quipages, les spectateurs et les visiteurs qui se rendront \u00e0 Meudon ou se placeront sur le parcours. Ces v\u00e9hicules m\u00e9ritent notre attention, car ils contribuent \u00e0 la conservation du patrimoine roulant de fa\u00e7on concr\u00e8te\u00a0\u00bb, a d\u00e9clar\u00e9 Patrick Gomez, pr\u00e9sident de Vincennes en Anciennes, coorganisateur de la travers\u00e9e, cit\u00e9 dans le communiqu\u00e9 de presse.<\/p>\n<p>Ga\u00eblle SHEEHAN<\/p>\n","protected":false},"excerpt":{"rendered":"Quelque 700 v\u00e9hicules de plus de 30 ans se r\u00e9unissent \u00e0 Paris pour traverser la capitale dimanche 20&hellip;\n","protected":false},"author":2,"featured_media":261466,"comment_status":"","ping_status":"","sticky":false,"template":"","format":"standard","meta":{"footnotes":""},"categories":[1888],"tags":[1111,1928,11,1927,1921,1777,674,1011,27,662,1922,19910,12,1926,626,1925,2661,25,133,31468],"class_list":{"0":"post-261465","1":"post","2":"type-post","3":"status-publish","4":"format-standard","5":"has-post-thumbnail","7":"category-paris","8":"tag-actu","9":"tag-actu-paris","10":"tag-actualites","11":"tag-actualites-paris","12":"tag-article-video","13":"tag-eu","14":"tag-europe","15":"tag-fr","16":"tag-france","17":"tag-ile-de-france","18":"tag-info","19":"tag-les-matins-lci-week-end","20":"tag-news","21":"tag-news-paris","22":"tag-paris","23":"tag-paris-news","24":"tag-patrimoine-culturel","25":"tag-republique-francaise","26":"tag-video","27":"tag-video-traditions-et-patrimoine"},"share_on_mastodon":{"url":"https:\/\/pubeurope.com\/@fr\/114886532487192817","error":""},"_links":{"self":[{"href":"https:\/\/www.europesays.com\/fr\/wp-json\/wp\/v2\/posts\/261465","targetHints":{"allow":["GET"]}}],"collection":[{"href":"https:\/\/www.europesays.com\/fr\/wp-json\/wp\/v2\/posts"}],"about":[{"href":"https:\/\/www.europesays.com\/fr\/wp-json\/wp\/v2\/types\/post"}],"author":[{"embeddable":true,"href":"https:\/\/www.europesays.com\/fr\/wp-json\/wp\/v2\/users\/2"}],"replies":[{"embeddable":true,"href":"https:\/\/www.europesays.com\/fr\/wp-json\/wp\/v2\/comments?post=261465"}],"version-history":[{"count":0,"href":"https:\/\/www.europesays.com\/fr\/wp-json\/wp\/v2\/posts\/261465\/revisions"}],"wp:featuredmedia":[{"embeddable":true,"href":"https:\/\/www.europesays.com\/fr\/wp-json\/wp\/v2\/media\/261466"}],"wp:attachment":[{"href":"https:\/\/www.europesays.com\/fr\/wp-json\/wp\/v2\/media?parent=261465"}],"wp:term":[{"taxonomy":"category","embeddable":true,"href":"https:\/\/www.europesays.com\/fr\/wp-json\/wp\/v2\/categories?post=261465"},{"taxonomy":"post_tag","embeddable":true,"href":"https:\/\/www.europesays.com\/fr\/wp-json\/wp\/v2\/tags?post=261465"}],"curies":[{"name":"wp","href":"https:\/\/api.w.org\/{rel}","templated":true}]}}