{"id":261469,"date":"2025-07-20T16:36:17","date_gmt":"2025-07-20T16:36:17","guid":{"rendered":"https:\/\/www.europesays.com\/fr\/261469\/"},"modified":"2025-07-20T16:36:17","modified_gmt":"2025-07-20T16:36:17","slug":"petition-contre-limplantation-dune-superette-a-paris-ces-celebrites-en-veulent-elles-vraiment-a-carrefour-city","status":"publish","type":"post","link":"https:\/\/www.europesays.com\/fr\/261469\/","title":{"rendered":"P\u00e9tition contre l\u2019implantation d\u2019une sup\u00e9rette : \u00e0 Paris, ces c\u00e9l\u00e9brit\u00e9s en veulent-elles vraiment \u00e0 Carrefour City\u00a0?"},"content":{"rendered":"<p class=\"paragraph text_align_left lp-f-body-02\">C\u2019est un petit local encore vide, au rideau de fer tir\u00e9, surmont\u00e9 d\u2019une vaste terrasse arbor\u00e9e et entour\u00e9 d\u2019\u00e9l\u00e9gants appartements haussmanniens. La petite placette, au croisement des tr\u00e8s chics rues Vavin et Br\u00e9a (VIe arrondissement de Paris), \u00e0 deux pas du jardin du Luxembourg, sait se faire discr\u00e8te.<\/p>\n<p class=\"paragraph text_align_left lp-f-body-02\">En apparence seulement. Car depuis plusieurs mois, une sourde r\u00e9volte gronde au sein de son voisinage tr\u00e8s hupp\u00e9 qui refuse de voir s\u2019y installer un <a href=\"https:\/\/www.leparisien.fr\/economie\/consommation\/grande-distribution-pourquoi-carrefour-soffre-un-nouveau-reseau-de-superettes-dans-le-sud-est-de-la-france-01-04-2025-DLP2EZNZJVG6DJ3HJEP73NWEVI.php\" target=\"_blank\" rel=\"noreferrer nofollow noopener\">Carrefour City<\/a>. L\u2019enseigne de magasins de proximit\u00e9 doit ouvrir ses portes au mois d\u2019ao\u00fbt, en lieu et place d\u2019un magasin de jouets, d\u00e9sormais ferm\u00e9. Au grand dam de certains riverains qui, dans <a href=\"https:\/\/www.change.org\/p\/sauvegarde-quartier-notre-dame-des-champs-vavin-non-%C3%A0-l-implantation-d-un-carrefour\" target=\"_blank\" rel=\"noreferrer nofollow noopener\">une p\u00e9tition<\/a>, alertent sur les \u00ab nuisances \u00bb et les \u00ab risques non n\u00e9gligeables pour (leur) s\u00e9curit\u00e9 \u00bb.<\/p>\n<p class=\"paragraph text_align_left lp-f-body-02\">Un conflit de voisinage en apparence banal, d\u2019abord racont\u00e9 <a href=\"https:\/\/www.leparisien.fr\/paris-75\/paris-apres-avoir-fait-plier-un-mcdo-il-y-a-30-ans-des-riverains-bloquent-larrivee-dun-carrefour-city-24-06-2025-CWLZVPXWFBD5FBKGC5JYGIXMXI.php\" target=\"_blank\" rel=\"noreferrer nofollow noopener\">dans Le Parisien<\/a>, qui est en passe de virer au roman social, sur fond de lutte des classes \u00e0 la sauce VIe arrondissement. Car parmi les signataires oppos\u00e9s \u00e0 l\u2019arriv\u00e9e de la sup\u00e9rette figurent nombre de c\u00e9l\u00e9brit\u00e9s du monde de la chanson, du cin\u00e9ma, de la politique ou des m\u00e9dias.<\/p>\n<p>\u00ab On aurait pr\u00e9f\u00e9r\u00e9 un truc un peu classe \u00bb<\/p>\n<p class=\"paragraph text_align_left lp-f-body-02\">Comme l\u2019a d\u2019abord r\u00e9v\u00e9l\u00e9 le site d\u2019informations strat\u00e9giques<a href=\"https:\/\/www.lalettre.fr\/fr\/entreprises_grande-distribution-et-services\/2025\/06\/20\/les-vip-du-6e-arrondissement-en-guerre-contre-carrefour,110467256-art\" target=\"_blank\" rel=\"noreferrer nofollow noopener\"> La Lettre<\/a>, puis le journal <a href=\"https:\/\/www.lemonde.fr\/m-le-mag\/article\/2025\/07\/19\/a-paris-les-tres-chics-opposants-a-une-superette-pres-du-jardin-du-luxembourg_6622120_4500055.html\" target=\"_blank\" rel=\"noreferrer nofollow noopener\">Le Monde<\/a>, l\u2019ancien ministre <a href=\"https:\/\/www.leparisien.fr\/politique\/apres-six-ans-de-mandat-le-defenseur-des-droits-jacques-toubon-quitte-ses-fonctions-16-07-2020-8353758.php\" target=\"_blank\" rel=\"noreferrer nofollow noopener\">Jacques Toubon<\/a> aurait notamment appos\u00e9 sa signature, tout comme le chanteur <a href=\"https:\/\/www.leparisien.fr\/val-de-marne-94\/alain-souchon-ouvrira-le-festival-de-marne-au-pavillon-baltard-une-salle-ideale-pour-les-tetes-daffiche-05-06-2025-Y637EWMFLRHUNJYTPYSJOPT53E.php\" target=\"_blank\" rel=\"noreferrer nofollow noopener\">Alain Souchon<\/a>, son \u00e9pouse et ses deux fils, l\u2019essayiste <a href=\"https:\/\/www.leparisien.fr\/politique\/lacademicien-alain-finkielkraut-annule-sa-conference-chez-les-royalistes-de-laction-francaise-24-06-2024-TCH5MU5BYFCOZPI4JOBBLSQPCQ.php\" target=\"_blank\" rel=\"noreferrer nofollow noopener\">Alain Finkielkraut<\/a> et sa femme, l\u2019avocate <a href=\"https:\/\/www.leparisien.fr\/faits-divers\/proces-du-13-novembre-ce-sont-des-assassins-et-non-pas-des-combattants-qui-ont-deferle-23-05-2022-WKCGRSI3KVBDVEH7B2PWHRXRAA.php\" target=\"_blank\" rel=\"noreferrer nofollow noopener\">Sylvie Topaloff<\/a>, ou encore l\u2019actrice <a href=\"https:\/\/www.leparisien.fr\/culture-loisirs\/tv\/catherine-frot-heroine-dune-future-serie-de-tf-1-sur-les-troubles-des-conduites-alimentaires-chez-les-ados-15-06-2025-NAVLJAEQ55HOJMABNW755FU2RE.php\" target=\"_blank\" rel=\"noreferrer nofollow noopener\">Catherine Frot<\/a>.<\/p>\n<p class=\"paragraph text_align_left lp-f-body-02\">Cit\u00e9 \u00e9galement, le d\u00e9nomm\u00e9 <a href=\"https:\/\/www.leparisien.fr\/culture-loisirs\/cinema\/festival-de-cannes\/pierre-richard-presente-son-nouveau-film-au-festival-de-cannes-quel-amour-mais-quelle-deception-23-05-2025-TBUQLIVSXREPVHNSSFZHMJT7B4.php\" target=\"_blank\" rel=\"noreferrer nofollow noopener\">Pierre Richard<\/a> ne serait cependant pas le c\u00e9l\u00e8bre acteur (de son vrai nom Pierre-Richard Defays) mais bien le banquier, fondateur et pr\u00e9sident de Dexia, comme nous le confirme Bruno Segr\u00e9, \u00e0 l\u2019origine de la p\u00e9tition.<\/p>\n<p class=\"paragraph text_align_left lp-f-body-02\">Un petit entre-soi de privil\u00e9gi\u00e9s, vent debout contre l\u2019arriv\u00e9e d\u2019une enseigne davantage populaire ? Sous la pluie battante de ce dimanche 20 juillet au matin, ce commer\u00e7ant du quartier, qui n\u2019a pas souhait\u00e9 donner son nom, trouve cette vision un brin \u00ab caricaturale \u00bb. Mais celui qui compte parmi ses clients r\u00e9guliers Catherine Frot ou Ruth Elkrief n\u2019est pas loin de partager le sentiment de ses voisins fortun\u00e9s.<\/p>\n<p class=\"paragraph text_align_left lp-f-body-02\">\u00ab Ils ont envie de garder ce c\u00f4t\u00e9 village, familial, c\u2019est bien normal, laissez les gens vivre, souffle le commer\u00e7ant. \u00c0 la place de cette sup\u00e9rette, on aurait pr\u00e9f\u00e9r\u00e9 un truc un peu chic, un peu classe, l\u00e0, \u00e7a va g\u00e2cher. Mais le monde change et le quartier aussi\u2026 \u00bb<\/p>\n<p class=\"paragraph text_align_left lp-f-body-02\">Signataire assum\u00e9 de la p\u00e9tition, l\u2019essayiste Alain Finkielkraut ne le contredira pas. Sollicit\u00e9 par Le Parisien, l\u2019acad\u00e9micien trouve cette mise en cause \u00ab r\u00e9pugnante \u00bb. \u00ab C\u2019est totalement absurde, les gens \u00e0 l\u2019origine de cette p\u00e9tition ne sont pas des riches, plaide l\u2019\u00e9crivain. Nous voulons juste pr\u00e9server la beaut\u00e9 et la tranquillit\u00e9 de ce quartier. L\u2019arriv\u00e9e de ce Carrefour City, \u00e7a serait la mort de cette place. \u00bb<\/p>\n<p>\u00ab Des militants de l\u2019enlaidissement \u00bb<\/p>\n<p class=\"paragraph text_align_left lp-f-body-02\">Sur le fond, le message d\u2019Alain Finkielkraut se fait plus politique, rejoignant les th\u00e8ses des opposants \u00e0 la maire de Paris agissant au sein de la mouvance <a href=\"https:\/\/www.leparisien.fr\/paris-75\/saccageparis-en-un-an-le-cri-de-colere-des-reseaux-sociaux-a-chamboule-la-politique-parisienne-01-04-2022-RRTG7WYY2RAG5O4XVMPVHF4M6M.php\" target=\"_blank\" rel=\"noreferrer nofollow noopener\">\u00ab Saccage Paris \u00bb<\/a>. \u00ab Ce sont des militants de l\u2019enlaidissement de la capitale, tance l\u2019essayiste. Tout cela fait partie du plan du saccage de Paris. J\u2019esp\u00e8re que les riverains auront gain de cause\u2026 \u00bb<\/p>\n<p class=\"paragraph text_align_left lp-f-body-02\">\u00c0 l\u2019inverse de l\u2019acad\u00e9micien, d\u2019autres personnalit\u00e9s mises en cause ont rapidement tenu \u00e0 se d\u00e9solidariser des intentions qui leur \u00e9taient pr\u00eat\u00e9es. La journaliste Ruth Elkrief (notamment <a href=\"https:\/\/www.leparisien.fr\/faits-divers\/merci-aux-valeureux-du-quotidien-18-05-2025-XE2UWIVMRNAC5PLQT54ZSCXMUQ.php\" target=\"_blank\" rel=\"noreferrer nofollow noopener\">autrice de chroniques<\/a> pour Le Parisien) d\u00e9ment ainsi avoir sign\u00e9 la moindre p\u00e9tition.<\/p>\n<blockquote class=\"twitter-tweet\">\n<p lang=\"fr\" dir=\"ltr\">Je pr\u00e9cise que je n\u2019ai PAS sign\u00e9 la p\u00e9tition contre le carrefour City. J\u2019ai juste r\u00e9pondu dans la rue \u00e0 l\u2019initiateur que  je ne connaissais pas. Cela n\u2019\u00e9tait en aucun cas un soutien. Je regrette qu\u2019il ait ainsi utilis\u00e9 mon nom.<\/p>\n<p>\u2014 Ruth Elkrief (@ruthelkrief) <a href=\"https:\/\/twitter.com\/ruthelkrief\/status\/1946676915869229427?ref_src=twsrc%5Etfw\" rel=\"nofollow noopener\" target=\"_blank\">July 19, 2025<\/a><\/p><\/blockquote>\n<p class=\"paragraph text_align_left lp-f-body-02\">\u00ab J\u2019ai rencontr\u00e9 une personne qui s\u2019est pr\u00e9sent\u00e9e \u00e0 moi comme un confr\u00e8re et me demandait comment m\u00e9diatiser sa p\u00e9tition, retrace la journaliste. J\u2019ai seulement voulu \u00eatre aimable et je lui ai indiqu\u00e9 que je n\u2019avais pas \u00e0 me prononcer pour ou contre, cela n\u2019\u00e9tait pas mon r\u00f4le. Je signe tr\u00e8s peu de p\u00e9titions. Quand mon nom est apparu, je suis tomb\u00e9e des nues. Tout cela est un concours de circonstances. \u00bb<\/p>\n<p class=\"paragraph text_align_left lp-f-body-02\">\u00c9galement cit\u00e9 parmi les signataires, le chef d\u2019entreprise <a href=\"https:\/\/www.leparisien.fr\/economie\/denis-olivennes-la-colere-des-gilets-jaunes-est-bien-reelle-01-12-2018-7958649.php\" target=\"_blank\" rel=\"noreferrer nofollow noopener\">Denis Olivennes<\/a> a lui aussi moyennement appr\u00e9ci\u00e9 la publicit\u00e9 de son nom. Dans un \u00e9change avec la journaliste du Monde qu\u2019il s\u2019est autoris\u00e9 \u00e0 reproduire sur le r\u00e9seau social X, l\u2019essayiste indique ainsi ne pas \u00eatre \u00ab contre la pr\u00e9sence de ces mini grandes surfaces \u00bb mais bien \u00ab contre la fermeture d\u2019un magasin de jouets \u00bb.<\/p>\n<blockquote class=\"twitter-tweet\">\n<p lang=\"fr\" dir=\"ltr\">Voici mes \u00e9changes par sms avec la journaliste du Monde qui n\u2019a retenu bien s\u00fbr qu\u2019une phrase \u00e0 charge. Moi j\u2019habite le 14eme pas \u00e0 Vavin. Mais oui, je suis pour prot\u00e9ger autant que faire se peut l\u2019esth\u00e9tique des villes et l\u2019\u00e9quilibre entre petit commerce et grandes surfaces. <a href=\"https:\/\/t.co\/qqCJLQuMlK\" rel=\"nofollow\">https:\/\/t.co\/qqCJLQuMlK<\/a> <a href=\"https:\/\/t.co\/8GhJzEvhED\" rel=\"nofollow\">pic.twitter.com\/8GhJzEvhED<\/a><\/p>\n<p>\u2014 Denis Olivennes (@Olivennes) <a href=\"https:\/\/twitter.com\/Olivennes\/status\/1946857641080193356?ref_src=twsrc%5Etfw\" rel=\"nofollow noopener\" target=\"_blank\">July 20, 2025<\/a><\/p><\/blockquote>\n<p class=\"paragraph text_align_left lp-f-body-02\">Sollicit\u00e9e par Le Parisien, une autre de ces c\u00e9l\u00e9brit\u00e9s (qui pr\u00e9f\u00e8re rester anonyme) est, elle aussi, rest\u00e9e \u00ab scotch\u00e9e \u00bb en voyant son nom appara\u00eetre. \u00ab J\u2019ai d\u2019abord sign\u00e9 en soutien aux commer\u00e7ants avec qui j\u2019entretiens de bons rapports, souffle-t-il. Je n\u2019approuvais pas sp\u00e9cialement le ton de la p\u00e9tition qui \u00e9tait un peu alarmiste. En aucun cas mon propos n\u2019\u00e9tait de dire que les riches voulaient rester entre eux\u2026 \u00bb<\/p>\n<p>\u00ab Une campagne qui va faire bouger les lignes \u00bb<\/p>\n<p class=\"paragraph text_align_left lp-f-body-02\">Faut-il y voir un r\u00e9trop\u00e9dalage de ce mondain voisinage ? Ou bien une \u00ab manipulation \u00bb de l\u2019auteur de la p\u00e9tition qui aurait pris quelques largesses avec la v\u00e9rit\u00e9 ? \u00ab Je tiens tout \u00e0 disposition, r\u00e9torque Bruno Segr\u00e9, ancien journaliste \u00e9conomique. Tout ceci ressemble \u00e0 une campagne de d\u00e9stabilisation. Certains font aujourd\u2019hui machine arri\u00e8re mais nous n\u2019avons tordu le bras \u00e0 personne pour signer cette p\u00e9tition. \u00bb<\/p>\n<p class=\"paragraph text_align_left lp-f-body-02\">Dans ce petit bout de quartier qui, il y a trente ans, \u00e9tait d\u00e9j\u00e0 parvenu \u00e0 faire reculer le g\u00e9ant de la restauration <a href=\"https:\/\/www.leparisien.fr\/economie\/burger-de-crevettes-poutine-et-bubble-tea-mcdonalds-devoile-de-nouvelles-recettes-inedites-en-france-30-06-2025-GU4HPZTRMNBBNIBXSXVY5HOGOA.php\" target=\"_blank\" rel=\"noreferrer nofollow noopener\">McDonald\u2019s<\/a>, Bruno Segr\u00e9 veut croire que ce \u00ab bashing \u00bb aura au moins le m\u00e9rite de redonner de la visibilit\u00e9 \u00e0 son combat. \u00ab C\u2019est une campagne qui va faire bouger les lignes, insiste-t-il. Notre combat, c\u2019est celui de la d\u00e9fense des commerces de proximit\u00e9 et de la qualit\u00e9 de vie d\u2019un quartier. On ne va pas abandonner. \u00bb<\/p>\n<p><script async src=\"https:\/\/platform.twitter.com\/widgets.js\" charset=\"utf-8\"><\/script><\/p>\n","protected":false},"excerpt":{"rendered":"C\u2019est un petit local encore vide, au rideau de fer tir\u00e9, surmont\u00e9 d\u2019une vaste terrasse arbor\u00e9e et entour\u00e9&hellip;\n","protected":false},"author":2,"featured_media":261470,"comment_status":"","ping_status":"","sticky":false,"template":"","format":"standard","meta":{"footnotes":""},"categories":[1888],"tags":[11,1777,674,1011,27,1944,12,626,25],"class_list":{"0":"post-261469","1":"post","2":"type-post","3":"status-publish","4":"format-standard","5":"has-post-thumbnail","7":"category-paris","8":"tag-actualites","9":"tag-eu","10":"tag-europe","11":"tag-fr","12":"tag-france","13":"tag-ma-ville","14":"tag-news","15":"tag-paris","16":"tag-republique-francaise"},"share_on_mastodon":{"url":"https:\/\/pubeurope.com\/@fr\/114886540225594120","error":""},"_links":{"self":[{"href":"https:\/\/www.europesays.com\/fr\/wp-json\/wp\/v2\/posts\/261469","targetHints":{"allow":["GET"]}}],"collection":[{"href":"https:\/\/www.europesays.com\/fr\/wp-json\/wp\/v2\/posts"}],"about":[{"href":"https:\/\/www.europesays.com\/fr\/wp-json\/wp\/v2\/types\/post"}],"author":[{"embeddable":true,"href":"https:\/\/www.europesays.com\/fr\/wp-json\/wp\/v2\/users\/2"}],"replies":[{"embeddable":true,"href":"https:\/\/www.europesays.com\/fr\/wp-json\/wp\/v2\/comments?post=261469"}],"version-history":[{"count":0,"href":"https:\/\/www.europesays.com\/fr\/wp-json\/wp\/v2\/posts\/261469\/revisions"}],"wp:featuredmedia":[{"embeddable":true,"href":"https:\/\/www.europesays.com\/fr\/wp-json\/wp\/v2\/media\/261470"}],"wp:attachment":[{"href":"https:\/\/www.europesays.com\/fr\/wp-json\/wp\/v2\/media?parent=261469"}],"wp:term":[{"taxonomy":"category","embeddable":true,"href":"https:\/\/www.europesays.com\/fr\/wp-json\/wp\/v2\/categories?post=261469"},{"taxonomy":"post_tag","embeddable":true,"href":"https:\/\/www.europesays.com\/fr\/wp-json\/wp\/v2\/tags?post=261469"}],"curies":[{"name":"wp","href":"https:\/\/api.w.org\/{rel}","templated":true}]}}