{"id":261471,"date":"2025-07-20T16:37:15","date_gmt":"2025-07-20T16:37:15","guid":{"rendered":"https:\/\/www.europesays.com\/fr\/261471\/"},"modified":"2025-07-20T16:37:15","modified_gmt":"2025-07-20T16:37:15","slug":"la-russie-accuse-leurope-deuphorie-militariste-et-annonce-en-tenir-compte-dans-lelaboration-de-ses-plans-futurs-2","status":"publish","type":"post","link":"https:\/\/www.europesays.com\/fr\/261471\/","title":{"rendered":"La Russie accuse l\u2019Europe \u00ab\u00a0d\u2019euphorie militariste\u00a0\u00bb et annonce \u00ab\u00a0en tenir compte dans l\u2019\u00e9laboration de ses plans futurs\u00a0\u00bb"},"content":{"rendered":"<p>                        <a class=\"author\" href=\"https:\/\/www.parismatch.com\/auteurs\/martin-lagrave\" rel=\"nofollow noopener\" target=\"_blank\">Martin Lagrave<\/a><br \/>\n        20\/07\/2025 \u00e0 16:45, Mis \u00e0 jour le 20\/07\/2025 \u00e0 16:53<\/p>\n<p class=\"intro\">Face \u00e0 la mont\u00e9e en puissance militaire des pays europ\u00e9ens, Moscou hausse le ton. En d\u00e9non\u00e7ant une \u00ab euphorie militariste \u00bb en Europe, Dmitri Peskov avertit que la Russie adaptera ses plans. Ce message intervient alors que les tensions avec l\u2019OTAN s\u2019intensifient, sur fond d\u2019ultimatum am\u00e9ricain \u00e0 Moscou pour mettre fin \u00e0 la guerre en Ukraine.<\/p>\n<p>\u00ab\u00a0Euphorie militariste\u00a0\u00bb. C\u2019est avec ces mots que <a href=\"https:\/\/www.parismatch.com\/actu\/international\/le-kremlin-affirme-que-la-russie-est-prete-a-une-mobilisation-de-masse-comme-pendant-la-seconde-guerre-mondiale-250802\" rel=\"nofollow noopener\" target=\"_blank\">Dmitri Peskov<\/a>, le porte-parole du Kremlin, a comment\u00e9 ce dimanche 20\u00a0juillet la dynamique de r\u00e9armement enclench\u00e9e par de nombreux pays europ\u00e9ens, a commenc\u00e9 par la France.<\/p>\n<p>Interrog\u00e9 par la t\u00e9l\u00e9vision publique russe VGTRK, il a assur\u00e9 que la Russie \u00ab\u00a0observe cela\u00a0\u00bb et \u00ab\u00a0en tient compte dans l\u2019\u00e9laboration de ses plans futurs\u00a0\u00bb.<\/p>\n<p>    La suite apr\u00e8s cette publicit\u00e9<\/p>\n<p>Un message tr\u00e8s clair \u00e0 destination de l\u2019Ouest alors que les pays membres de l\u2019Union europ\u00e9enne et \/ ou de <a href=\"https:\/\/www.parismatch.com\/actu\/international\/exclusif-dans-les-secrets-dune-reunion-de-lotan-252884\" rel=\"nofollow noopener\" target=\"_blank\">l\u2019OTAN multiplient les annonces d\u2019investissements dans la d\u00e9fense<\/a>\u00a0: loi de programmation militaire de 413\u00a0milliards d\u2019euros pour la p\u00e9riode 2024-2030 en France doublement du budget militaire en Allemagne, r\u00e9armement massif de la Pologne, des pays baltes et de la Finlande.<\/p>\n<p>    La suite apr\u00e8s cette publicit\u00e9<\/p>\n<p>\u00ab La tendance est dangereuse\u00a0\u00bb<\/p>\n<p>Pour le Kremlin, ce mouvement s\u2019inscrit dans une logique agressive. Si tous les pays europ\u00e9ens ne sont pas \u00ab\u00a0encore gagn\u00e9s\u00a0\u00bb par cette \u00ab\u00a0euphorie militariste\u00a0\u00bb, Moscou estime que \u00ab\u00a0la tendance est dangereuse\u00a0\u00bb, a insist\u00e9 Dmitri Peskov.<\/p>\n<p>Ce message intervient alors que la tension monte de plus en plus avec les pays membre de l\u2019OTAN et que l\u2019ultimatum de 50\u00a0jours pour mettre fin \u00e0 la guerre en Ukraine sous peine de sanctions s\u00e9v\u00e8res lanc\u00e9es \u00e0 la Russie par Donald Trump expire le 2\u00a0septembre prochain.<\/p>\n<p>    La suite apr\u00e8s cette publicit\u00e9<\/p>\n<p>    La suite apr\u00e8s cette publicit\u00e9<\/p>\n<p>\u00ab\u00a0Si nous n\u2019avons pas un accord d\u2019ici 50\u00a0jours, c\u2019est tr\u00e8s simple, (les droits de douane) seront \u00e0 100\u00a0% et c\u2019est comme \u00e7a\u00a0\u00bb, a-t-il ajout\u00e9. \u00c0 Bruxelles, la cheffe de la diplomatie europ\u00e9enne Kaja Kallas a jug\u00e9 que le d\u00e9lai de 50\u00a0jours repr\u00e9sentait une dur\u00e9e \u00ab\u00a0tr\u00e8s longue\u00a0\u00bb quand des \u00ab\u00a0civils innocents meurent tous les jours\u00a0\u00bb.<\/p>\n","protected":false},"excerpt":{"rendered":"Martin Lagrave 20\/07\/2025 \u00e0 16:45, Mis \u00e0 jour le 20\/07\/2025 \u00e0 16:53 Face \u00e0 la mont\u00e9e en puissance&hellip;\n","protected":false},"author":2,"featured_media":261472,"comment_status":"","ping_status":"","sticky":false,"template":"","format":"standard","meta":{"footnotes":""},"categories":[1591],"tags":[11,1887,12,1885,1886,132],"class_list":{"0":"post-261471","1":"post","2":"type-post","3":"status-publish","4":"format-standard","5":"has-post-thumbnail","7":"category-russie","8":"tag-actualites","9":"tag-federation-de-russie","10":"tag-news","11":"tag-russia","12":"tag-russian-federation","13":"tag-russie"},"share_on_mastodon":{"url":"https:\/\/pubeurope.com\/@fr\/114886544249912723","error":""},"_links":{"self":[{"href":"https:\/\/www.europesays.com\/fr\/wp-json\/wp\/v2\/posts\/261471","targetHints":{"allow":["GET"]}}],"collection":[{"href":"https:\/\/www.europesays.com\/fr\/wp-json\/wp\/v2\/posts"}],"about":[{"href":"https:\/\/www.europesays.com\/fr\/wp-json\/wp\/v2\/types\/post"}],"author":[{"embeddable":true,"href":"https:\/\/www.europesays.com\/fr\/wp-json\/wp\/v2\/users\/2"}],"replies":[{"embeddable":true,"href":"https:\/\/www.europesays.com\/fr\/wp-json\/wp\/v2\/comments?post=261471"}],"version-history":[{"count":0,"href":"https:\/\/www.europesays.com\/fr\/wp-json\/wp\/v2\/posts\/261471\/revisions"}],"wp:featuredmedia":[{"embeddable":true,"href":"https:\/\/www.europesays.com\/fr\/wp-json\/wp\/v2\/media\/261472"}],"wp:attachment":[{"href":"https:\/\/www.europesays.com\/fr\/wp-json\/wp\/v2\/media?parent=261471"}],"wp:term":[{"taxonomy":"category","embeddable":true,"href":"https:\/\/www.europesays.com\/fr\/wp-json\/wp\/v2\/categories?post=261471"},{"taxonomy":"post_tag","embeddable":true,"href":"https:\/\/www.europesays.com\/fr\/wp-json\/wp\/v2\/tags?post=261471"}],"curies":[{"name":"wp","href":"https:\/\/api.w.org\/{rel}","templated":true}]}}