{"id":261473,"date":"2025-07-20T16:38:11","date_gmt":"2025-07-20T16:38:11","guid":{"rendered":"https:\/\/www.europesays.com\/fr\/261473\/"},"modified":"2025-07-20T16:38:11","modified_gmt":"2025-07-20T16:38:11","slug":"plus-dun-million-de-signatures-contre-la-loi-duplomb-57-morts-a-gaza-nouveaux-pourparlers-de-paix-en-ukraine-le-pensionnat-ultra-reac-de-pierre-edouard-sterin-autorise-ce-quil-ne-fallait-pas-m","status":"publish","type":"post","link":"https:\/\/www.europesays.com\/fr\/261473\/","title":{"rendered":"Plus d&rsquo;un million de signatures contre la loi Duplomb, 57 morts \u00e0 Gaza, nouveaux pourparlers de paix en Ukraine, le pensionnat ultra-r\u00e9ac de Pierre-Edouard St\u00e9rin autoris\u00e9&#8230; Ce qu&rsquo;il ne fallait pas manquer ce week-end"},"content":{"rendered":"<p><strong>Un million de signatures contre la loi Duplomb<\/strong><\/p>\n<p>Une \u00e9tudiante, \u00c9l\u00e9onore Pattery, est \u00e0 l\u2019origine de cette p\u00e9tition contre <a href=\"https:\/\/www.humanite.fr\/environnement\/agriculture\/la-loi-duplomb-adoptee-ce-quelle-va-changer-pour-la-sante-et-la-biodiversite\" target=\"_blank\" rel=\"noopener\">le texte controvers\u00e9<\/a> qui r\u00e9autorise certains pesticides mortif\u00e8res. Le seuil de 500\u00a0000 signatures a \u00e9t\u00e9 d\u00e9pass\u00e9. Dimanche 20 juillet, elle en affichait un million. La loi pourrait \u00eatre red\u00e9battue en s\u00e9ance publique, \u00e0 la discr\u00e9tion de la conf\u00e9rence des pr\u00e9sidents de l\u2019Assembl\u00e9e nationale.<\/p>\n<p><strong>Gaza\u00a0: la D\u00e9fense civile annonce 57\u00a0morts apr\u00e8s des tirs isra\u00e9liens sur une foule attendant de l\u2019aide<\/strong><\/p>\n<p>La D\u00e9fense civile de la bande de Gaza a annonc\u00e9 ce dimanche que 57 Palestiniens avaient \u00e9t\u00e9 tu\u00e9s pr\u00e8s d\u2019un point de distribution d\u2019aide humanitaire dans le nord du territoire palestinien ravag\u00e9 par la guerre. Le porte-parole de la D\u00e9fense civile, Mahmoud Bassal, a d\u00e9clar\u00e9 qu\u2019ils avaient \u00e9t\u00e9 tu\u00e9es suite \u00e0 \u00ab\u00a0des tirs de l\u2019occupation [NDLR\u00a0: Isra\u00ebl] en direction de personnes attendant l\u2019aide dans la zone de Zikim, au nord-ouest de la ville de Gaza\u00a0\u00bb. L\u2019arm\u00e9e isra\u00e9lienne a appel\u00e9, dimanche, la population \u00e0 \u00e9vacuer le centre de la bande de Gaza, annon\u00e7ant une op\u00e9ration contre les combattants du Hamas dans un secteur du territoire palestinien.<\/p>\n<p><strong>\u00ab Briser le blocus humanitaire \u00bb de Gaza : la nouvelle flottille pour la libert\u00e9 est partie de Sicile <\/strong><\/p>\n<p>Apr\u00e8s le\u00a0Madleen, c\u2019est au tour du\u00a0Handala\u00a0de prendre le large en direction de Gaza, ce dimanche 20 juillet, apr\u00e8s un retard de deux jours en raison de\u00a0\u00ab derniers pr\u00e9paratifs techniques \u00bb, a annonc\u00e9 sur X la Coalition de la flottille de la Libert\u00e9. L\u2019objectif de cette flottille, charg\u00e9e de vivres et d\u2019aides m\u00e9dicales, reste le m\u00eame\u00a0:\u00a0\u00ab\u00a0stopper le g\u00e9nocide\u00a0\u00bb\u00a0dans l\u2019enclave palestinienne et\u00a0\u00ab\u00a0briser le blocus humanitaire\u00a0\u00bb\u00a0impos\u00e9 par Isra\u00ebl. \u00c0 son bord, la d\u00e9put\u00e9e europ\u00e9enne (LFI) Emma Fourreau qui nous expliquait il y a quelques jours pourquoi elle a fait le choix d\u2019embarquer. <\/p>\n<p><strong>Guerre en Ukraine : pourquoi Kiev annonce de nouveaux pourparlers de paix avec Moscou ?<\/strong><\/p>\n<p>Face au tribut sanglant d\u2019un conflit qui s\u2019enlise dans la partie orientale du pays, Kiev propose l\u2019ouverture cette semaine de pourparlers de paix impliquant Moscou jusqu\u2019au plus haut niveau.<\/p>\n<p><strong>Complotisme et retour de b\u00e2ton : Donald Trump pris dans le pi\u00e8ge de l\u2019affaire Epstein<\/strong><\/p>\n<p>Le pr\u00e9sident \u00e9tats-unien est accus\u00e9 par une partie de sa propre base de camoufler des \u00e9l\u00e9ments du dossier concernant le financier p\u00e9docriminel Jeffrey Epstein. Accul\u00e9 par sa base complotiste, il a d\u00fb se r\u00e9soudre \u00e0 en divulguer une partie.<\/p>\n<p><strong>Le projet d\u2019internat catholique non-mixte et hors contrat dans le Loir-et-Cher parrain\u00e9 par le milliardaire Pierre-Edouard St\u00e9rin a \u00e9t\u00e9 autoris\u00e9<\/strong> <\/p>\n<p>L\u2019Acad\u00e9mie Saint-Louis, premier de ces internats catholiques voulus par le milliardaire ultra-conservateur Pierre-\u00c9douard St\u00e9rin, ouvrira bien ses portes au domaine de Chal\u00e8s, \u00e0 Nouan-le-Fuzelier (Loir-et-Cher) \u00e0 la rentr\u00e9e 2025. Le rectorat de l\u2019acad\u00e9mie d\u2019Orl\u00e9ans-Tours, apr\u00e8s une \u00ab \u00e9tude approfondie\u00a0\u00bb, lui a donn\u00e9 son accord, a expliqu\u00e9 le rectorat \u00e0 l\u2019AFP. D\u00e9but juillet, une trentaine d\u2019organisations et plus de 160 personnalit\u00e9s  signaient <a href=\"https:\/\/www.humanite.fr\/societe\/ecole-catholique\/un-internat-avec-pour-horizon-la-vie-eternelle-160-personnalites-saisissent-le-prefet-de-loir-et-cher-contre-le-projet-de-sterin\" target=\"_blank\" rel=\"noopener\">une lettre \u00e0 destination du recteur, du pr\u00e9fet, et du procureur de la R\u00e9publique de la r\u00e9gion pour exiger qu\u2019ils s\u2019opposent \u00e0 cette ouverture<\/a>. L\u2019Humanit\u00e9 a enqu\u00eat\u00e9 sur cet internat, hors contrat, qui veut former une \u00e9lite catholique traditionaliste.<\/p>\n<p><strong>Euro 2025\u00a0: les Bleues \u00e9limin\u00e9es par l\u2019Allemagne aux tirs au but<\/strong><\/p>\n<p>Au terme d\u2019un match ind\u00e9cis et irrespirable jusqu\u2019au bout, l\u2019\u00e9quipe de France s\u2019incline en quart de finale de l\u2019Euro (1-1, 5 tirs au but \u00e0 6) face \u00e0 des Allemandes en inf\u00e9riorit\u00e9 num\u00e9rique quasiment tout le match. Une grosse d\u00e9ception pour les Fran\u00e7aises qui avaient largement les moyens de se qualifier.<\/p>\n<p><strong>Et aussi : <\/strong><\/p>\n<p>P\u00e9nuries de Repatha et de Praluent : <a href=\"https:\/\/www.humanite.fr\/societe\/medicaments\/des-medicaments-contre-les-affections-cardiaques-en-rupture-de-stock\" target=\"_blank\" rel=\"noopener\">face \u00e0 la rapacit\u00e9 des labos, m\u00e9decins et patients sonnent l\u2019alerte<\/a><\/p>\n<p>J\u2019ai achet\u00e9 une voiture \u00e9lectrique pour des raisons \u00e9cologico-politico-pratiques\u2026 <a href=\"https:\/\/www.humanite.fr\/societe\/automobile\/la-voiture-de-demain-sera-electrique-ou-pas\" target=\"_blank\" rel=\"noopener\">et je ne suis pas s\u00fbre de le refaire\u00a0!<\/a><\/p>\n<p>Intelligence artificielle\u00a0: <a href=\"https:\/\/www.humanite.fr\/societe\/elon-musk\/intelligence-artificielle-sur-twitter-la-verite-reactionnaire-de-grok-abrutit-ses-utilisateurs\" target=\"_blank\" rel=\"noopener\">sur Twitter, la \u00ab\u00a0v\u00e9rit\u00e9\u00a0\u00bb r\u00e9actionnaire de Grok abrutit ses utilisateurs<\/a><\/p>\n<p>Urgence pour l\u2019Humanit\u00e9<br \/>Votre don peut tout changer<\/p>\n<p>Faites vivre un m\u00e9dia libre et engag\u00e9, toujours du c\u00f4t\u00e9 de celles et ceux qui luttent<br \/><a href=\"https:\/\/abonnement.humanite.fr\/don-humanite\/\" data-type=\"link\" data-id=\"https:\/\/stage.preprod.humanite.fr\/lhumanite-cest-vous\" target=\"_blank\" rel=\"noopener\">Je veux en savoir plus<\/a><\/p>\n","protected":false},"excerpt":{"rendered":"Un million de signatures contre la loi Duplomb Une \u00e9tudiante, \u00c9l\u00e9onore Pattery, est \u00e0 l\u2019origine de cette p\u00e9tition&hellip;\n","protected":false},"author":2,"featured_media":261474,"comment_status":"","ping_status":"","sticky":false,"template":"","format":"standard","meta":{"footnotes":""},"categories":[1590],"tags":[11,75,1777,674,25754,12,23635,220],"class_list":{"0":"post-261473","1":"post","2":"type-post","3":"status-publish","4":"format-standard","5":"has-post-thumbnail","7":"category-ukraine","8":"tag-actualites","9":"tag-donald-trump","10":"tag-eu","11":"tag-europe","12":"tag-loi-duplomb","13":"tag-news","14":"tag-pierre-u00e9douard-stu00e9rin","15":"tag-ukraine"},"share_on_mastodon":{"url":"https:\/\/pubeurope.com\/@fr\/114886548046847994","error":""},"_links":{"self":[{"href":"https:\/\/www.europesays.com\/fr\/wp-json\/wp\/v2\/posts\/261473","targetHints":{"allow":["GET"]}}],"collection":[{"href":"https:\/\/www.europesays.com\/fr\/wp-json\/wp\/v2\/posts"}],"about":[{"href":"https:\/\/www.europesays.com\/fr\/wp-json\/wp\/v2\/types\/post"}],"author":[{"embeddable":true,"href":"https:\/\/www.europesays.com\/fr\/wp-json\/wp\/v2\/users\/2"}],"replies":[{"embeddable":true,"href":"https:\/\/www.europesays.com\/fr\/wp-json\/wp\/v2\/comments?post=261473"}],"version-history":[{"count":0,"href":"https:\/\/www.europesays.com\/fr\/wp-json\/wp\/v2\/posts\/261473\/revisions"}],"wp:featuredmedia":[{"embeddable":true,"href":"https:\/\/www.europesays.com\/fr\/wp-json\/wp\/v2\/media\/261474"}],"wp:attachment":[{"href":"https:\/\/www.europesays.com\/fr\/wp-json\/wp\/v2\/media?parent=261473"}],"wp:term":[{"taxonomy":"category","embeddable":true,"href":"https:\/\/www.europesays.com\/fr\/wp-json\/wp\/v2\/categories?post=261473"},{"taxonomy":"post_tag","embeddable":true,"href":"https:\/\/www.europesays.com\/fr\/wp-json\/wp\/v2\/tags?post=261473"}],"curies":[{"name":"wp","href":"https:\/\/api.w.org\/{rel}","templated":true}]}}