{"id":261478,"date":"2025-07-20T16:41:13","date_gmt":"2025-07-20T16:41:13","guid":{"rendered":"https:\/\/www.europesays.com\/fr\/261478\/"},"modified":"2025-07-20T16:41:13","modified_gmt":"2025-07-20T16:41:13","slug":"la-pologne-reintroduit-les-controles-aux-frontieres-avec-lallemagne-et-la-lituanie","status":"publish","type":"post","link":"https:\/\/www.europesays.com\/fr\/261478\/","title":{"rendered":"La Pologne r\u00e9introduit les contr\u00f4les aux fronti\u00e8res avec l\u2019Allemagne et la Lituanie"},"content":{"rendered":"<p style=\"text-align: left\"><strong>La Pologne a annonc\u00e9 qu\u2019elle r\u00e9introduirait des contr\u00f4les temporaires \u00e0 ses fronti\u00e8res avec l\u2019Allemagne et la Lituanie \u00e0 compter du lundi 7 juillet. Cette d\u00e9cision marque un nouveau revers pour l\u2019espace Schengen de libre circulation.<\/strong><\/p>\n<p>Cette mesure a \u00e9t\u00e9 annonc\u00e9e mardi 1er juillet par Donald Tusk, au lendemain d\u2019une conf\u00e9rence de presse au cours de laquelle le Premier ministre avait laiss\u00e9 entendre qu\u2019elle serait prise. Il justifie cette initiative par un afflux accru de migrants en situation irr\u00e9guli\u00e8re venant de Lituanie, ainsi que par des informations selon lesquelles l\u2019Allemagne renverrait des migrants en situation irr\u00e9guli\u00e8re vers la Pologne.<\/p>\n<p>\nLe Premier ministre a pr\u00e9cis\u00e9 que cette d\u00e9cision faisait suite \u00e0 une r\u00e9union tenue le matin m\u00eame sur la situation \u00e0 la fronti\u00e8re, ainsi qu\u2019\u00e0 l\u2019examen d\u2019une demande des gardes-fronti\u00e8res polonais en faveur du r\u00e9tablissement temporaire des contr\u00f4les aux fronti\u00e8res avec les deux pays.\n<\/p>\n<p>\nCette annonce fait suite \u00e0 <a href=\"https:\/\/www.euractiv.fr\/section\/politics\/news\/schengen-la-belgique-dernier-pays-en-date-retablir-les-controles-aux-frontieres\/\" target=\"_blank\" rel=\"noopener nofollow\">une d\u00e9cision similaire<\/a> prise en juin par la Belgique, qui a restaur\u00e9 des contr\u00f4les \u00e0 ses fronti\u00e8res, portant ainsi un nouveau coup \u00e0 l\u2019id\u00e9al de libre circulation de l\u2019espace Schengen, peu apr\u00e8s le 40e anniversaire de cet accord.\n<\/p>\n<p>\nPlus t\u00f4t, la Pologne avait d\u00e9j\u00e0 durci les contr\u00f4les \u00e0 ses fronti\u00e8res, <a href=\"https:\/\/www.euractiv.com\/section\/politics\/news\/poland-suspends-asylum-applications-at-belarus-border-amid-migration-crackdown\/\" target=\"_blank\" rel=\"noopener nofollow\">en suspendant<\/a> les demandes d\u2019asile dans certaines zones frontali\u00e8res avec la Bi\u00e9lorussie, accusant Minsk et Moscou d\u2019organiser d\u00e9lib\u00e9r\u00e9ment un afflux de migrants dans le but de d\u00e9stabiliser le pays.\n<\/p>\n<p style=\"text-align: left\">Lundi\u00a030\u00a0juin, Donald Tusk a d\u00e9clar\u00e9 qu\u2019il veillerait d\u00e9sormais \u00e0 ce que \u00ab\u2009les personnes qui franchissent ill\u00e9galement les fronti\u00e8res ne viennent pas de Lituanie\u2009\u00bb.<\/p>\n<p style=\"text-align: left\">Des informations avaient \u00e9galement circul\u00e9 en Pologne selon lesquelles l\u2019Allemagne renvoyait des migrants vers le territoire polonais. Cela avait conduit des groupes d\u2019extr\u00eame droite \u00e0 former des unit\u00e9s de \u00ab\u2009garde civique\u2009\u00bb qui patrouillaient \u00e0 la fronti\u00e8re avec l\u2019Allemagne.<\/p>\n<p style=\"text-align: left\">De son c\u00f4t\u00e9, Berlin a r\u00e9tabli les contr\u00f4les \u00e0 toutes ses fronti\u00e8res d\u00e8s l\u2019ann\u00e9e derni\u00e8re, et a commenc\u00e9 \u00e0 refouler les arrivants en situation irr\u00e9guli\u00e8re, y compris les demandeurs d\u2019asile, depuis la prise de fonction du nouveau gouvernement dirig\u00e9 par Friedrich Merz en mai.<\/p>\n<p style=\"text-align: left\">\u00ab\u2009Nous avons inform\u00e9 la partie allemande que si nous constatons des cas douteux, nous devrons r\u00e9tablir les contr\u00f4les \u00e0 la fronti\u00e8re germano-polonaise\u2009\u00bb, a indiqu\u00e9 Donald Tusk lundi.<\/p>\n<p><img loading=\"lazy\" decoding=\"async\" width=\"800\" height=\"600\" src=\"https:\/\/www.europesays.com\/fr\/wp-content\/uploads\/2025\/07\/13122104-800x600.jpg\" class=\"attachment-4x3 size-4x3 wp-post-image ea-media-unrolled ea-media-formatted img-responsive\" alt=\"\"\/><\/p>\n<p>L\u2019Allemagne d\u00e9ment les accusations<\/p>\n<p style=\"text-align: left\">Friedrich Merz a ni\u00e9 que l\u2019Allemagne pratique ce que certains m\u00e9dias polonais ont qualifi\u00e9 de \u00ab tourisme de rapatriement \u00bb vers la Pologne. \u00ab\u2009Ce n\u2019est pas le cas\u2009\u00bb, a-t-il assur\u00e9 lundi, pr\u00e9cisant que les passages ill\u00e9gaux \u00e0 la fronti\u00e8re sont un probl\u00e8me commun \u00e0 l\u2019Allemagne et \u00e0 la Pologne, qui doivent \u00eatre trait\u00e9s conjointement.<\/p>\n<p style=\"text-align: left\">Les deux gouvernements se coordonnaient sur cette question depuis la semaine derni\u00e8re et allaient travailler en \u00e9troite collaboration pour \u00ab\u2009r\u00e9duire au minimum la charge [des contr\u00f4les aux fronti\u00e8res]\u2009\u00bb.<\/p>\n<p style=\"text-align: left\">La Lituanie a elle aussi \u00e9t\u00e9 inform\u00e9e de la d\u00e9cision polonaise.<\/p>\n<p style=\"text-align: left\">Les autorit\u00e9s des deux pays devront d\u00e9sormais \u00e9valuer les mesures les plus efficaces pour prot\u00e9ger les fronti\u00e8res ext\u00e9rieures de l\u2019UE tout en \u00ab\u2009r\u00e9pondant aux attentes de chacun, \u00e0 savoir que ces mesures ne portent pas atteinte \u00e0 notre int\u00e9r\u00eat pour la libre circulation des personnes\u2009\u00bb, a soulign\u00e9 le ministre lituanien des Affaires \u00e9trang\u00e8res, K\u0119stutis Budrys.<\/p>\n<p>Coup dur pour la libre circulation<\/p>\n<p style=\"text-align: left\">Cette d\u00e9cision marque une nouvelle remise en cause du principe fondamental de libre circulation au sein de l\u2019espace Schengen, qui est supervis\u00e9 par la Commission europ\u00e9enne.<\/p>\n<p style=\"text-align: left\">Un porte-parole de la Commission a rappel\u00e9 mardi que les contr\u00f4les aux fronti\u00e8res int\u00e9rieures de l\u2019espace Schengen \u00e9taient \u00ab\u2009possibles sous certaines conditions\u2009\u00bb.<\/p>\n<p style=\"text-align: left\">L&rsquo;ex\u00e9cutif europ\u00e9en est \u00ab\u2009en contact \u00e9troit avec tous les \u00c9tats membres qui ont mis en place des contr\u00f4les aux fronti\u00e8res et tous les \u00c9tats membres qui sont concern\u00e9s par ces contr\u00f4les\u2009\u00bb, a-t-il ajout\u00e9.<\/p>\n<p style=\"text-align: left\">Plusieurs pays, dont l\u2019Allemagne, ont eu recours \u00e0 des d\u00e9rogations l\u00e9gales pour r\u00e9introduire des contr\u00f4les aux fronti\u00e8res au cours des derniers mois, apr\u00e8s la forte augmentation des chiffres de l\u2019immigration en 2023, \u00e0 la fin de la pand\u00e9mie de Covid-19.<\/p>\n<p style=\"text-align: left\">Friedrich Merz a d\u00e9clar\u00e9 mardi que l\u2019Europe \u00e9tait d\u00e9termin\u00e9e \u00e0 \u00ab\u2009pr\u00e9server l\u2019espace Schengen\u2009\u00bb. Cependant, \u00ab\u2009la libert\u00e9 de circulation dans l\u2019espace Schengen ne fonctionnera \u00e0 long terme que si elle n\u2019est pas abus\u00e9e par ceux qui favorisent l\u2019immigration clandestine, notamment par le trafic d\u2019\u00eatres humains\u2009\u00bb, a-t-il ajout\u00e9.<\/p>\n<p style=\"text-align: left\">Nicoletta Ionta et Alexandra Brzozowski ont contribu\u00e9 \u00e0 la r\u00e9daction de cet article.<\/p>\n<p><img loading=\"lazy\" decoding=\"async\" width=\"800\" height=\"600\" src=\"https:\/\/www.europesays.com\/fr\/wp-content\/uploads\/2025\/07\/GettyImages-2213896423-scaled-e1749100183153-2048x1314-1-800x600.jpg\" class=\"attachment-4x3 size-4x3 wp-post-image ea-media-unrolled ea-media-formatted img-responsive\" alt=\"\"\/><\/p>\n<p>\n[\u00c9dit\u00e9 par Anne-Sophie Gayet]<\/p>\n","protected":false},"excerpt":{"rendered":"La Pologne a annonc\u00e9 qu\u2019elle r\u00e9introduirait des contr\u00f4les temporaires \u00e0 ses fronti\u00e8res avec l\u2019Allemagne et la Lituanie \u00e0&hellip;\n","protected":false},"author":2,"featured_media":261479,"comment_status":"","ping_status":"","sticky":false,"template":"","format":"standard","meta":{"footnotes":""},"categories":[1587],"tags":[11,672,1804,1805,1803,1777,674,1801,12,1802],"class_list":{"0":"post-261478","1":"post","2":"type-post","3":"status-publish","4":"format-standard","5":"has-post-thumbnail","7":"category-allemagne","8":"tag-actualites","9":"tag-allemagne","10":"tag-bundesrepublik-deutschland","11":"tag-de","12":"tag-deutschland","13":"tag-eu","14":"tag-europe","15":"tag-germany","16":"tag-news","17":"tag-republique-federale-dallemagne"},"share_on_mastodon":{"url":"https:\/\/pubeurope.com\/@fr\/114886559952880738","error":""},"_links":{"self":[{"href":"https:\/\/www.europesays.com\/fr\/wp-json\/wp\/v2\/posts\/261478","targetHints":{"allow":["GET"]}}],"collection":[{"href":"https:\/\/www.europesays.com\/fr\/wp-json\/wp\/v2\/posts"}],"about":[{"href":"https:\/\/www.europesays.com\/fr\/wp-json\/wp\/v2\/types\/post"}],"author":[{"embeddable":true,"href":"https:\/\/www.europesays.com\/fr\/wp-json\/wp\/v2\/users\/2"}],"replies":[{"embeddable":true,"href":"https:\/\/www.europesays.com\/fr\/wp-json\/wp\/v2\/comments?post=261478"}],"version-history":[{"count":0,"href":"https:\/\/www.europesays.com\/fr\/wp-json\/wp\/v2\/posts\/261478\/revisions"}],"wp:featuredmedia":[{"embeddable":true,"href":"https:\/\/www.europesays.com\/fr\/wp-json\/wp\/v2\/media\/261479"}],"wp:attachment":[{"href":"https:\/\/www.europesays.com\/fr\/wp-json\/wp\/v2\/media?parent=261478"}],"wp:term":[{"taxonomy":"category","embeddable":true,"href":"https:\/\/www.europesays.com\/fr\/wp-json\/wp\/v2\/categories?post=261478"},{"taxonomy":"post_tag","embeddable":true,"href":"https:\/\/www.europesays.com\/fr\/wp-json\/wp\/v2\/tags?post=261478"}],"curies":[{"name":"wp","href":"https:\/\/api.w.org\/{rel}","templated":true}]}}