{"id":261484,"date":"2025-07-20T16:44:10","date_gmt":"2025-07-20T16:44:10","guid":{"rendered":"https:\/\/www.europesays.com\/fr\/261484\/"},"modified":"2025-07-20T16:44:10","modified_gmt":"2025-07-20T16:44:10","slug":"une-salariee-dun-prestataire-dair-france-mise-en-cause-apres-avoir-pris-des-passagers-a-partie","status":"publish","type":"post","link":"https:\/\/www.europesays.com\/fr\/261484\/","title":{"rendered":"une salari\u00e9e d\u2019un prestataire d\u2019Air France mise en cause apr\u00e8s avoir pris des passagers \u00e0 partie"},"content":{"rendered":"<p>La compagnie a\u00e9rienne assure avoir rappel\u00e9 ses valeurs \u00abd\u2019accueil, de respect et de neutralit\u00e9\u00bb \u00e0 son prestataire apr\u00e8s l\u2019incident film\u00e9 \u00e0 l\u2019a\u00e9roport de Roissy, pr\u00e8s de Paris.<\/p>\n<p class=\"fig-paragraph\">La courte vid\u00e9o cumule des centaines de milliers de vues sur les r\u00e9seaux sociaux. Partag\u00e9e le 18 juillet sur plusieurs comptes X, on y voit une agent, dans un a\u00e9roport, passer au milieu de passagers attendant leur vol en leur disant \u00abFree Palestine\u00bb, \u00ablib\u00e9rez la Palestine\u00bb, en fran\u00e7ais. Non dat\u00e9e et situ\u00e9e sans plus de pr\u00e9cision dans un \u00aba\u00e9roport de Paris\u00bb, la vid\u00e9o a toutefois \u00e9t\u00e9 signal\u00e9e \u00e0 ADP, le gestionnaire des a\u00e9roports de la capitale, qui a indiqu\u00e9 avoir ouvert une enqu\u00eate.<\/p>\n<p class=\"fig-paragraph\">Joint par Le Figaro, ADP confirme avoir \u00e9tabli que la sc\u00e8ne a \u00e9t\u00e9 film\u00e9e \u00e0\u00a0<a href=\"http:\/\/www.lefigaro.fr\/voyages\/l-aeroport-de-paris-charles-de-gaulle-change-d-ere-air-france-klm-et-groupe-adp-misent-sur-un-hub-a-la-francaise-20250625\" data-fig-type=\"Article\" data-gtm-custom-categorie=\"navigation\" data-gtm-custom-action=\"crossclick\" data-gtm-custom-label=\"Contextuel\" data-gtm-event=\"customEventSPE\" data-fig-domain=\"LEFIGARO\" target=\"_blank\" rel=\"noopener\">l\u2019a\u00e9roport de Roissy &#8211; Charles de\u00a0Gaulle<\/a>\u00a0mi-juillet, en zone r\u00e9serv\u00e9e, soit apr\u00e8s les contr\u00f4les de s\u00e9curit\u00e9. Il s\u2019agit \u00e0 cet endroit d\u2019un deuxi\u00e8me contr\u00f4le de passeport op\u00e9r\u00e9 par la compagnie a\u00e9rienne comme il est d\u2019usage sur certains vols sensibles ou sur demande des autorit\u00e9s de la destination (\u00c9tats-Unis, Isra\u00ebl&#8230;).<\/p>\n<p>                                    <a class=\"fig-a11y-skip a11y-hidden\" href=\"#fig-a11y-skip-main-inarticle\"><br \/>\n        Passer la publicit\u00e9<br \/>\n    <\/a><\/p>\n<p class=\"fig-paragraph\">En l\u2019occurrence, il s\u2019agissait d\u2019un vol Air France. La compagnie indique au Figaro que \u00abla v\u00e9rification des passeports sur [ses] vols est assur\u00e9e par une soci\u00e9t\u00e9 de s\u00fbret\u00e9 externe habilit\u00e9e, conform\u00e9ment aux r\u00e9glementations locales en vigueur\u00bb, et rappelle \u00eatre \u00abprofond\u00e9ment attach\u00e9e aux valeurs d\u2019accueil, de respect et de neutralit\u00e9\u00bb.<\/p>\n<p class=\"fig-paragraph\">La salari\u00e9e mise en cause dans la vid\u00e9o aurait \u00e9t\u00e9 identifi\u00e9e. \u00abNous nous assurerons que ces principes soient rappel\u00e9s avec la plus grande fermet\u00e9 \u00e0 ce prestataire, dont les personnels sont soumis au devoir de r\u00e9serve\u00bb, ajoute Air France. Contact\u00e9, le prestataire en question n\u2019avait pas r\u00e9pondu \u00e0 nos sollicitations ce dimanche 20 juillet.<\/p>\n","protected":false},"excerpt":{"rendered":"La compagnie a\u00e9rienne assure avoir rappel\u00e9 ses valeurs \u00abd\u2019accueil, de respect et de neutralit\u00e9\u00bb \u00e0 son prestataire apr\u00e8s&hellip;\n","protected":false},"author":2,"featured_media":261485,"comment_status":"","ping_status":"","sticky":false,"template":"","format":"standard","meta":{"footnotes":""},"categories":[2],"tags":[11,663,3259,1011,27,12,25],"class_list":{"0":"post-261484","1":"post","2":"type-post","3":"status-publish","4":"format-standard","5":"has-post-thumbnail","7":"category-actualites","8":"tag-actualites","9":"tag-aeroport","10":"tag-conflit-israelo-palestinien","11":"tag-fr","12":"tag-france","13":"tag-news","14":"tag-republique-francaise"},"share_on_mastodon":{"url":"https:\/\/pubeurope.com\/@fr\/114886571743197558","error":""},"_links":{"self":[{"href":"https:\/\/www.europesays.com\/fr\/wp-json\/wp\/v2\/posts\/261484","targetHints":{"allow":["GET"]}}],"collection":[{"href":"https:\/\/www.europesays.com\/fr\/wp-json\/wp\/v2\/posts"}],"about":[{"href":"https:\/\/www.europesays.com\/fr\/wp-json\/wp\/v2\/types\/post"}],"author":[{"embeddable":true,"href":"https:\/\/www.europesays.com\/fr\/wp-json\/wp\/v2\/users\/2"}],"replies":[{"embeddable":true,"href":"https:\/\/www.europesays.com\/fr\/wp-json\/wp\/v2\/comments?post=261484"}],"version-history":[{"count":0,"href":"https:\/\/www.europesays.com\/fr\/wp-json\/wp\/v2\/posts\/261484\/revisions"}],"wp:featuredmedia":[{"embeddable":true,"href":"https:\/\/www.europesays.com\/fr\/wp-json\/wp\/v2\/media\/261485"}],"wp:attachment":[{"href":"https:\/\/www.europesays.com\/fr\/wp-json\/wp\/v2\/media?parent=261484"}],"wp:term":[{"taxonomy":"category","embeddable":true,"href":"https:\/\/www.europesays.com\/fr\/wp-json\/wp\/v2\/categories?post=261484"},{"taxonomy":"post_tag","embeddable":true,"href":"https:\/\/www.europesays.com\/fr\/wp-json\/wp\/v2\/tags?post=261484"}],"curies":[{"name":"wp","href":"https:\/\/api.w.org\/{rel}","templated":true}]}}