{"id":261488,"date":"2025-07-20T16:46:10","date_gmt":"2025-07-20T16:46:10","guid":{"rendered":"https:\/\/www.europesays.com\/fr\/261488\/"},"modified":"2025-07-20T16:46:10","modified_gmt":"2025-07-20T16:46:10","slug":"tour-de-france-15e-etape-le-belge-time-wellens-vainqueur-au-terme-dune-dune-belle-baston","status":"publish","type":"post","link":"https:\/\/www.europesays.com\/fr\/261488\/","title":{"rendered":"Tour de France &#8211; 15e \u00e9tape\u00a0: le Belge Time Wellens vainqueur au terme d&rsquo;une d\u2019une belle baston"},"content":{"rendered":"<p>Envoy\u00e9 sp\u00e9cial.<\/p>\n<p>Acte\u00a0I, sc\u00e8ne 1. Et encore plein les yeux. Dans sa g\u00e9n\u00e9rosit\u00e9 r\u00e9g\u00e9n\u00e9ratrice, quel que soit le sc\u00e9nario ou le profil, le Tour en merveilles nous octroya d\u00e8s le d\u00e9but de l\u2019\u00e9tape un vrai suppl\u00e9ment d\u2019\u00e2me que les suiveurs, seuls, visitaient en topographie de l\u2019int\u00e9rieur. Par l\u2019usufruit du trac\u00e9, de villages en d\u00e9partements, de bourgs en balcons, de rivi\u00e8res en contreforts, nous d\u00e9couvr\u00eemes ce que la France de juillet offrait de meilleur, m\u00eame pour un jour dit \u00ab\u00a0de transition\u00a0\u00bb mais plus pi\u00e9geux qu\u2019il n\u2019y paraissait. Entre Muret et Carcassonne (169,3\u00a0km), la g\u00e9ographie, soumise \u00e0 la n\u00e9cessit\u00e9 \u00e9pique de l\u2019\u00e9preuve, se transforma en chemins accident\u00e9s propices \u00e0 toutes les folies. Une \u00e9blouissante partie de manivelle, comme seule la Grande Boucle en provoque.<\/p>\n<p>Nous en&#8230;<\/p>\n","protected":false},"excerpt":{"rendered":"Envoy\u00e9 sp\u00e9cial. Acte\u00a0I, sc\u00e8ne 1. Et encore plein les yeux. Dans sa g\u00e9n\u00e9rosit\u00e9 r\u00e9g\u00e9n\u00e9ratrice, quel que soit le&hellip;\n","protected":false},"author":2,"featured_media":261489,"comment_status":"","ping_status":"","sticky":false,"template":"","format":"standard","meta":{"footnotes":""},"categories":[4],"tags":[11,1011,27,12,25,210],"class_list":{"0":"post-261488","1":"post","2":"type-post","3":"status-publish","4":"format-standard","5":"has-post-thumbnail","7":"category-france","8":"tag-actualites","9":"tag-fr","10":"tag-france","11":"tag-news","12":"tag-republique-francaise","13":"tag-tour-de-france"},"share_on_mastodon":{"url":"https:\/\/pubeurope.com\/@fr\/114886579554875227","error":""},"_links":{"self":[{"href":"https:\/\/www.europesays.com\/fr\/wp-json\/wp\/v2\/posts\/261488","targetHints":{"allow":["GET"]}}],"collection":[{"href":"https:\/\/www.europesays.com\/fr\/wp-json\/wp\/v2\/posts"}],"about":[{"href":"https:\/\/www.europesays.com\/fr\/wp-json\/wp\/v2\/types\/post"}],"author":[{"embeddable":true,"href":"https:\/\/www.europesays.com\/fr\/wp-json\/wp\/v2\/users\/2"}],"replies":[{"embeddable":true,"href":"https:\/\/www.europesays.com\/fr\/wp-json\/wp\/v2\/comments?post=261488"}],"version-history":[{"count":0,"href":"https:\/\/www.europesays.com\/fr\/wp-json\/wp\/v2\/posts\/261488\/revisions"}],"wp:featuredmedia":[{"embeddable":true,"href":"https:\/\/www.europesays.com\/fr\/wp-json\/wp\/v2\/media\/261489"}],"wp:attachment":[{"href":"https:\/\/www.europesays.com\/fr\/wp-json\/wp\/v2\/media?parent=261488"}],"wp:term":[{"taxonomy":"category","embeddable":true,"href":"https:\/\/www.europesays.com\/fr\/wp-json\/wp\/v2\/categories?post=261488"},{"taxonomy":"post_tag","embeddable":true,"href":"https:\/\/www.europesays.com\/fr\/wp-json\/wp\/v2\/tags?post=261488"}],"curies":[{"name":"wp","href":"https:\/\/api.w.org\/{rel}","templated":true}]}}