{"id":261490,"date":"2025-07-20T16:47:10","date_gmt":"2025-07-20T16:47:10","guid":{"rendered":"https:\/\/www.europesays.com\/fr\/261490\/"},"modified":"2025-07-20T16:47:10","modified_gmt":"2025-07-20T16:47:10","slug":"adrien-saddier-termine-meilleur-francais-au-british-open-lequipe","status":"publish","type":"post","link":"https:\/\/www.europesays.com\/fr\/261490\/","title":{"rendered":"Adrien Saddier termine meilleur Fran\u00e7ais au British Open &#8211; L&#039;\u00c9quipe"},"content":{"rendered":"<ol>\n<li><a href=\"https:\/\/news.google.com\/rss\/articles\/CBMipgFBVV95cUxPamRyYl9MWWpDRlJXWXlVUzV1MW44bzJIN3RpclQ5Sl9yMnY0amRZNkRqMFVYLVlXY01wQ3Y4a2lOQWc4RE1uM2VMcU1WRGpHZWhYNW5wdWltMjVJNndBY2RpOGxxd1REWm96eXY3bUpvb3hnOWNIN19KZ2tKMzh4ajJ4d29uVGk3cVhvRUlucUhEQ1h3aEtYNzJ2b2t1eC1RbjZUZFVR?oc=5\" target=\"_blank\" rel=\"nofollow noopener\">Adrien Saddier termine meilleur Fran\u00e7ais au British Open<\/a>&nbsp;&nbsp;L&rsquo;\u00c9quipe<\/li>\n<li><a href=\"https:\/\/news.google.com\/rss\/articles\/CBMiywFBVV95cUxPZG9FQ2lyZlpEMzcxdS1QT0tZNXFrVGREbW41cHBUMUtaU0hJbnBlallnRkVqTDlhY0M4el9fZ2tNZkJKcVZOSndjTUFvMXJSTWJLN3c1M3hEREhtdkwyYWx3S1pEV05qNWkzY0tXOTZrYjNtS0VlVDJXa0VDdjBwS2lHVkFaMkdJZlBzS2lEN1RQWXhHRVZ4QVhicEdscWpnRlVvbk5fS1o0VERuYzRNQl8tb25jNzNBV0RxUVB1WHBXeC1DVjl6d3R1OA?oc=5\" target=\"_blank\" rel=\"nofollow noopener\">Journ\u00e9e frustrante pour Langasque, Saddier et Rozner apr\u00e8s le 3e tour du British Open<\/a>&nbsp;&nbsp;L&rsquo;\u00c9quipe<\/li>\n<li><a href=\"https:\/\/news.google.com\/rss\/articles\/CBMijgJBVV95cUxQaF92dnJZdTBZWURTeGVmMi04WlVuNkR2S0pUREdHeUlNSmtibFR5U3c2bVdMY0dlam9oX0w4T3FhUVdXRDcweVpSTmNVdFdwWm1CZ21mNTM5M2ZqLW1hSnpCNEV3R3FMWGx4T2pscEZnSS05Mk9uVjlialBaNl9zbG1rTnpPY3p2OEcxejNRc0pDd1I1anFhYzVuX1VldzlyV2Q1MGxnekZ6cDFWYWlHYlRtSEdaXzhpVUkzTUhVeUlNckJ2bFZSS0EzRi14SVBjb0NGMWw4Y2ktT1lxQ0pKYk90NEZuVGdOb2lGdDBqRTllNzZ2S1Jsdm9fcFJsZy0xZW5oT3lqVFoyUzdsYWc?oc=5\" target=\"_blank\" rel=\"nofollow noopener\">Golf. THE 153e OPEN: Saddier fait jeu \u00e9gal avec le parcours, les Fran\u00e7ais loin des feux de la rampe<\/a>&nbsp;&nbsp;Ouest-France<\/li>\n<li><a href=\"https:\/\/news.google.com\/rss\/articles\/CBMixgFBVV95cUxNWFgtbDBhNHZGVEkxak5vaEdtNGJTWkU2TV94SzFIZU03aU8zUkprdnBreHRzS25LZUh5OGRmQW1NWWFiT3V0Wl96S3VOTDd3Nk4yT1FaUFhjaTNDOHo5M2xPVEFCdl9WOE5lVkF6aHB0c201ZlBFam45el9Xbk1tc01rWHZyUW14Y3VUX2ltZ0Z5dXJIMndOOW9ET0doTnMtenlpX0I1bmppbVQ0aHY5OU1INl9UN3MzOThBT1A5VVBhSjNIT0E?oc=5\" target=\"_blank\" rel=\"nofollow noopener\">Un British plein de promesses pour Saddier, bien plus frustrant pour Rozner et Langasque<\/a>&nbsp;&nbsp;Golf Plan\u00e8te<\/li>\n<li><a href=\"https:\/\/news.google.com\/rss\/articles\/CBMizgFBVV95cUxPZkcxY3pNWUZURmFRWWU2UVV4WmhFSG1fV1NpUkwzMVRuOHpzMC1wUFZpQWhYa1BOY1pzZngwc1dWcktjRW9Jc2hObk81TExvX2J5UkdURnNldGd4TGJWR1FuMjYwVDZ1ODJtNU83SnE1d0Q4MGFmektiSl90VzQwclJlRkUwYmlXRGwtVlc2YTlVcjFpRlkzY01OTElzZi1iMXZmaVZrbU5NTzNET2d1cFdOTTc0QUJ5dzQ1Zzl4VEZsOGRidWtGRVNtMkNuZw?oc=5\" target=\"_blank\" rel=\"nofollow noopener\">British Open : malgr\u00e9 une meilleure journ\u00e9e, Matthieu Pavon ne devrait pas passer le cut<\/a>&nbsp;&nbsp;Sud Ouest<\/li>\n<\/ol>\n","protected":false},"excerpt":{"rendered":"Adrien Saddier termine meilleur Fran\u00e7ais au British Open&nbsp;&nbsp;L&rsquo;\u00c9quipe Journ\u00e9e frustrante pour Langasque, Saddier et Rozner apr\u00e8s le 3e&hellip;\n","protected":false},"author":2,"featured_media":261491,"comment_status":"","ping_status":"","sticky":false,"template":"","format":"standard","meta":{"footnotes":""},"categories":[1418],"tags":[1011,27,1472,60],"class_list":{"0":"post-261490","1":"post","2":"type-post","3":"status-publish","4":"format-standard","5":"has-post-thumbnail","7":"category-golf","8":"tag-fr","9":"tag-france","10":"tag-golf","11":"tag-sports"},"share_on_mastodon":{"url":"https:\/\/pubeurope.com\/@fr\/114886583441919218","error":""},"_links":{"self":[{"href":"https:\/\/www.europesays.com\/fr\/wp-json\/wp\/v2\/posts\/261490","targetHints":{"allow":["GET"]}}],"collection":[{"href":"https:\/\/www.europesays.com\/fr\/wp-json\/wp\/v2\/posts"}],"about":[{"href":"https:\/\/www.europesays.com\/fr\/wp-json\/wp\/v2\/types\/post"}],"author":[{"embeddable":true,"href":"https:\/\/www.europesays.com\/fr\/wp-json\/wp\/v2\/users\/2"}],"replies":[{"embeddable":true,"href":"https:\/\/www.europesays.com\/fr\/wp-json\/wp\/v2\/comments?post=261490"}],"version-history":[{"count":0,"href":"https:\/\/www.europesays.com\/fr\/wp-json\/wp\/v2\/posts\/261490\/revisions"}],"wp:featuredmedia":[{"embeddable":true,"href":"https:\/\/www.europesays.com\/fr\/wp-json\/wp\/v2\/media\/261491"}],"wp:attachment":[{"href":"https:\/\/www.europesays.com\/fr\/wp-json\/wp\/v2\/media?parent=261490"}],"wp:term":[{"taxonomy":"category","embeddable":true,"href":"https:\/\/www.europesays.com\/fr\/wp-json\/wp\/v2\/categories?post=261490"},{"taxonomy":"post_tag","embeddable":true,"href":"https:\/\/www.europesays.com\/fr\/wp-json\/wp\/v2\/tags?post=261490"}],"curies":[{"name":"wp","href":"https:\/\/api.w.org\/{rel}","templated":true}]}}