{"id":261492,"date":"2025-07-20T16:49:12","date_gmt":"2025-07-20T16:49:12","guid":{"rendered":"https:\/\/www.europesays.com\/fr\/261492\/"},"modified":"2025-07-20T16:49:12","modified_gmt":"2025-07-20T16:49:12","slug":"rugby-capitaine-de-sa-nation-ce-solide-talonneur-courtise-en-top-14","status":"publish","type":"post","link":"https:\/\/www.europesays.com\/fr\/261492\/","title":{"rendered":"RUGBY. Capitaine de sa nation, ce solide talonneur courtis\u00e9 en Top 14 ?"},"content":{"rendered":"<p>Pr\u00e9sent au <a href=\"https:\/\/www.lerugbynistere.fr\/equipes-nationales\/japon.php\" ui-sref=\"app.team({teamId: 64})\" alt=\"Japon\" data-route=\"app.team\" data-param=\"teamId\" data-id=\"64\" rel=\"nofollow noopener\" target=\"_blank\">Japon<\/a> cet \u00e9t\u00e9, <a href=\"https:\/\/www.lerugbynistere.fr\/fiches-joueurs\/dewi-lake.php\" ui-sref=\"app.player({playerId: 7931})\" alt=\"Dewi Lake\" data-route=\"app.player\" data-param=\"playerId\" data-id=\"7931\" rel=\"nofollow noopener\" target=\"_blank\">Dewi Lake<\/a> a retrouv\u00e9 son statut de capitaine de la s\u00e9lection du pays de Galles. \u00c0 26 ans, le talonneur est l\u2019un des joueurs qui fait honneur \u00e0 la nouvelle garde du XV du Poireau. Solide, combatif et puissant, cet avant mesurant 1,85 m pour 114 kg pourrait cependant <strong>quitter son pays pour rejoindre une \u00e9curie fran\u00e7aise ou anglaise.<\/strong><\/p>\n<p><strong><a class=\"inserer_lien_article\" href=\"https:\/\/www.lerugbynistere.fr\/news\/rugby-contre-785-000-saison-ce-talent-sudiste-boude-le-top-14-2007251517.php\" data-id=\"45610\" data-route=\"app.article\" data-param=\"articleId\" ui-sref=\"app.article({articleId: 45610})\" alt=\"RUGBY. Contre 785 000 \u20ac\/saison, ce talent sudiste boude le Top 14 !\" title=\"RUGBY. Contre 785 000 \u20ac\/saison, ce talent sudiste boude le Top 14 !\" rel=\"nofollow noopener\" target=\"_blank\"><img decoding=\"async\" src=\"https:\/\/www.europesays.com\/fr\/wp-content\/uploads\/2025\/07\/kalyn-ponga-20-07-25-3213.jpg\" alt=\"RUGBY. Contre 785 000 \u20ac\/saison, ce talent sudiste boude le Top 14 !\"\/>RUGBY. Contre 785 000 \u20ac\/saison, ce talent sudiste boude le Top 14 !<\/a><\/strong><\/p>\n<p>Objectif Top 14<\/p>\n<p>En effet, le Midi Olympique et<a href=\"https:\/\/www.rugbypass.com\/news\/fissler-confidential-wales-captain-dewi-lake-at-forefront-of-transfer-scramble\/\" rel=\"nofollow noopener\" target=\"_blank\">Rugby Pass<\/a>\u00a0confirment que le Britannique aurait pour ambition de quitter le pays de Galles. Apr\u00e8s confirmation de la part de la f\u00e9d\u00e9ration qu\u2019il serait toujours bel et bien s\u00e9lectionn\u00e9 m\u00eame en cas de d\u00e9part, <strong>ce dernier \u00e9tudie des points de chute probables.<\/strong> Une arriv\u00e9e en Top 14 ou en <a href=\"https:\/\/www.lerugbynistere.fr\/championnats\/premiership\" ui-sref=\"app.competition({competitionId: 7})\" alt=\"Premiership\" data-route=\"app.competition\" data-param=\"competitionId\" data-id=\"7\" rel=\"nofollow noopener\" target=\"_blank\">Premiership<\/a> est donc \u00e9tudi\u00e9e.<\/p>\n<p>Joueur chez les <a href=\"https:\/\/www.lerugbynistere.fr\/clubs\/ospreys.php\" ui-sref=\"app.team({teamId: 84})\" alt=\"Ospreys\" data-route=\"app.team\" data-param=\"teamId\" data-id=\"84\" rel=\"nofollow noopener\" target=\"_blank\">Ospreys<\/a> depuis 2017, Dewi Lake voit son contrat se terminer dans la franchise galloise \u00e0 la fin de la saison 2025-2026. Ainsi, <strong>le talonneur souhaite trouver un nouveau club pour les saisons suivantes.<\/strong> Bien que le march\u00e9 des talonneurs profite d\u2019un fort vivier local en <a href=\"https:\/\/www.lerugbynistere.fr\/equipes-nationales\/xv-de-france.php\" ui-sref=\"app.team({teamId: 65})\" alt=\"France\" data-route=\"app.team\" data-param=\"teamId\" data-id=\"65\" rel=\"nofollow noopener\" target=\"_blank\">France<\/a>, le CV du Gallois est \u00e9tudi\u00e9 par les diff\u00e9rents clubs de l\u2019\u00e9lite.<\/p>\n<p><a class=\"inserer_lien_article\" href=\"https:\/\/www.lerugbynistere.fr\/videos\/rugby-video-644-jours-plus-tard-le-pays-de-galles-soffre-une-victoire-dans-la-douleur-1207251610.php\" data-id=\"45540\" data-route=\"app.article\" data-param=\"articleId\" ui-sref=\"app.article({articleId: 45540})\" alt=\"RUGBY. VID\u00c9O. 644 jours plus tard, le pays de Galles s\u2019offre une victoire dans la douleur !\" title=\"RUGBY. VID\u00c9O. 644 jours plus tard, le pays de Galles s\u2019offre une victoire dans la douleur !\" rel=\"nofollow noopener\" target=\"_blank\"><img decoding=\"async\" src=\"https:\/\/www.europesays.com\/fr\/wp-content\/uploads\/2025\/07\/1753030151_925_wales-rugby-12-07-25-9263.jpg\" alt=\"RUGBY. VID\u00c9O. 644 jours plus tard, le pays de Galles s\u2019offre une victoire dans la douleur !\"\/>RUGBY. VID\u00c9O. 644 jours plus tard, le pays de Galles s\u2019offre une victoire dans la douleur !<\/a><\/p>\n<p>Depuis la <a href=\"https:\/\/www.lerugbynistere.fr\/international\/coupe-du-monde-rugby\/\" ui-sref=\"app.competition({competitionId: 9})\" alt=\"Coupe du monde\" data-route=\"app.competition\" data-param=\"competitionId\" data-id=\"9\" rel=\"nofollow noopener\" target=\"_blank\">Coupe du monde<\/a> 2023, Dewi Lake est le capitaine de la s\u00e9lection galloise. Apparu pour la premi\u00e8re fois sous le maillot rouge en 2022, <strong>il compte 23 caps avec sa nation.<\/strong> Malgr\u00e9 le d\u00e9part chaotique de Warren Gatland, le jeune premi\u00e8re ligne a conserv\u00e9 son statut en \u00e9quipe nationale et s\u2019est affich\u00e9 comme un leader lors de la tourn\u00e9e des siens au Japon.<\/p>\n<p>Bless\u00e9 lors du dernier Tournoi des VI Nations, Dewi Lake est un grand espoir du rugby gallois. Avec <a href=\"https:\/\/www.lerugbynistere.fr\/fiches-joueurs\/jac-morgan.php\" ui-sref=\"app.player({playerId: 7683})\" alt=\"Jac Morgan\" data-route=\"app.player\" data-param=\"playerId\" data-id=\"7683\" rel=\"nofollow noopener\" target=\"_blank\">Jac Morgan<\/a>, <strong>il incarne une nouvelle g\u00e9n\u00e9ration ambitieuse, mais qui encha\u00eene les r\u00e9sultats compliqu\u00e9s.<\/strong> Depuis la Coupe du monde 2023, le pays de Galles a conc\u00e9d\u00e9 17 d\u00e9faites en 18 rencontres internationales officielles. En parall\u00e8le, la f\u00e9d\u00e9ration galloise de rugby n\u2019est pas \u00e9pargn\u00e9e.<\/p>\n<p>L\u2019institution conna\u00eet une grave crise financi\u00e8re et ses franchises \u00e9voluant en <a href=\"https:\/\/www.lerugbynistere.fr\/international\/united-rugby-championship\" ui-sref=\"app.competition({competitionId: 82})\" alt=\"United Rugby Championship\" data-route=\"app.competition\" data-param=\"competitionId\" data-id=\"82\" rel=\"nofollow noopener\" target=\"_blank\">United Rugby Championship<\/a> connaissent aussi une p\u00e9riode compliqu\u00e9e. Actuellement, <strong>elle h\u00e9siterait m\u00eame fortement \u00e0 r\u00e9duire son nombre d\u2019\u00e9quipes professionnelles.<\/strong> Sur le d\u00e9part, Dewi Lake pourrait donc \u00e9viter \u00e0 sa f\u00e9d\u00e9ration d\u2019avoir \u00e0 payer un gros salaire, s\u2019il d\u00e9cide de s\u2019exiler.<\/p>\n<p>Par ailleurs, le capitaine a r\u00e9cemment invit\u00e9 ses co\u00e9quipiers <strong>\u00e0 se d\u00e9tacher de tous les probl\u00e8mes extra-sportifs<\/strong> rencontr\u00e9s dans l\u2019environnement du rugby gallois. \u201cSi nous pensons \u00e0 tout ce qui se passe, nous ne sommes pas concentr\u00e9s \u00e0 100 % sur le rugby, alors que nous devrions l&rsquo;\u00eatre.[&#8230;] Nous savons ce que nous avons \u00e0 faire, et ce n&rsquo;est pas de penser \u00e0 ce qui nous attend plus tard\u201d, a-t-il d\u00e9clar\u00e9 cet \u00e9t\u00e9 avant de jouer contre le Japon, selon la <a href=\"https:\/\/www.bbc.com\/sport\/rugby-union\/articles\/ckg3nprnx93o\" rel=\"nofollow noopener\" target=\"_blank\">BBC<\/a>.<\/p>\n<p><a class=\"inserer_lien_article\" href=\"https:\/\/www.lerugbynistere.fr\/news\/reduction-du-nombre-de-provinces-comment-le-pays-de-galles-compte-se-restructurer-pour-gagner-de-nouveau-1507251824.php\" data-id=\"45569\" data-route=\"app.article\" data-param=\"articleId\" ui-sref=\"app.article({articleId: 45569})\" alt=\"R\u00e9duction du nombre de provinces... Comment le Pays de Galles compte se restructurer pour gagner de nouveau ?\" title=\"R\u00e9duction du nombre de provinces... Comment le Pays de Galles compte se restructurer pour gagner de nouveau ?\" rel=\"nofollow noopener\" target=\"_blank\"><img decoding=\"async\" src=\"https:\/\/www.europesays.com\/fr\/wp-content\/uploads\/2025\/07\/galles-11-02-25-4679.jpg\" alt=\"R\u00e9duction du nombre de provinces... Comment le Pays de Galles compte se restructurer pour gagner de nouveau ?\"\/>R\u00e9duction du nombre de provinces&#8230; Comment le Pays de Galles compte se restructurer pour gagner de nouveau ?<\/a><\/p>\n","protected":false},"excerpt":{"rendered":"Pr\u00e9sent au Japon cet \u00e9t\u00e9, Dewi Lake a retrouv\u00e9 son statut de capitaine de la s\u00e9lection du pays&hellip;\n","protected":false},"author":2,"featured_media":261493,"comment_status":"","ping_status":"","sticky":false,"template":"","format":"standard","meta":{"footnotes":""},"categories":[1416],"tags":[1011,27,479,1468,60],"class_list":{"0":"post-261492","1":"post","2":"type-post","3":"status-publish","4":"format-standard","5":"has-post-thumbnail","7":"category-rugby","8":"tag-fr","9":"tag-france","10":"tag-rugby","11":"tag-rugby-football","12":"tag-sports"},"share_on_mastodon":{"url":"https:\/\/pubeurope.com\/@fr\/114886591525959137","error":""},"_links":{"self":[{"href":"https:\/\/www.europesays.com\/fr\/wp-json\/wp\/v2\/posts\/261492","targetHints":{"allow":["GET"]}}],"collection":[{"href":"https:\/\/www.europesays.com\/fr\/wp-json\/wp\/v2\/posts"}],"about":[{"href":"https:\/\/www.europesays.com\/fr\/wp-json\/wp\/v2\/types\/post"}],"author":[{"embeddable":true,"href":"https:\/\/www.europesays.com\/fr\/wp-json\/wp\/v2\/users\/2"}],"replies":[{"embeddable":true,"href":"https:\/\/www.europesays.com\/fr\/wp-json\/wp\/v2\/comments?post=261492"}],"version-history":[{"count":0,"href":"https:\/\/www.europesays.com\/fr\/wp-json\/wp\/v2\/posts\/261492\/revisions"}],"wp:featuredmedia":[{"embeddable":true,"href":"https:\/\/www.europesays.com\/fr\/wp-json\/wp\/v2\/media\/261493"}],"wp:attachment":[{"href":"https:\/\/www.europesays.com\/fr\/wp-json\/wp\/v2\/media?parent=261492"}],"wp:term":[{"taxonomy":"category","embeddable":true,"href":"https:\/\/www.europesays.com\/fr\/wp-json\/wp\/v2\/categories?post=261492"},{"taxonomy":"post_tag","embeddable":true,"href":"https:\/\/www.europesays.com\/fr\/wp-json\/wp\/v2\/tags?post=261492"}],"curies":[{"name":"wp","href":"https:\/\/api.w.org\/{rel}","templated":true}]}}