{"id":261494,"date":"2025-07-20T16:50:08","date_gmt":"2025-07-20T16:50:08","guid":{"rendered":"https:\/\/www.europesays.com\/fr\/261494\/"},"modified":"2025-07-20T16:50:08","modified_gmt":"2025-07-20T16:50:08","slug":"resultat-luciano-darderi-jesper-de-jong-atp-250-bastad-finale-dimanche-20-juillet-2025-lequipe","status":"publish","type":"post","link":"https:\/\/www.europesays.com\/fr\/261494\/","title":{"rendered":"R\u00e9sultat : Luciano Darderi &#8211; Jesper De Jong, ATP 250, Bastad, Finale, Dimanche 20 juillet 2025 &#8211; L&#039;\u00c9quipe"},"content":{"rendered":"<ol>\n<li><a href=\"https:\/\/news.google.com\/rss\/articles\/CBMixwFBVV95cUxPQ3h6WjhteGJPRV9DRmJFNGc5ZUZuWFVlX0RUSHAyRk1IVU5tR3I5bm9kS2NMMUNxcjJ4NmdmbS15OGFvcmtkblRsWmRJVXpxMmFuTGRCVzhUT1lHenp5R014NVd1QXRfbnhwQW5CQmtNbVZmbU0zVXA3RTJmSGVkQXhvend2ZjlvYmtxRnk2Uy0xeXNNR3dZZWRMM1hTalFfeVp0N3AzMXNLOTBtLWJibDh4cDllS0ltNmJabGMyX1o3UmhvMHgw?oc=5\" target=\"_blank\" rel=\"nofollow noopener\">R\u00e9sultat : Luciano Darderi &#8211; Jesper De Jong, ATP 250, Bastad, Finale, Dimanche 20 juillet 2025<\/a>&nbsp;&nbsp;L&rsquo;\u00c9quipe<\/li>\n<li><a href=\"https:\/\/news.google.com\/rss\/articles\/CBMiywFBVV95cUxOcHdZRWttRnk2RXEzZXNwTHo3QTdwN2dDaHNlVnJuVnlhTmVrNXdNSENQeDBtVjRhVmRsYjBnM0pVOFo2RU1HLXFpdTNuWWM3TWVIZDhlZlBqWnFldUFjOWNMdlRSSkhTN0YzLVNGNXNNV1dNZmFwYzF4cWtxTGw1Um1OaDc1Vm9MYWVNUjBBNmJhS3pmV2hjaTZVSUx0dWdzU2lzX09uaDlLcFBnand0eWx1cVhiSmNNOHZmVUdJVjZzWURSS1VBcFljTQ?oc=5\" target=\"_blank\" rel=\"nofollow noopener\">R\u00e9sultat : Kimmer Coppejans &#8211; Jan Choinski, Challenger, Bunschoten, Finale, Dimanche 20 juillet 2025<\/a>&nbsp;&nbsp;L&rsquo;\u00c9quipe<\/li>\n<li><a href=\"https:\/\/news.google.com\/rss\/articles\/CBMiwAFBVV95cUxPNWtwTFRqdDlPdjB4MFl1dGtTOTh1T0p6QjRKY0F1Q0xPZ1R4NTk1U1d3TmdRRGRPMjEzZWdkaGYtUnk3XzhndmhUOHQ2NkFaVlZqNnFoNHR1dGRiVkhvaGM1Ulc1SHp2cXVubV9lRG5uRE9xMlNfMUtLLVliYUJQbGowam1vbllydElLYVNEMjRsb25xanJVcDVCUVg1VHBlUEpSYW9SQzN6S29RSVdKTnpKN2lWQmRSYXR5RzVFYlo?oc=5\" target=\"_blank\" rel=\"nofollow noopener\">Football &#8211; Serie A &#8211; Naples : Conte prudent mais ambitieux : \u00abDe Bruyne va \u00e9lever notre niveau\u00bb<\/a>&nbsp;&nbsp;L&rsquo;\u00c9quipe<\/li>\n<li><a href=\"https:\/\/news.google.com\/rss\/articles\/CBMiwgFBVV95cUxNTDZEblE4OHB0VVdhaW5EOU9rTUxqci1rakJlZlRUeW9FNl91dFZ6VU1pVnhjTDNKM3BKd0lrVE9rU3BjNWRzX1FJSjFNT2J4NF9pNmpTWHhZdEdCbmZLTjdqUTlRaG1qb0N5SUFwVk1aVExPZXoyanFuRXd1bDMwcGxsUWNneHBsOVZiLTNidWZjLUJPUGQwZVl3OVRwS1RLUTQ2Y1N1Ym1jZk9LelVSQ0s0bWtPY0cwdERFdDgwZzJfdw?oc=5\" target=\"_blank\" rel=\"nofollow noopener\">R\u00e9sultat : Jil Teichmann &#8211; Irina-Camelia Begu, WTA 250, Iasi, Finale, Dimanche 20 juillet 2025<\/a>&nbsp;&nbsp;L&rsquo;\u00c9quipe<\/li>\n<li><a href=\"https:\/\/news.google.com\/rss\/articles\/CBMiugFBVV95cUxNTFEzUXFMMlJ1TVdzZFNmY2lmTmN2eDBmU3QyaG1Kdms4eUR4UWlSeUt1Y0J0Sjc0NEJQblg0Q1ZCbmZuWFFkd1JuM1UzeDBKZkh5cnhwNXdjS18zV2pCTHM5OE92amRqU0wyTm9TTDFwSEgzNGl6ZHFhczhMcnM1VUVXdVI2MEE1bEJFTkJzd2FnTnhRSDVlUXZ0YlM4N2M1c0lZcUtJY3VISmFmMG0xbFpUenZ5cTNKTkE?oc=5\" target=\"_blank\" rel=\"nofollow noopener\">Newport (CH) &#8211; Adrian Mannarino assure l&rsquo;essentiel, mais pas le titre \u00e0 Newport<\/a>&nbsp;&nbsp;Tennis Actu<\/li>\n<\/ol>\n","protected":false},"excerpt":{"rendered":"R\u00e9sultat : Luciano Darderi &#8211; Jesper De Jong, ATP 250, Bastad, Finale, Dimanche 20 juillet 2025&nbsp;&nbsp;L&rsquo;\u00c9quipe R\u00e9sultat :&hellip;\n","protected":false},"author":2,"featured_media":1983,"comment_status":"","ping_status":"","sticky":false,"template":"","format":"standard","meta":{"footnotes":""},"categories":[1415],"tags":[1011,27,60,1467],"class_list":{"0":"post-261494","1":"post","2":"type-post","3":"status-publish","4":"format-standard","5":"has-post-thumbnail","7":"category-tennis","8":"tag-fr","9":"tag-france","10":"tag-sports","11":"tag-tennis"},"share_on_mastodon":{"url":"https:\/\/pubeurope.com\/@fr\/114886595207419913","error":""},"_links":{"self":[{"href":"https:\/\/www.europesays.com\/fr\/wp-json\/wp\/v2\/posts\/261494","targetHints":{"allow":["GET"]}}],"collection":[{"href":"https:\/\/www.europesays.com\/fr\/wp-json\/wp\/v2\/posts"}],"about":[{"href":"https:\/\/www.europesays.com\/fr\/wp-json\/wp\/v2\/types\/post"}],"author":[{"embeddable":true,"href":"https:\/\/www.europesays.com\/fr\/wp-json\/wp\/v2\/users\/2"}],"replies":[{"embeddable":true,"href":"https:\/\/www.europesays.com\/fr\/wp-json\/wp\/v2\/comments?post=261494"}],"version-history":[{"count":0,"href":"https:\/\/www.europesays.com\/fr\/wp-json\/wp\/v2\/posts\/261494\/revisions"}],"wp:featuredmedia":[{"embeddable":true,"href":"https:\/\/www.europesays.com\/fr\/wp-json\/wp\/v2\/media\/1983"}],"wp:attachment":[{"href":"https:\/\/www.europesays.com\/fr\/wp-json\/wp\/v2\/media?parent=261494"}],"wp:term":[{"taxonomy":"category","embeddable":true,"href":"https:\/\/www.europesays.com\/fr\/wp-json\/wp\/v2\/categories?post=261494"},{"taxonomy":"post_tag","embeddable":true,"href":"https:\/\/www.europesays.com\/fr\/wp-json\/wp\/v2\/tags?post=261494"}],"curies":[{"name":"wp","href":"https:\/\/api.w.org\/{rel}","templated":true}]}}