{"id":261499,"date":"2025-07-20T16:54:11","date_gmt":"2025-07-20T16:54:11","guid":{"rendered":"https:\/\/www.europesays.com\/fr\/261499\/"},"modified":"2025-07-20T16:54:11","modified_gmt":"2025-07-20T16:54:11","slug":"en-direct-tour-de-france-2025-tim-wellens-soffre-la-15e-etape-a-carcassonne-apres-un-long-raid-en-solo-alaphilippe-3e","status":"publish","type":"post","link":"https:\/\/www.europesays.com\/fr\/261499\/","title":{"rendered":"En direct Tour de France 2025. Tim Wellens s&rsquo;offre la 15e \u00e9tape \u00e0 Carcassonne apr\u00e8s un long raid en solo, Alaphilippe 3e"},"content":{"rendered":"<p>Le Belge Tim Wellens a remport\u00e9 dimanche la 15e \u00e9tape du Tour de France, entre Muret et Carcassonne, ralliant l&rsquo;arriv\u00e9e en solitaire apr\u00e8s avoir l\u00e2ch\u00e9 ses compagnons d&rsquo;\u00e9chapp\u00e9e \u00e0 43 km de la ligne.<\/p>\n<p>D\u00e9j\u00e0 vainqueur d&rsquo;\u00e9tape sur le Giro et la Vuelta, le champion de Belgique a d\u00e9croch\u00e9 son premier succ\u00e8s dans le Tour de France, apr\u00e8s avoir travaill\u00e9 depuis le d\u00e9part de la Grande Boucle pour son leader Tadej Pogacar, qui conserve le maillot jaune au terme d&rsquo;une journ\u00e9e sans encombre.<\/p>\n<p>Derri\u00e8re Wellens, Victor Campenaerts a pris la deuxi\u00e8me place pour signer un doubl\u00e9 belge \u00e0 la veille de la f\u00eate nationale. Julian Alaphilippe a r\u00e9gl\u00e9 le groupe de poursuivants au sprint pour r\u00e9aliser le premier podium fran\u00e7ais sur cette 112e \u00e9dition du Tour de France.<\/p>\n<p><strong>Revivez la 15e\u00a0\u00e9tape du Tour :<\/strong><\/p>\n","protected":false},"excerpt":{"rendered":"Le Belge Tim Wellens a remport\u00e9 dimanche la 15e \u00e9tape du Tour de France, entre Muret et Carcassonne,&hellip;\n","protected":false},"author":2,"featured_media":261500,"comment_status":"","ping_status":"","sticky":false,"template":"","format":"standard","meta":{"footnotes":""},"categories":[1411],"tags":[1154,207,12255,107,1701,1011,27,12369,517,1947,60,210],"class_list":{"0":"post-261499","1":"post","2":"type-post","3":"status-publish","4":"format-standard","5":"has-post-thumbnail","7":"category-cyclisme","8":"tag-cycling","9":"tag-cyclisme","10":"tag-direct-actualite","11":"tag-fil-info","12":"tag-fil-info-sport","13":"tag-fr","14":"tag-france","15":"tag-la-course","16":"tag-sport","17":"tag-sport-national","18":"tag-sports","19":"tag-tour-de-france"},"share_on_mastodon":{"url":"https:\/\/pubeurope.com\/@fr\/114886610990432754","error":""},"_links":{"self":[{"href":"https:\/\/www.europesays.com\/fr\/wp-json\/wp\/v2\/posts\/261499","targetHints":{"allow":["GET"]}}],"collection":[{"href":"https:\/\/www.europesays.com\/fr\/wp-json\/wp\/v2\/posts"}],"about":[{"href":"https:\/\/www.europesays.com\/fr\/wp-json\/wp\/v2\/types\/post"}],"author":[{"embeddable":true,"href":"https:\/\/www.europesays.com\/fr\/wp-json\/wp\/v2\/users\/2"}],"replies":[{"embeddable":true,"href":"https:\/\/www.europesays.com\/fr\/wp-json\/wp\/v2\/comments?post=261499"}],"version-history":[{"count":0,"href":"https:\/\/www.europesays.com\/fr\/wp-json\/wp\/v2\/posts\/261499\/revisions"}],"wp:featuredmedia":[{"embeddable":true,"href":"https:\/\/www.europesays.com\/fr\/wp-json\/wp\/v2\/media\/261500"}],"wp:attachment":[{"href":"https:\/\/www.europesays.com\/fr\/wp-json\/wp\/v2\/media?parent=261499"}],"wp:term":[{"taxonomy":"category","embeddable":true,"href":"https:\/\/www.europesays.com\/fr\/wp-json\/wp\/v2\/categories?post=261499"},{"taxonomy":"post_tag","embeddable":true,"href":"https:\/\/www.europesays.com\/fr\/wp-json\/wp\/v2\/tags?post=261499"}],"curies":[{"name":"wp","href":"https:\/\/api.w.org\/{rel}","templated":true}]}}