{"id":26150,"date":"2025-04-15T08:03:11","date_gmt":"2025-04-15T08:03:11","guid":{"rendered":"https:\/\/www.europesays.com\/fr\/26150\/"},"modified":"2025-04-15T08:03:11","modified_gmt":"2025-04-15T08:03:11","slug":"remplir-votre-declaration-de-revenus-cest-une-vraie-galere-voici-ou-trouver-de-laide","status":"publish","type":"post","link":"https:\/\/www.europesays.com\/fr\/26150\/","title":{"rendered":"remplir votre d\u00e9claration de revenus, c&rsquo;est une vraie gal\u00e8re ? Voici o\u00f9 trouver de l&rsquo;aide"},"content":{"rendered":"<p>            Par<br \/>\n        <strong><br \/>\n            <a href=\"https:\/\/actu.fr\/auteur\/anne-laure-petit-henon\" title=\"Consulter tous les articles de Anne-Laure Petit-H\u00e9non\" target=\"_blank\" rel=\"noopener\">Anne-Laure Petit-H\u00e9non<\/a><br \/>\n        <\/strong><\/p>\n<p>        Publi\u00e9 le<\/p>\n<p>            13 avr. 2025 \u00e0 8h02        <\/p>\n<p>Depuis jeudi 10 avril, il est possible de faire votre d\u00e9claration de revenus 2024 pour la campagne 2025 des <a href=\"https:\/\/actu.fr\/tag\/impots\" target=\"_blank\" rel=\"noopener\">imp\u00f4ts<\/a>. M\u00eame si la d\u00e9claration pr\u00e9remplie existe, l\u2019exp\u00e9rience peut vite virer au casse-t\u00eate en fonction de sa situation.<\/p>\n<p class=\" wall-content\">Comment d\u00e9clarer mes frais r\u00e9els\u2009? Que faire s\u2019il y a eu une \u00e9volution dans mon foyer\u2009? Pour les personnes en difficult\u00e9, il existe des solutions gratuites pour se faire aider, r\u00e9pertori\u00e9es par <a href=\"https:\/\/www.economie.gouv.fr\/particuliers\/declaration-revenus-reponses-questions#je-me-pose-d-autres-questions-su_5\" target=\"_blank\" rel=\"noopener\">le minist\u00e8re de l\u2019\u00c9conomie et des Finances<\/a>.<\/p>\n<p>Imp\u00f4ts 2025 : notre guide complet pour tout comprendre \u00e0 votre d\u00e9claration de revenus<\/p>\n<p>Cette ann\u00e9e encore, toute la r\u00e9daction d&rsquo;actu.fr se mobilise pour vous aider \u00e0 remplir votre d\u00e9claration de revenus. <\/p>\n<p>Conseils pratiques et astuces pour r\u00e9duire vos imp\u00f4ts sont \u00e0 retrouver dans notre dossier sp\u00e9cial.<\/p>\n<p>\ud83d\udd0e <b><a href=\"https:\/\/actu.fr\/dossier\/impots-2025-notre-guide-complet-pour-tout-comprendre-a-votre-declaration-de-revenus_62413871.html\" target=\"_blank\" rel=\"noopener\">Retrouvez ici tous les articles de ce dossier sp\u00e9cial imp\u00f4ts 2025<\/a><\/b><\/p>\n<p>Chercher l\u2019information en ligne<\/p>\n<p class=\" wall-content\">Parfois, un petit renseignement se trouve assez facilement. L\u2019administration fiscale publie plusieurs outils pratiques et <strong>gratuits<\/strong>\u2009:<\/p>\n<ul class=\" wall-content\">\n<li>La<a href=\"https:\/\/www.impots.gouv.fr\/www2\/fichiers\/documentation\/brochure\/ir_2024\/accueil.htm\" target=\"_blank\" rel=\"noopener\"> brochure pratique<\/a> (pour l\u2019instant, c\u2019est encore celle de l\u2019ann\u00e9e derni\u00e8re qui est en ligne)<\/li>\n<li>un<a href=\"https:\/\/www.impots.gouv.fr\/particulier\/declarer-mes-revenus\" target=\"_blank\" rel=\"noopener\"> dossier \u00ab\u2009d\u00e9clarer mes revenus\u2009\u00bb<\/a> sous forme de questions-r\u00e9ponses<\/li>\n<li>un <a href=\"https:\/\/www.impots.gouv.fr\/pas-a-pas-des-services-en-ligne-des-particuliers\" target=\"_blank\" rel=\"noopener\">pas-\u00e0-pas des services en ligne des particuliers<\/a> (les diff\u00e9rentes \u00e9tapes des d\u00e9marches fiscales en ligne).<\/li>\n<\/ul>\n<p>Vid\u00e9os : en ce moment sur ActuContacter l\u2019administration en ligne<\/p>\n<p class=\" wall-content\">Si vous \u00eates en train de faire votre d\u00e9claration en ligne, parfois, le plus simple, c\u2019est de rester \u00e0 peu pr\u00e8s au m\u00eame endroit. Dans votre<strong> espace particulier<\/strong> sur impots.gouv.fr, vous avez acc\u00e8s \u00e0 une messagerie s\u00e9curis\u00e9e.<\/p>\n<p class=\" wall-content\">Celle-ci vous permet de communiquer de mani\u00e8re <strong>personnalis\u00e9e<\/strong> avec l\u2019administration fiscale, en toute s\u00e9curit\u00e9, pour poser une question, signaler une difficult\u00e9, indiquer un changement de situation ou transmettre toute information utile \u00e0 votre service gestionnaire.<\/p>\n<p>Par t\u00e9l\u00e9phone<\/p>\n<p class=\" wall-content\">Bon, si Internet, ce n\u2019est vraiment pas votre truc, il existe un num\u00e9ro d\u2019assistance, ouverte du lundi au vendredi de 8 h 30 \u00e0 19h (horaires de la M\u00e9tropole). Il s\u2019agit du <strong>0\u2009809\u2009401\u2009401<\/strong>.<\/p>\n<p class=\" wall-content\">Un agent des Finances publiques pourra r\u00e9pondre \u00e0 vos questions, voire vous guider pour remplir votre d\u00e9claration \u00ab\u2009\u00e0 l\u2019aide d\u2019un outil de partage d\u2019\u00e9cran, ou pour toute autre d\u00e9marche en ligne\u2009\u00bb.<\/p>\n<p>Au centre des Finances publiques, dans les maisons France Service\u2026<\/p>\n<p class=\" wall-content\">Et s\u2019il est pour vous essentiel de parler de visu avec un \u00eatre humain, il est toujours possible de rencontrer des agents de la DGFip dans les<a href=\"https:\/\/www.france-services.gouv.fr\/\" target=\"_blank\" rel=\"noopener\"> maisons France Services<\/a> ainsi que dans les permanences \u00ab\u2009Finances publiques\u2009\u00bb (au sein de mairies ou d\u2019autres lieux), selon les cas, <strong>avec ou sans rendez-vous<\/strong>.<\/p>\n<p class=\" wall-content\">Il est possible d\u2019aller sur <strong>place<\/strong>, mais aussi d\u2019organiser un rendez-vous en visio.<\/p>\n<p class=\" wall-content\">Retrouvez ici la <a href=\"https:\/\/www.data.economie.gouv.fr\/pages\/annuaire-des-services-dgfip\/?headless=true\" target=\"_blank\" rel=\"noopener\">liste de tous les points d\u2019accueil<\/a>.<\/p>\n<p class=\" wall-content\">Suivez toute l\u2019actualit\u00e9 de vos villes et m\u00e9dias favoris en vous inscrivant \u00e0 <a href=\"https:\/\/moncompte.actu.fr\" title=\"D\u00e9couvez Mon Actu\" rel=\"nofollow noopener\" data-trk=\"{&quot;cta&quot;:{&quot;action&quot;:&quot;https:\\\/\\\/moncompte.actu.fr&quot;,&quot;category&quot;:&quot;mon compte&quot;,&quot;from&quot;:&quot;article footer&quot;,&quot;name&quot;:&quot;Mon actu&quot;,&quot;type&quot;:&quot;cta&quot;}}\" target=\"_blank\">Mon Actu<\/a>.<\/p>\n","protected":false},"excerpt":{"rendered":"Par Anne-Laure Petit-H\u00e9non Publi\u00e9 le 13 avr. 2025 \u00e0 8h02 Depuis jeudi 10 avril, il est possible de&hellip;\n","protected":false},"author":2,"featured_media":26151,"comment_status":"","ping_status":"","sticky":false,"template":"","format":"standard","meta":{"footnotes":""},"categories":[4],"tags":[11,33,1011,27,342,12,25],"class_list":{"0":"post-26150","1":"post","2":"type-post","3":"status-publish","4":"format-standard","5":"has-post-thumbnail","7":"category-france","8":"tag-actualites","9":"tag-economie","10":"tag-fr","11":"tag-france","12":"tag-impots","13":"tag-news","14":"tag-republique-francaise"},"share_on_mastodon":{"url":"https:\/\/pubeurope.com\/@fr\/114340941173752962","error":""},"_links":{"self":[{"href":"https:\/\/www.europesays.com\/fr\/wp-json\/wp\/v2\/posts\/26150","targetHints":{"allow":["GET"]}}],"collection":[{"href":"https:\/\/www.europesays.com\/fr\/wp-json\/wp\/v2\/posts"}],"about":[{"href":"https:\/\/www.europesays.com\/fr\/wp-json\/wp\/v2\/types\/post"}],"author":[{"embeddable":true,"href":"https:\/\/www.europesays.com\/fr\/wp-json\/wp\/v2\/users\/2"}],"replies":[{"embeddable":true,"href":"https:\/\/www.europesays.com\/fr\/wp-json\/wp\/v2\/comments?post=26150"}],"version-history":[{"count":0,"href":"https:\/\/www.europesays.com\/fr\/wp-json\/wp\/v2\/posts\/26150\/revisions"}],"wp:featuredmedia":[{"embeddable":true,"href":"https:\/\/www.europesays.com\/fr\/wp-json\/wp\/v2\/media\/26151"}],"wp:attachment":[{"href":"https:\/\/www.europesays.com\/fr\/wp-json\/wp\/v2\/media?parent=26150"}],"wp:term":[{"taxonomy":"category","embeddable":true,"href":"https:\/\/www.europesays.com\/fr\/wp-json\/wp\/v2\/categories?post=26150"},{"taxonomy":"post_tag","embeddable":true,"href":"https:\/\/www.europesays.com\/fr\/wp-json\/wp\/v2\/tags?post=26150"}],"curies":[{"name":"wp","href":"https:\/\/api.w.org\/{rel}","templated":true}]}}