{"id":261505,"date":"2025-07-20T16:57:09","date_gmt":"2025-07-20T16:57:09","guid":{"rendered":"https:\/\/www.europesays.com\/fr\/261505\/"},"modified":"2025-07-20T16:57:09","modified_gmt":"2025-07-20T16:57:09","slug":"une-tour-dhabitation-de-95-metres-dynamitee-a-loos","status":"publish","type":"post","link":"https:\/\/www.europesays.com\/fr\/261505\/","title":{"rendered":"une tour d\u2019habitation de 95 m\u00e8tres dynamit\u00e9e \u00e0 Loos"},"content":{"rendered":"<p>            lire plus tard<\/p>\n<p id=\"dialog__title\" class=\"dialog__title\">Pour sauvegarder cet article, connectez-vous ou cr\u00e9ez un compte franceinfo<\/p>\n<p class=\"dialog__description\">Sans paiement. Sans abonnement.<\/p>\n<p>        Fermer la fen\u00eatre d\u2019activation des notifications France Info<\/p>\n<p>            cr\u00e9er votre compte<\/p>\n<p>            se connecter<\/p>\n<p>        Fermer la fen\u00eatre de pr\u00e9sentation<\/p>\n<p>    Publi\u00e9 le 20\/07\/2025 13:29<\/p>\n<p>      Mis \u00e0 jour le 20\/07\/2025 15:34<\/p>\n<p>        Temps de lecture : 1min &#8211; vid\u00e9o : 2min<\/p>\n<p>    <img decoding=\"async\" class=\"francetv-player-wrapper__image\" alt=\"Nord : une tour d\u2019habitation de 95 m\u00e8tres dynamit\u00e9e\"  width=\"432\" height=\"243\" src=\"https:\/\/www.europesays.com\/fr\/wp-content\/uploads\/2025\/07\/lille-une-tour-de-95-metres-dynamitee-687cd1e2d0993110369803.jpg\" fetchpriority=\"high\"\/><\/p>\n<p>              Nord : une tour d\u2019habitation de 95 m\u00e8tres dynamit\u00e9e<br \/>\n                    (France 2)<\/p>\n<p>      2min<\/p>\n<p class=\"c-chapo \">\n  Avec 28 \u00e9tages et 95 m\u00e8tres, la tour Kennedy \u00e9tait la plus haute tour d\u2019habitation au nord de Paris. Situ\u00e9e dans la commune de Loos, pr\u00e8s de Lille (Nord), elle a \u00e9t\u00e9 d\u00e9molie dimanche 20 juillet.\n<\/p>\n<p>800 kilos d&rsquo;explosifs ont \u00e9t\u00e9 plac\u00e9s dans <a href=\"https:\/\/france3-regions.franceinfo.fr\/hauts-de-france\/nord-0\/les-premieres-images-spectaculaires-du-foudroyage-de-la-plus-haute-tour-d-habitation-au-nord-de-paris-3190575.html\" rel=\"nofollow noopener\" target=\"_blank\">la tour Kennedy<\/a> de Loos, pr\u00e8s de Lille (Nord). Dans un coup de tonnerre, un pan d&rsquo;histoire s&rsquo;est effondr\u00e9, dimanche 20 juillet. La tour d\u2019habitation a \u00e9t\u00e9 mise \u00e0 terre sous les yeux notamment de Christine Wydock, ancienne habitante des lieux. \u00ab\u00a0C&rsquo;est mes souvenirs qui s&rsquo;en vont. [&#8230;] Je ne pensais pas que \u00e7a m&rsquo;aurait fait mal\u00a0\u00bb, r\u00e9agit-elle avec \u00e9motion.<\/p>\n<p>\u00c9rig\u00e9e \u00e0 la fin des ann\u00e9es 60 \u00e0 l&rsquo;\u00e9poque des grands ensembles, la tour mesurait 95 m\u00e8tres de haut et comportait 28 \u00e9tages. Elle \u00e9tait visible \u00e0 plusieurs kilom\u00e8tres \u00e0 la ronde. Mais d\u00e8s les ann\u00e9es 90, la tour a perdu de sa superbe : v\u00e9tust\u00e9, probl\u00e8mes d&rsquo;acc\u00e8s\u2026 Elle co\u00fbtait plusieurs centaines de milliers d&rsquo;euros \u00e0 entretenir par an. Les autorit\u00e9s ont donc d\u00e9cid\u00e9 de la d\u00e9truire. Les habitants sont tous relog\u00e9s. Par mesure de s\u00e9curit\u00e9, d\u00e8s 6 heures, dimanche 20 juillet, 1 500 riverains ont \u00e9t\u00e9 \u00e9vacu\u00e9s.<\/p>\n<p><strong>Retrouvez l&rsquo;int\u00e9gralit\u00e9 du reportage dans la vid\u00e9o ci-dessus<\/strong><\/p>\n<p class=\"related-tags__title\" role=\"heading\" aria-level=\"2\">les mots-cl\u00e9s associ\u00e9s \u00e0 cet article\n    <\/p>\n","protected":false},"excerpt":{"rendered":"lire plus tard Pour sauvegarder cet article, connectez-vous ou cr\u00e9ez un compte franceinfo Sans paiement. Sans abonnement. Fermer&hellip;\n","protected":false},"author":2,"featured_media":261506,"comment_status":"","ping_status":"","sticky":false,"template":"","format":"standard","meta":{"footnotes":""},"categories":[1358],"tags":[1348,1384,1385,1386,58,59,1011,27],"class_list":{"0":"post-261505","1":"post","2":"type-post","3":"status-publish","4":"format-standard","5":"has-post-thumbnail","7":"category-arts-et-design","8":"tag-arts","9":"tag-arts-and-design","10":"tag-arts-et-design","11":"tag-design","12":"tag-divertissement","13":"tag-entertainment","14":"tag-fr","15":"tag-france"},"share_on_mastodon":{"url":"https:\/\/pubeurope.com\/@fr\/114886622794638152","error":""},"_links":{"self":[{"href":"https:\/\/www.europesays.com\/fr\/wp-json\/wp\/v2\/posts\/261505","targetHints":{"allow":["GET"]}}],"collection":[{"href":"https:\/\/www.europesays.com\/fr\/wp-json\/wp\/v2\/posts"}],"about":[{"href":"https:\/\/www.europesays.com\/fr\/wp-json\/wp\/v2\/types\/post"}],"author":[{"embeddable":true,"href":"https:\/\/www.europesays.com\/fr\/wp-json\/wp\/v2\/users\/2"}],"replies":[{"embeddable":true,"href":"https:\/\/www.europesays.com\/fr\/wp-json\/wp\/v2\/comments?post=261505"}],"version-history":[{"count":0,"href":"https:\/\/www.europesays.com\/fr\/wp-json\/wp\/v2\/posts\/261505\/revisions"}],"wp:featuredmedia":[{"embeddable":true,"href":"https:\/\/www.europesays.com\/fr\/wp-json\/wp\/v2\/media\/261506"}],"wp:attachment":[{"href":"https:\/\/www.europesays.com\/fr\/wp-json\/wp\/v2\/media?parent=261505"}],"wp:term":[{"taxonomy":"category","embeddable":true,"href":"https:\/\/www.europesays.com\/fr\/wp-json\/wp\/v2\/categories?post=261505"},{"taxonomy":"post_tag","embeddable":true,"href":"https:\/\/www.europesays.com\/fr\/wp-json\/wp\/v2\/tags?post=261505"}],"curies":[{"name":"wp","href":"https:\/\/api.w.org\/{rel}","templated":true}]}}