{"id":261511,"date":"2025-07-20T17:00:24","date_gmt":"2025-07-20T17:00:24","guid":{"rendered":"https:\/\/www.europesays.com\/fr\/261511\/"},"modified":"2025-07-20T17:00:24","modified_gmt":"2025-07-20T17:00:24","slug":"cyclone-le-premier-festival-de-rap-des-alpes-de-haute-provence-a-reussi-son-pari","status":"publish","type":"post","link":"https:\/\/www.europesays.com\/fr\/261511\/","title":{"rendered":"Cyclone, le premier festival de rap des Alpes-de-Haute-Provence, a r\u00e9ussi son pari"},"content":{"rendered":"<p>Le d\u00e9fi a \u00e9t\u00e9 relev\u00e9 avec brio. <a href=\"https:\/\/www.laprovence.com\/article\/region\/32643319555811\/cyclone-le-premier-festival-de-rap-des-alpes-de-haute-provence-qui-veut-tout-emporter-sur-son-passage\" target=\"_blank\" rel=\"nofollow noopener\">Cyclone<\/a>, tout premier festival de rap mis sur pied dans les Alpes-de-Haute-Provence par le groupe La Marmite, aura r\u00e9uni plus de 700 personnes. Ce vendredi 18 juillet 2025 au soir \u00e0 l&rsquo;<a href=\"https:\/\/www.laprovence.com\/article\/societe\/22927765624750\/nouveau-succes-pour-la-societe-hippique-doraison-qui-a-mis-a-lhonneur-les-communes-du-val-de-rancure\" target=\"_blank\" rel=\"nofollow noopener\">hippodrome d&rsquo;Oraison<\/a>, les artistes se sont succ\u00e9d\u00e9s sur la sc\u00e8ne, emportant avec eux le public dans une ambiance festive. D&rsquo;autres activit\u00e9s annexes avaient \u00e9t\u00e9 organis\u00e9es, comme une tombola ou encore un mur de tag.<\/p>\n<p>Une ambiance familiale<\/p>\n<p>Devant la sc\u00e8ne, le public dansait et chantait des musiques qu&rsquo;il ne connaissait parfois pas du tout. Install\u00e9s sur des canap\u00e9s et des tables, certains discutaient et plaisantaient, d&rsquo;autres se servaient un verre et prenaient de quoi manger. Au milieu des discussions et de la musique, l&rsquo;atmosph\u00e8re se voulait accueillante pour tous. \u00ab\u00a0Moi je ne vais dire qu&rsquo;un seul mot : c&rsquo;est familial\u00a0\u00bb, souriait R\u00e9my, 18 ans.<\/p>\n","protected":false},"excerpt":{"rendered":"Le d\u00e9fi a \u00e9t\u00e9 relev\u00e9 avec brio. Cyclone, tout premier festival de rap mis sur pied dans les&hellip;\n","protected":false},"author":2,"featured_media":261512,"comment_status":"","ping_status":"","sticky":false,"template":"","format":"standard","meta":{"footnotes":""},"categories":[1355],"tags":[17,1298,251,12201,154,58,59,849,1011,27,1361,873,7910,3616,7530],"class_list":{"0":"post-261511","1":"post","2":"type-post","3":"status-publish","4":"format-standard","5":"has-post-thumbnail","7":"category-musique","8":"tag-17","9":"tag-alpes-de-haute-provence","10":"tag-culture","11":"tag-cyclone","12":"tag-des","13":"tag-divertissement","14":"tag-entertainment","15":"tag-festival","16":"tag-fr","17":"tag-france","18":"tag-music","19":"tag-musique","20":"tag-premier","21":"tag-rap","22":"tag-reussi"},"share_on_mastodon":{"url":"https:\/\/pubeurope.com\/@fr\/114886634649188268","error":""},"_links":{"self":[{"href":"https:\/\/www.europesays.com\/fr\/wp-json\/wp\/v2\/posts\/261511","targetHints":{"allow":["GET"]}}],"collection":[{"href":"https:\/\/www.europesays.com\/fr\/wp-json\/wp\/v2\/posts"}],"about":[{"href":"https:\/\/www.europesays.com\/fr\/wp-json\/wp\/v2\/types\/post"}],"author":[{"embeddable":true,"href":"https:\/\/www.europesays.com\/fr\/wp-json\/wp\/v2\/users\/2"}],"replies":[{"embeddable":true,"href":"https:\/\/www.europesays.com\/fr\/wp-json\/wp\/v2\/comments?post=261511"}],"version-history":[{"count":0,"href":"https:\/\/www.europesays.com\/fr\/wp-json\/wp\/v2\/posts\/261511\/revisions"}],"wp:featuredmedia":[{"embeddable":true,"href":"https:\/\/www.europesays.com\/fr\/wp-json\/wp\/v2\/media\/261512"}],"wp:attachment":[{"href":"https:\/\/www.europesays.com\/fr\/wp-json\/wp\/v2\/media?parent=261511"}],"wp:term":[{"taxonomy":"category","embeddable":true,"href":"https:\/\/www.europesays.com\/fr\/wp-json\/wp\/v2\/categories?post=261511"},{"taxonomy":"post_tag","embeddable":true,"href":"https:\/\/www.europesays.com\/fr\/wp-json\/wp\/v2\/tags?post=261511"}],"curies":[{"name":"wp","href":"https:\/\/api.w.org\/{rel}","templated":true}]}}