{"id":261515,"date":"2025-07-20T17:02:10","date_gmt":"2025-07-20T17:02:10","guid":{"rendered":"https:\/\/www.europesays.com\/fr\/261515\/"},"modified":"2025-07-20T17:02:10","modified_gmt":"2025-07-20T17:02:10","slug":"apres-une-nuit-blanche-ce-serum-anti-rides-note-100-100-sur-yuka-a-lifte-cette-partie-de-mon-visage-en-1-heure","status":"publish","type":"post","link":"https:\/\/www.europesays.com\/fr\/261515\/","title":{"rendered":"Apr\u00e8s une nuit blanche, ce s\u00e9rum anti-rides not\u00e9 100\/100\u00a0sur Yuka a lift\u00e9 cette partie de mon visage en 1\u00a0heure"},"content":{"rendered":"<p>\n                Un s\u00e9rum capable de lifter les rides en une heure\u00a0? Forc\u00e9ment, j&rsquo;\u00e9tais sceptique. Mais avec une compo clean et une note parfaite sur Yuka, je me suis laiss\u00e9 tenter et voici mon verdict.            <\/p>\n<p data-pm-slice=\"1 1 []\">Le produit en question se pr\u00e9sente sous la forme d&rsquo;un s\u00e9rum fluide, conditionn\u00e9 dans un flacon de 30\u00a0ml, \u00e9quip\u00e9 d&rsquo;une pipette pour un dosage pr\u00e9cis. Sa formule a \u00e9t\u00e9 test\u00e9e sur peaux sensibles et se revendique 100\u00a0% d&rsquo;origine naturelle. C&rsquo;est aussi une alternative plus douce au r\u00e9tinol,\u00a0permettant\u00a0une application matin et soir, sans risque de sensibilisation. C\u00f4t\u00e9 promesses, il annonce un effet tenseur sur les rides superficielles en une heure, gr\u00e2ce \u00e0 ses sucres tenseurs imitant l&rsquo;acide hyaluronique. Apr\u00e8s une semaine, il promet aussi de lisser les rides marqu\u00e9es gr\u00e2ce au Phyto-R\u00e9tinol et, au bout d&rsquo;un mois, il garantit\u00a0un effet raffermissant\u00a0gr\u00e2ce au Pro-Collag\u00e8ne. Le tout pour 39,90 euros\u00a0et une dur\u00e9e d&rsquo;utilisation estim\u00e9e \u00e0 deux mois. L&rsquo;application se veut ultra-simple\u00a0: quelques gouttes pr\u00e9lev\u00e9es avec la pipette, \u00e0 tapoter sur le visage et le cou, qui p\u00e9n\u00e8trent tr\u00e8s vite, sans effet gras ou collant.<\/p>\n<p>Pour voir si le s\u00e9rum tenait ses promesses, j&rsquo;ai donc choisi un matin strat\u00e9gique\u00a0: le lendemain d&rsquo;une nuit trop courte. Yeux gonfl\u00e9s, traits fatigu\u00e9s, bref des marques de\u00a0manque de sommeil bien visibles. L&rsquo;id\u00e9al pour pouvoir observer si cet effet tenseur \u00e9tait\u00a0vraiment au rendez-vous. Je pr\u00e9l\u00e8ve donc le produit \u00e0 l&rsquo;aide de la pipette, mais dois m&rsquo;y reprendre \u00e0 plusieurs fois avant de r\u00e9ussir \u00e0 r\u00e9colter la dose\u00a0souhait\u00e9e.\u00a0Cependant, bonne surprise au moment de l&rsquo;application : je ressens imm\u00e9diatement\u00a0une sensation de fra\u00eecheur tr\u00e8s agr\u00e9able et finalement peu de mati\u00e8re a suffi \u00e0 couvrir l&rsquo;ensemble de mon visage. J&rsquo;attends donc cet effet miracle annonc\u00e9 au bout d&rsquo;une heure. Verdict\u00a0? Sur le contour des yeux, il y a bien un petit quelque chose\u00a0: la peau semble plus tendue, les poches un peu moins visibles et je ressens comme un effet \u00ab\u00a0tir\u00e9\u00a0\u00bb.\u00a0Pour le reste du visage, en revanche, pas de changement flagrant.<\/p>\n<p><img decoding=\"async\" alt=\"kreme-serum\" src=\"https:\/\/www.europesays.com\/fr\/wp-content\/uploads\/2025\/07\/40039829.png\"\/><br \/>\n\u00a9\u00a0Kr\u00e8me<\/p>\n<p>Un bon point, donc, pour ce s\u00e9rum qui, sans \u00eatre une baguette magique, tient plut\u00f4t bien ses promesses. Son nom\u00a0? Le\u00a0S\u00e9rum Collag\u00e8ne Anti-Rides de la marque Kr\u00e8me, un soin bio fabriqu\u00e9 en France et qui affiche une composition impeccable.<\/p>\n<p>\u00c0 voir si les r\u00e9sultats s&rsquo;intensifient, comme promis, sur le long terme, mais cela reste une belle d\u00e9couverte pour celles et ceux qui cherchent un coup de frais rapide sans compromis sur la qualit\u00e9.\u00a0<\/p>\n","protected":false},"excerpt":{"rendered":"Un s\u00e9rum capable de lifter les rides en une heure\u00a0? Forc\u00e9ment, j&rsquo;\u00e9tais sceptique. Mais avec une compo clean&hellip;\n","protected":false},"author":2,"featured_media":261516,"comment_status":"","ping_status":"","sticky":false,"template":"","format":"standard","meta":{"footnotes":""},"categories":[10],"tags":[1011,27,72,71],"class_list":{"0":"post-261515","1":"post","2":"type-post","3":"status-publish","4":"format-standard","5":"has-post-thumbnail","7":"category-sante","8":"tag-fr","9":"tag-france","10":"tag-health","11":"tag-sante"},"share_on_mastodon":{"url":"https:\/\/pubeurope.com\/@fr\/114886642532863515","error":""},"_links":{"self":[{"href":"https:\/\/www.europesays.com\/fr\/wp-json\/wp\/v2\/posts\/261515","targetHints":{"allow":["GET"]}}],"collection":[{"href":"https:\/\/www.europesays.com\/fr\/wp-json\/wp\/v2\/posts"}],"about":[{"href":"https:\/\/www.europesays.com\/fr\/wp-json\/wp\/v2\/types\/post"}],"author":[{"embeddable":true,"href":"https:\/\/www.europesays.com\/fr\/wp-json\/wp\/v2\/users\/2"}],"replies":[{"embeddable":true,"href":"https:\/\/www.europesays.com\/fr\/wp-json\/wp\/v2\/comments?post=261515"}],"version-history":[{"count":0,"href":"https:\/\/www.europesays.com\/fr\/wp-json\/wp\/v2\/posts\/261515\/revisions"}],"wp:featuredmedia":[{"embeddable":true,"href":"https:\/\/www.europesays.com\/fr\/wp-json\/wp\/v2\/media\/261516"}],"wp:attachment":[{"href":"https:\/\/www.europesays.com\/fr\/wp-json\/wp\/v2\/media?parent=261515"}],"wp:term":[{"taxonomy":"category","embeddable":true,"href":"https:\/\/www.europesays.com\/fr\/wp-json\/wp\/v2\/categories?post=261515"},{"taxonomy":"post_tag","embeddable":true,"href":"https:\/\/www.europesays.com\/fr\/wp-json\/wp\/v2\/tags?post=261515"}],"curies":[{"name":"wp","href":"https:\/\/api.w.org\/{rel}","templated":true}]}}