{"id":261519,"date":"2025-07-20T17:04:09","date_gmt":"2025-07-20T17:04:09","guid":{"rendered":"https:\/\/www.europesays.com\/fr\/261519\/"},"modified":"2025-07-20T17:04:09","modified_gmt":"2025-07-20T17:04:09","slug":"le-tiktokeur-aux-2-millions-dabonnes-mehdi-bassit-surnomme-mehdi-saucisson-est-decede-a-lage-de-32-ans","status":"publish","type":"post","link":"https:\/\/www.europesays.com\/fr\/261519\/","title":{"rendered":"Le Tiktokeur aux 2 millions d&rsquo;abonn\u00e9s Mehdi Bassit, surnomm\u00e9 \u00ab\u00a0Mehdi saucisson\u00a0\u00bb, est d\u00e9c\u00e9d\u00e9 \u00e0 l&rsquo;\u00e2ge de 32 ans"},"content":{"rendered":"<p>C&rsquo;est une triste nouvelle qui a secou\u00e9 la communaut\u00e9 des r\u00e9seaux sociaux. <a href=\"https:\/\/www.instagram.com\/medlevrai_\/?utm_source=ig_embed\" target=\"_blank\" rel=\"noopener\">Mehdi Bassit, cr\u00e9ateur de contenus tr\u00e8s populaire<\/a> sur TikTok sous le pseudonyme @medlevrai, est d\u00e9c\u00e9d\u00e9 dans la nuit de vendredi \u00e0 samedi \u00e0 l&rsquo;\u00e2ge de 32 ans.<\/p>\n<p>Originaire de Li\u00e9vin, dans le Pas-de-Calais, il \u00e9tait suivi par plus de deux millions d&rsquo;abonn\u00e9s, s\u00e9duits par ses vid\u00e9os humoristiques inspir\u00e9es du quotidien. Il s&rsquo;\u00e9tait notamment fait conna\u00eetre gr\u00e2ce \u00e0 sa c\u00e9l\u00e8bre planche \u00e0 charcuterie, qui lui avait valu <strong>le surnom affectueux de \u00ab\u00a0Mehdi Saucisson\u00a0\u00bb<\/strong>.\u00a0<\/p>\n<p><strong>P\u00e8re de deux enfants<\/strong>, Mehdi \u00e9tait tr\u00e8s appr\u00e9ci\u00e9 pour sa bonne humeur et sa cr\u00e9ativit\u00e9. L&rsquo;annonce de sa disparition a \u00e9t\u00e9 faite par plusieurs de ses proches sur les r\u00e9seaux sociaux. Sa s\u0153ur a\u00een\u00e9e a publi\u00e9 un message \u00e9mouvant sur Facebook, accompagn\u00e9 d&rsquo;un dessin montrant Mehdi aux c\u00f4t\u00e9s de leur p\u00e8re, \u00e9galement d\u00e9c\u00e9d\u00e9 il y a plusieurs ann\u00e9es : \u00ab\u00a0Prenez soin l&rsquo;un de l&rsquo;autre\u2026 Je vous aime\u00a0\u00bb, a-t-elle \u00e9crit sur Facebook.<\/p>\n<p>Deux autres de ses s\u0153urs ont \u00e9galement rendu <strong>hommage \u00e0 leur fr\u00e8re<\/strong>. Melissa a partag\u00e9 une photo en noir et blanc de Mehdi avec l&rsquo;un de ses enfants, tandis que Sophia a publi\u00e9 un portrait accompagn\u00e9 d&rsquo;un simple c\u0153ur noir. Leur m\u00e8re a comment\u00e9 cette publication d&rsquo;un bouleversant : \u00ab\u00a0Tu me manques mon fils\u00a0\u00bb.<\/p>\n<p>Tr\u00e8s touch\u00e9e, Juliette, amie proche de Mehdi et cr\u00e9atrice de contenus, lui a rendu hommage en larmes <strong>\u00e0 travers une vid\u00e9o bouleversante<\/strong>. Dans ce message, visionn\u00e9 plus de <strong>sept millions de fois sur TikTok<\/strong>, elle \u00e9voque la douleur du <strong>harc\u00e8lement en ligne<\/strong> que Mehdi aurait subi ces derniers temps :<br \/>\u00ab\u00a0Il n&rsquo;y avait que de la peine, de la tristesse, de la col\u00e8re. Trop de haine, trop de harc\u00e8lement, trop d&rsquo;injustices\u00a0\u00bb, d\u00e9plore-t-elle, expliquant que Mehdi, supporter passionn\u00e9 de l&rsquo;Olympique Lyonnais, avait \u00ab\u00a0choisi de monter l\u00e0-haut\u00a0\u00bb.<\/p>\n<blockquote class=\"tiktok-embed\" cite=\"https:\/\/www.tiktok.com\/@djouliette\/video\/7528770788388867330\"><p>&#13;<br \/>\n<a target=\"_blank\" title=\"@djouliette\" href=\"https:\/\/www.tiktok.com\/@djouliette?refer=embed\" rel=\"noopener\">@djouliette<\/a> @\ud835\udc0c\ud835\udc1e\ud835\udc21\ud835\udc1d\ud835\udc22 \ud83e\udd81 <a target=\"_blank\" title=\"\u266c son original - Djouliette\" href=\"https:\/\/www.tiktok.com\/music\/son-original-7528770839454501654?refer=embed\" rel=\"noopener\">\u266c son original &#8211; Djouliette<\/a>&#13;\n<\/p><\/blockquote>\n<p>\u00ab\u00a0Ces derniers temps, il n&rsquo;y avait que des larmes, de la tristesse, et de la col\u00e8re. C&rsquo;\u00e9tait trop. Trop de haine, trop de harc\u00e8lement, trop de calomnies, trop d&rsquo;injustice\u00a0\u00bb, a-t-elle d\u00e9plor\u00e9.<\/p>\n<p>Peu avant sa disparition, Mehdi avait publi\u00e9 une derni\u00e8re photo sur Instagram, accompagn\u00e9e de ces mots : \u00ab\u00a0Un sourire qui cache beaucoup de choses\u00a0\u00bb. Une phrase lourde de sens, qui laissait entrevoir le mal-\u00eatre qu&rsquo;il traversait.<\/p>\n<p><script async src=\"\/\/www.instagram.com\/embed.js\"><\/script><script async src=\"\/\/www.tiktok.com\/embed.js\"><\/script><\/p>\n","protected":false},"excerpt":{"rendered":"C&rsquo;est une triste nouvelle qui a secou\u00e9 la communaut\u00e9 des r\u00e9seaux sociaux. Mehdi Bassit, cr\u00e9ateur de contenus tr\u00e8s&hellip;\n","protected":false},"author":2,"featured_media":261520,"comment_status":"","ping_status":"","sticky":false,"template":"","format":"standard","meta":{"footnotes":""},"categories":[8],"tags":[17,1007,40127,40126,58,59,1011,27,33735,4657,104,40128,26759],"class_list":{"0":"post-261519","1":"post","2":"type-post","3":"status-publish","4":"format-standard","5":"has-post-thumbnail","7":"category-divertissement","8":"tag-17","9":"tag-aux","10":"tag-bassit","11":"tag-dabonnes","12":"tag-divertissement","13":"tag-entertainment","14":"tag-fr","15":"tag-france","16":"tag-mehdi","17":"tag-millions","18":"tag-societe","19":"tag-surnomme","20":"tag-tiktokeur"},"share_on_mastodon":{"url":"https:\/\/pubeurope.com\/@fr\/114886650326567048","error":""},"_links":{"self":[{"href":"https:\/\/www.europesays.com\/fr\/wp-json\/wp\/v2\/posts\/261519","targetHints":{"allow":["GET"]}}],"collection":[{"href":"https:\/\/www.europesays.com\/fr\/wp-json\/wp\/v2\/posts"}],"about":[{"href":"https:\/\/www.europesays.com\/fr\/wp-json\/wp\/v2\/types\/post"}],"author":[{"embeddable":true,"href":"https:\/\/www.europesays.com\/fr\/wp-json\/wp\/v2\/users\/2"}],"replies":[{"embeddable":true,"href":"https:\/\/www.europesays.com\/fr\/wp-json\/wp\/v2\/comments?post=261519"}],"version-history":[{"count":0,"href":"https:\/\/www.europesays.com\/fr\/wp-json\/wp\/v2\/posts\/261519\/revisions"}],"wp:featuredmedia":[{"embeddable":true,"href":"https:\/\/www.europesays.com\/fr\/wp-json\/wp\/v2\/media\/261520"}],"wp:attachment":[{"href":"https:\/\/www.europesays.com\/fr\/wp-json\/wp\/v2\/media?parent=261519"}],"wp:term":[{"taxonomy":"category","embeddable":true,"href":"https:\/\/www.europesays.com\/fr\/wp-json\/wp\/v2\/categories?post=261519"},{"taxonomy":"post_tag","embeddable":true,"href":"https:\/\/www.europesays.com\/fr\/wp-json\/wp\/v2\/tags?post=261519"}],"curies":[{"name":"wp","href":"https:\/\/api.w.org\/{rel}","templated":true}]}}