{"id":26152,"date":"2025-04-15T08:05:20","date_gmt":"2025-04-15T08:05:20","guid":{"rendered":"https:\/\/www.europesays.com\/fr\/26152\/"},"modified":"2025-04-15T08:05:20","modified_gmt":"2025-04-15T08:05:20","slug":"pour-perenniser-les-chants-a-vern-sur-seiche-le-groupe-des-gars-de-vaugon-cherche-des","status":"publish","type":"post","link":"https:\/\/www.europesays.com\/fr\/26152\/","title":{"rendered":"\u00abPour p\u00e9renniser les chants\u00bb\u00a0: \u00c0 Vern-sur-Seiche, le groupe Des gars de Vaugon cherche des"},"content":{"rendered":"<p>Bernard Aubr\u00e9e, chanteur du groupe Des gars de Vaugon, lance une bouteille \u00e0 la mer\u00a0: \u00a0Suite au d\u00e9c\u00e8s de Gis\u00e8le Monnier et au d\u00e9part de Bruno Ruaudel, tous les deux pr\u00e9sents depuis de nombreuses ann\u00e9es, nous sommes \u00e0 la recherche d\u2019au moins un ou une accord\u00e9oniste.\u00a0 L\u2019ensemble, bien connu des habitants de <a href=\"https:\/\/rennes.maville.com\/bretagne\/ille-et-vilaine\/vern-sur-seiche\/\" target=\"_blank\" rel=\"noopener\">Vern-sur-Seiche<\/a> (<a href=\"https:\/\/www.ouest-france.fr\/bretagne\/ille-et-vilaine\/\" target=\"_blank\" rel=\"noopener\">Ille-et-Vilaine<\/a>), recrute aussi des chanteurs pour \u00e9toffer et former des rempla\u00e7ants, suite au vieillissement du groupe fond\u00e9 en 2006.<\/p>\n<p>Des chanteurs sont recherch\u00e9s<\/p>\n<p>\u00a0En 2006, nous avions eu un succ\u00e8s imm\u00e9diat, qui nous avait donn\u00e9 l\u2019id\u00e9e de constituer un groupe.\u00a0 Au fil des ans, le groupe s\u2019est \u00e9toff\u00e9, avec l\u2019arriv\u00e9e de nouveaux musiciens. \u00a0Nous avons bien tourn\u00e9\u00a0\u00bb, se souvient Bernard Aubr\u00e9e, fier d\u2019avoir assur\u00e9 la premi\u00e8re partie d\u2019un concert de l\u2019auteur-compositeur-interpr\u00e8te Gilles Servat, d\u2019avoir \u00e9t\u00e9 pr\u00e9sent aux Bord\u00e9es de Cancale et \u00e0 divers \u00e9v\u00e9nements pour la ville. \u00a0Afin de p\u00e9renniser les chants marins, r\u00e9cemment inscrits au Patrimoine de l\u2019Unesco, nous avons besoin de renforts\u00a0: quelques chanteurs, principalement en voix basses, nous sauveraient la mise.\u00a0<\/p>\n<p><strong>Deux CD \u00e0 l\u2019actif du groupe<\/strong><\/p>\n<p>Le groupe a sorti deux disques. Apr\u00e8s Sur le pont, en 2013, Des gars de Vaugon a sorti, en 2023, un nouveau CD, baptis\u00e9 <a href=\"https:\/\/rennes.maville.com\/actu\/actudet_-a-vern-sur-seiche-des-gars-de-vaugon-sort-son-nouveau-cd-matelots-a-l-escale-_7-6077716_actu.Htm\" target=\"_blank\" rel=\"noopener\"> Matelots \u00e0 l\u2019escale, pens\u00e9 comme une suite du premier opus.<\/a><\/p>\n<p>Pour toute information ou pour rejoindre l\u2019aventure, contact par t\u00e9l, au 06\u00a018\u00a004\u00a045\u00a078. Infos sur le site internet\u00a0: lesgarsdevaugon.centerblog.net<\/p>\n<p>\u00a0<\/p>\n","protected":false},"excerpt":{"rendered":"Bernard Aubr\u00e9e, chanteur du groupe Des gars de Vaugon, lance une bouteille \u00e0 la mer\u00a0: \u00a0Suite au d\u00e9c\u00e8s&hellip;\n","protected":false},"author":2,"featured_media":26153,"comment_status":"","ping_status":"","sticky":false,"template":"","format":"standard","meta":{"footnotes":""},"categories":[2821],"tags":[1111,11,829,9309,1809,1777,674,1011,27,9311,2705,9313,12,9308,471,3086,584,25,9312,9310],"class_list":{"0":"post-26152","1":"post","2":"type-post","3":"status-publish","4":"format-standard","5":"has-post-thumbnail","7":"category-rennes","8":"tag-actu","9":"tag-actualites","10":"tag-bretagne","11":"tag-chants","12":"tag-cherche","13":"tag-eu","14":"tag-europe","15":"tag-fr","16":"tag-france","17":"tag-gars","18":"tag-groupe","19":"tag-musiciens","20":"tag-news","21":"tag-perenniser","22":"tag-pour","23":"tag-redon","24":"tag-rennes","25":"tag-republique-francaise","26":"tag-vaugon","27":"tag-vern-sur-seiche"},"share_on_mastodon":{"url":"https:\/\/pubeurope.com\/@fr\/114340949074125034","error":""},"_links":{"self":[{"href":"https:\/\/www.europesays.com\/fr\/wp-json\/wp\/v2\/posts\/26152","targetHints":{"allow":["GET"]}}],"collection":[{"href":"https:\/\/www.europesays.com\/fr\/wp-json\/wp\/v2\/posts"}],"about":[{"href":"https:\/\/www.europesays.com\/fr\/wp-json\/wp\/v2\/types\/post"}],"author":[{"embeddable":true,"href":"https:\/\/www.europesays.com\/fr\/wp-json\/wp\/v2\/users\/2"}],"replies":[{"embeddable":true,"href":"https:\/\/www.europesays.com\/fr\/wp-json\/wp\/v2\/comments?post=26152"}],"version-history":[{"count":0,"href":"https:\/\/www.europesays.com\/fr\/wp-json\/wp\/v2\/posts\/26152\/revisions"}],"wp:featuredmedia":[{"embeddable":true,"href":"https:\/\/www.europesays.com\/fr\/wp-json\/wp\/v2\/media\/26153"}],"wp:attachment":[{"href":"https:\/\/www.europesays.com\/fr\/wp-json\/wp\/v2\/media?parent=26152"}],"wp:term":[{"taxonomy":"category","embeddable":true,"href":"https:\/\/www.europesays.com\/fr\/wp-json\/wp\/v2\/categories?post=26152"},{"taxonomy":"post_tag","embeddable":true,"href":"https:\/\/www.europesays.com\/fr\/wp-json\/wp\/v2\/tags?post=26152"}],"curies":[{"name":"wp","href":"https:\/\/api.w.org\/{rel}","templated":true}]}}