{"id":261521,"date":"2025-07-20T17:05:11","date_gmt":"2025-07-20T17:05:11","guid":{"rendered":"https:\/\/www.europesays.com\/fr\/261521\/"},"modified":"2025-07-20T17:05:11","modified_gmt":"2025-07-20T17:05:11","slug":"les-decharges-americaines-sont-des-bombes-a-retardement-des-releves-aeriens-revelent-une-source-massive-et-insoupconnee-demissions-de-methane-qui-menace-notre-planete","status":"publish","type":"post","link":"https:\/\/www.europesays.com\/fr\/261521\/","title":{"rendered":"\u00ab Les d\u00e9charges am\u00e9ricaines sont des bombes \u00e0 retardement \u00bb : des relev\u00e9s a\u00e9riens r\u00e9v\u00e8lent une source massive et insoup\u00e7onn\u00e9e d&rsquo;\u00e9missions de m\u00e9thane qui menace notre plan\u00e8te"},"content":{"rendered":"<tr>\n<td><strong>EN BREF<\/strong><\/td>\n<\/tr>\n<tr>\n<td>\n<ul>\n<li>\ud83d\udd0d Les d\u00e9charges am\u00e9ricaines \u00e9mettent <strong>14,3 %<\/strong> du m\u00e9thane total, un chiffre alarmant pour l\u2019environnement.<\/li>\n<li>\u2708\ufe0f Des observations a\u00e9riennes r\u00e9v\u00e8lent que ces \u00e9missions sont <strong>1,4 fois<\/strong> plus \u00e9lev\u00e9es que les estimations officielles.<\/li>\n<li>\ud83d\udef0\ufe0f Le futur satellite Tanager permettra une <strong>surveillance en temps r\u00e9el<\/strong> des \u00e9missions de m\u00e9thane.<\/li>\n<li>\u267b\ufe0f Une approche holistique est n\u00e9cessaire pour <strong>r\u00e9duire efficacement<\/strong> les \u00e9missions et lutter contre le r\u00e9chauffement climatique.<\/li>\n<\/ul>\n<\/td>\n<\/tr>\n<p>Les d\u00e9charges ont longtemps \u00e9t\u00e9 consid\u00e9r\u00e9es comme de simples destinations finales pour les d\u00e9chets, mais une r\u00e9cente \u00e9tude r\u00e9v\u00e8le un aspect bien plus pr\u00e9occupant : elles sont de v\u00e9ritables sources d\u2019\u00e9missions de m\u00e9thane, un gaz \u00e0 effet de serre extr\u00eamement puissant. Cette d\u00e9couverte alarme la communaut\u00e9 scientifique et souligne l\u2019urgence de revoir nos strat\u00e9gies de gestion des d\u00e9chets pour limiter leur impact sur le changement climatique. Chaque ann\u00e9e, les d\u00e9charges contribuent de mani\u00e8re significative \u00e0 la pollution atmosph\u00e9rique, et ce ph\u00e9nom\u00e8ne invisible pourrait bien \u00eatre un des facteurs cl\u00e9s du r\u00e9chauffement global.<\/p>\n<p>Les d\u00e9charges, un enjeu climatique sous-estim\u00e9<\/p>\n<p>Les d\u00e9charges am\u00e9ricaines repr\u00e9sentent 14,3 % des \u00e9missions totales de m\u00e9thane aux \u00c9tats-Unis, selon une \u00e9tude r\u00e9cente. Ce chiffre, bien loin d\u2019\u00eatre n\u00e9gligeable, les classe parmi les principaux responsables du r\u00e9chauffement climatique, juste derri\u00e8re les secteurs de l\u2019\u00e9nergie et de l\u2019agriculture. Le m\u00e9thane est environ 25 fois plus puissant que le dioxyde de carbone sur une p\u00e9riode de 100 ans, ce qui accentue l\u2019urgence de la situation. Les observations a\u00e9riennes r\u00e9centes ont permis d\u2019obtenir des donn\u00e9es plus pr\u00e9cises que les estimations traditionnelles, souvent bas\u00e9es sur des mod\u00e8les th\u00e9oriques. Cette sous-\u00e9valuation chronique des \u00e9missions r\u00e9elles des d\u00e9charges a conduit \u00e0 une attention insuffisante port\u00e9e \u00e0 ce secteur dans les politiques environnementales.<\/p>\n<blockquote class=\"wp-embedded-content\" data-secret=\"6TyFpSJ3M4\">\n<p><a href=\"https:\/\/www.le-gaz.fr\/2025\/06\/25\/choc-tarifaire-imminent-cette-hausse-inattendue-de-votre-facture-de-gaz-des-le-1er-juillet-2025-pourrait-bouleverser-votre-budget-quotidien\/\" rel=\"nofollow noopener\" target=\"_blank\">Choc tarifaire imminent : cette hausse inattendue de votre facture de gaz d\u00e8s le 1er juillet 2025 pourrait bouleverser votre budget quotidien<\/a><\/p>\n<\/blockquote>\n<p>Des m\u00e9thodes d\u2019observation innovantes<\/p>\n<p>L\u2019\u00e9tude men\u00e9e par Carbon Mapper, en collaboration avec la NASA et d\u2019autres institutions, a introduit des m\u00e9thodes d\u2019observation a\u00e9riennes r\u00e9volutionnaires. En \u00e9quipant des avions de capteurs spectrom\u00e9triques avanc\u00e9s, les chercheurs ont pu mesurer directement les \u00e9missions de m\u00e9thane de plus de 200 d\u00e9charges. <strong>Les r\u00e9sultats sont alarmants : les \u00e9missions sont en moyenne 1,4 fois plus \u00e9lev\u00e9es que les estimations de l\u2019EPA.<\/strong> De plus, des panaches de m\u00e9thane ont \u00e9t\u00e9 d\u00e9tect\u00e9s dans 52 % des sites \u00e9tudi\u00e9s, bien au-dessus des taux observ\u00e9s dans le secteur p\u00e9trolier et gazier. Cette technique offre une pr\u00e9cision accrue, essentielle pour d\u00e9velopper des strat\u00e9gies de mitigation plus efficaces et cibl\u00e9es.<\/p>\n<blockquote class=\"wp-embedded-content\" data-secret=\"cewYKennbU\">\n<p><a href=\"https:\/\/www.le-gaz.fr\/2025\/05\/27\/chauffage-au-gaz-la-fin-dune-ere\/\" rel=\"nofollow noopener\" target=\"_blank\">Chauffage au gaz : la fin d\u2019une \u00e8re ?<\/a><\/p>\n<\/blockquote>\n<p>Vers une surveillance et des actions am\u00e9lior\u00e9es<\/p>\n<p>La n\u00e9cessit\u00e9 d\u2019une approche holistique pour surveiller les \u00e9missions de m\u00e9thane des d\u00e9charges est devenue \u00e9vidente. Une combinaison de t\u00e9l\u00e9d\u00e9tection par satellites, avions et drones, associ\u00e9e \u00e0 des mesures terrestres, pourrait fournir une surveillance continue et pr\u00e9cise. En effet, la t\u00e9l\u00e9d\u00e9tection permet de couvrir de vastes zones rapidement et d\u2019identifier les points chauds n\u00e9cessitant une intervention imm\u00e9diate. Le satellite Tanager, pr\u00e9vu pour 2024, offrira des donn\u00e9es en temps r\u00e9el, facilitant ainsi l\u2019\u00e9laboration de politiques publiques plus adapt\u00e9es et de strat\u00e9gies de r\u00e9duction des \u00e9missions. Cette initiative marque un tournant d\u00e9cisif dans la lutte contre le r\u00e9chauffement climatique.<\/p>\n<p>Un avenir incertain pour la gestion des d\u00e9charges<\/p>\n<p>Les d\u00e9couvertes r\u00e9centes sur les \u00e9missions de m\u00e9thane des d\u00e9charges posent des questions cruciales sur l\u2019avenir de la gestion des d\u00e9chets. Au-del\u00e0 des m\u00e9thodes de surveillance, c\u2019est un changement de paradigme qui semble n\u00e9cessaire. Comment transformer ces sites en acteurs de la lutte contre le changement climatique ? Les technologies de capture du m\u00e9thane, la valorisation \u00e9nerg\u00e9tique des d\u00e9chets, et la r\u00e9duction \u00e0 la source sont autant de pistes \u00e0 explorer. La question reste ouverte : serons-nous capables de transformer ces d\u00e9fis en opportunit\u00e9s pour un avenir plus durable ?<\/p>\n<p>Cet article s\u2019appuie sur des sources v\u00e9rifi\u00e9es et l\u2019assistance de technologies \u00e9ditoriales.<\/p>\n<p id=\"rating\">\u00c7a vous a plu ?\u00a04.4\/5 (20)<\/p>\n","protected":false},"excerpt":{"rendered":"EN BREF \ud83d\udd0d Les d\u00e9charges am\u00e9ricaines \u00e9mettent 14,3 % du m\u00e9thane total, un chiffre alarmant pour l\u2019environnement. \u2708\ufe0f&hellip;\n","protected":false},"author":2,"featured_media":261522,"comment_status":"","ping_status":"","sticky":false,"template":"","format":"standard","meta":{"footnotes":""},"categories":[7],"tags":[1011,27,43,40,41,39,42,44],"class_list":{"0":"post-261521","1":"post","2":"type-post","3":"status-publish","4":"format-standard","5":"has-post-thumbnail","7":"category-sciences-et-technologies","8":"tag-fr","9":"tag-france","10":"tag-science","11":"tag-science-and-technology","12":"tag-sciences","13":"tag-sciences-et-technologies","14":"tag-technologies","15":"tag-technology"},"share_on_mastodon":{"url":"https:\/\/pubeurope.com\/@fr\/114886654248830753","error":""},"_links":{"self":[{"href":"https:\/\/www.europesays.com\/fr\/wp-json\/wp\/v2\/posts\/261521","targetHints":{"allow":["GET"]}}],"collection":[{"href":"https:\/\/www.europesays.com\/fr\/wp-json\/wp\/v2\/posts"}],"about":[{"href":"https:\/\/www.europesays.com\/fr\/wp-json\/wp\/v2\/types\/post"}],"author":[{"embeddable":true,"href":"https:\/\/www.europesays.com\/fr\/wp-json\/wp\/v2\/users\/2"}],"replies":[{"embeddable":true,"href":"https:\/\/www.europesays.com\/fr\/wp-json\/wp\/v2\/comments?post=261521"}],"version-history":[{"count":0,"href":"https:\/\/www.europesays.com\/fr\/wp-json\/wp\/v2\/posts\/261521\/revisions"}],"wp:featuredmedia":[{"embeddable":true,"href":"https:\/\/www.europesays.com\/fr\/wp-json\/wp\/v2\/media\/261522"}],"wp:attachment":[{"href":"https:\/\/www.europesays.com\/fr\/wp-json\/wp\/v2\/media?parent=261521"}],"wp:term":[{"taxonomy":"category","embeddable":true,"href":"https:\/\/www.europesays.com\/fr\/wp-json\/wp\/v2\/categories?post=261521"},{"taxonomy":"post_tag","embeddable":true,"href":"https:\/\/www.europesays.com\/fr\/wp-json\/wp\/v2\/tags?post=261521"}],"curies":[{"name":"wp","href":"https:\/\/api.w.org\/{rel}","templated":true}]}}