{"id":261525,"date":"2025-07-20T17:07:10","date_gmt":"2025-07-20T17:07:10","guid":{"rendered":"https:\/\/www.europesays.com\/fr\/261525\/"},"modified":"2025-07-20T17:07:10","modified_gmt":"2025-07-20T17:07:10","slug":"apres-six-mois-au-pouvoir-le-soutien-a-la-politique-migratoire-de-donald-trump-decline","status":"publish","type":"post","link":"https:\/\/www.europesays.com\/fr\/261525\/","title":{"rendered":"Apr\u00e8s six mois au pouvoir, le soutien \u00e0 la politique migratoire de Donald Trump d\u00e9cline"},"content":{"rendered":"<p>Les sondages rapportent en revanche un soutien toujours in\u00e9branlable des sympathisants r\u00e9publicains.<\/p>\n<p class=\"fig-paragraph\">Six mois apr\u00e8s le retour de Donald Trump \u00e0 la Maison-Blanche, la politique migratoire s\u00e9v\u00e8re du pr\u00e9sident r\u00e9publicain a perdu le soutien de la majorit\u00e9 des Am\u00e9ricains, selon deux sondages publi\u00e9s dimanche.<\/p>\n<p class=\"fig-paragraph\">Selon un sondage command\u00e9 par la cha\u00eene CNN, 55% des personnes interrog\u00e9es estiment que les expulsions de migrants men\u00e9es par l&rsquo;administration Trump \u00abvont trop loin\u00bb. Une hausse de dix points par rapport \u00e0 une pr\u00e9c\u00e9dente enqu\u00eate men\u00e9e en f\u00e9vrier.<\/p>\n<p>                                    <a class=\"fig-a11y-skip a11y-hidden\" href=\"#fig-a11y-skip-main-inarticle\"><br \/>\n        Passer la publicit\u00e9<br \/>\n    <\/a><\/p>\n<p class=\"fig-paragraph\">Une majorit\u00e9 des sond\u00e9s &#8211; 57% &#8211; se dit oppos\u00e9e aux projets de cr\u00e9ation de dizaines de milliers de places en centres de r\u00e9tention, contre 26% qui les soutiennent. Un autre sondage r\u00e9alis\u00e9 pour la cha\u00eene CBS \u00e9tablit que 56% des personnes interrog\u00e9es estiment que l&rsquo;administration Trump cible en priorit\u00e9 des migrants qui ne sont pas de \u00abdangereux criminels\u00bb, contre 47% un mois plus t\u00f4t.<\/p>\n<p class=\"fig-paragraph\">Selon cette m\u00eame enqu\u00eate, 49% approuvent les mesures migratoires radicales voulues par Donald Trump, en baisse de dix points par rapport \u00e0 f\u00e9vrier, et de cinq par rapport \u00e0 juin. Parmi les sympathisants r\u00e9publicains en revanche, le soutien aux expulsions massives reste quasi unanime, \u00e0 hauteur de 91%. Donald Trump a fait de la lutte contre l&rsquo;immigration ill\u00e9gale une des priorit\u00e9s de son second mandat et d\u00e9fend une ligne dure depuis son retour au pouvoir en janvier.<\/p>\n<p class=\"fig-paragraph\">Il s&rsquo;est f\u00e9licit\u00e9 dimanche, dans un message publi\u00e9 sur sa plateforme Truth Social d&rsquo;avoir \u00abcompl\u00e8tement relanc\u00e9 un grand pays\u00bb en \u00absix mois\u00bb. \u00abIl y a un an, notre pays \u00e9tait MORT, presque sans espoir de renaissance. Aujourd&rsquo;hui, les \u00c9tats-Unis sont le pays le plus respect\u00e9 \u00e0 travers le monde\u00bb.<\/p>\n","protected":false},"excerpt":{"rendered":"Les sondages rapportent en revanche un soutien toujours in\u00e9branlable des sympathisants r\u00e9publicains. Six mois apr\u00e8s le retour de&hellip;\n","protected":false},"author":2,"featured_media":261526,"comment_status":"","ping_status":"","sticky":false,"template":"","format":"standard","meta":{"footnotes":""},"categories":[5],"tags":[11,75,73,1011,27,14,12,28],"class_list":{"0":"post-261525","1":"post","2":"type-post","3":"status-publish","4":"format-standard","5":"has-post-thumbnail","7":"category-international","8":"tag-actualites","9":"tag-donald-trump","10":"tag-etats-unis","11":"tag-fr","12":"tag-france","13":"tag-international","14":"tag-news","15":"tag-world"},"share_on_mastodon":{"url":"https:\/\/pubeurope.com\/@fr\/114886662181427586","error":""},"_links":{"self":[{"href":"https:\/\/www.europesays.com\/fr\/wp-json\/wp\/v2\/posts\/261525","targetHints":{"allow":["GET"]}}],"collection":[{"href":"https:\/\/www.europesays.com\/fr\/wp-json\/wp\/v2\/posts"}],"about":[{"href":"https:\/\/www.europesays.com\/fr\/wp-json\/wp\/v2\/types\/post"}],"author":[{"embeddable":true,"href":"https:\/\/www.europesays.com\/fr\/wp-json\/wp\/v2\/users\/2"}],"replies":[{"embeddable":true,"href":"https:\/\/www.europesays.com\/fr\/wp-json\/wp\/v2\/comments?post=261525"}],"version-history":[{"count":0,"href":"https:\/\/www.europesays.com\/fr\/wp-json\/wp\/v2\/posts\/261525\/revisions"}],"wp:featuredmedia":[{"embeddable":true,"href":"https:\/\/www.europesays.com\/fr\/wp-json\/wp\/v2\/media\/261526"}],"wp:attachment":[{"href":"https:\/\/www.europesays.com\/fr\/wp-json\/wp\/v2\/media?parent=261525"}],"wp:term":[{"taxonomy":"category","embeddable":true,"href":"https:\/\/www.europesays.com\/fr\/wp-json\/wp\/v2\/categories?post=261525"},{"taxonomy":"post_tag","embeddable":true,"href":"https:\/\/www.europesays.com\/fr\/wp-json\/wp\/v2\/tags?post=261525"}],"curies":[{"name":"wp","href":"https:\/\/api.w.org\/{rel}","templated":true}]}}