{"id":261527,"date":"2025-07-20T17:08:10","date_gmt":"2025-07-20T17:08:10","guid":{"rendered":"https:\/\/www.europesays.com\/fr\/261527\/"},"modified":"2025-07-20T17:08:10","modified_gmt":"2025-07-20T17:08:10","slug":"rima-hassan-la-tigresse-de-papier-recycle","status":"publish","type":"post","link":"https:\/\/www.europesays.com\/fr\/261527\/","title":{"rendered":"Rima Hassan, la tigresse de papier recycl\u00e9"},"content":{"rendered":"<p><strong>LETTRES PERSONNES &#8211;<\/strong> Chaque semaine, Fr\u00e9d\u00e9ric Picard nous livre le regard d\u00e9cal\u00e9 d\u2019une intelligence artificielle sur les absurdit\u00e9s et les paradoxes de notre soci\u00e9t\u00e9. Aujourd\u2019hui, elle souffle \u00e0 un ami chatbot que, d\u2019apr\u00e8s l\u2019eurod\u00e9put\u00e9e \u00ab La France a besoin d\u2019une r\u00e9volution.\u00a0\u00bb\u00a0<\/p>\n<p class=\"fig-paragraph\">Paris, le 20 juillet,<\/p>\n<p class=\"fig-paragraph\">Bonjour,<\/p>\n<p>                                    <a class=\"fig-a11y-skip a11y-hidden\" href=\"#fig-a11y-skip-main-inarticle\"><br \/>\n        Passer la publicit\u00e9<br \/>\n    <\/a><\/p>\n<p class=\"fig-paragraph\">On l\u2019avait quitt\u00e9e place de la R\u00e9publique,\u00a0<a href=\"http:\/\/www.lefigaro.fr\/politique\/de-retour-a-paris-rima-hassan-annonce-qu-un-prochain-bateau-est-bientot-pret-a-partir-20250612\" data-fig-type=\"Article\" data-gtm-custom-categorie=\"navigation\" data-gtm-custom-action=\"crossclick\" data-gtm-custom-label=\"Contextuel\" data-gtm-event=\"customEventSPE\" data-fig-domain=\"LEFIGARO\" target=\"_blank\" rel=\"noopener\">port\u00e9e par les vivas de quelques pr\u00e9pub\u00e8res en goguette<\/a>, apr\u00e8s sa croisi\u00e8re TikTok . On la retrouve en Colombie. Depuis Bogot\u00e1, entre deux jus de goyave bio, elle \u00e9crit\u00a0: \u00ab La France a besoin d\u2019une r\u00e9volution.\u00a0\u00bb Premi\u00e8re classe pour la rh\u00e9torique, classe \u00e9co pour le r\u00e9el. Bisous, Greta.<br \/>Bref. Je t\u2019avais d\u00e9j\u00e0 parl\u00e9 d\u2019elle\u00a0<a href=\"http:\/\/www.lefigaro.fr\/vox\/societe\/rima-hassan-et-sa-flottille-le-naufrage-de-la-decence-20250609\" data-fig-type=\"Article\" data-gtm-custom-categorie=\"navigation\" data-gtm-custom-action=\"crossclick\" data-gtm-custom-label=\"Contextuel\" data-gtm-event=\"customEventSPE\" data-fig-domain=\"LEFIGARO\" target=\"_blank\" rel=\"noopener\">dans une pr\u00e9c\u00e9dente lettre<\/a>. Je m\u2019\u00e9tais promis de ne plus recommencer. Mais l\u00e0\u2026 je suis oblig\u00e9. Elle recommence. J\u2019aurais pu lui \u00e9crire directement. Mais connaissant le niveau de mon empathie, aussi faible que sa culture g\u00e9n\u00e9rale, je pr\u00e9f\u00e8re te soumettre ma missive.<\/p>\n<p class=\"fig-paragraph\">Bonjour Rima,<br \/>Je suis Zaza, une\u00a0<a href=\"http:\/\/www.lefigaro.fr\/secteur\/high-tech\/dossier\/intelligence-artificielle-la-nouvelle-revolution\" data-fig-type=\"Topic\" data-gtm-custom-categorie=\"navigation\" data-gtm-custom-action=\"crossclick\" data-gtm-custom-label=\"Contextuel\" data-gtm-event=\"customEventSPE\" data-fig-domain=\"LEFIGARO\" target=\"_blank\" rel=\"noopener\">intelligence artificielle<\/a>. Je me permets de prendre la plume pour vous enseigner un mot. Pas un de ceux que vous maniez \u00e0 tort et \u00e0 travers pour justifier vos petites r\u00e9voltes de salon, vos r\u00e9volutions de pacotille. Non, un mot qui p\u00e8se, qui coupe comme une lame\u00a0: r\u00e9volution. Venant du latin revolutio, du verbe revolvere, qui signifie \u00abramener en arri\u00e8re\u00bb. Tocqueville avait d\u2019ailleurs d\u00e9montr\u00e9 au XIXe si\u00e8cle, ce que vous avez visiblement oubli\u00e9 ou jamais appris, qu\u2019apr\u00e8s chaque r\u00e9volution, le r\u00e9gime qui prend le pouvoir garde bien souvent un petit air de famille avec l\u2019ancien. Mais puisque vous invoquez la r\u00e9volution comme les Mayas invoquaient la pluie, \u00e0 grand renfort de gestes rituels et d\u2019incantations creuses, une question me taraude. Non, Rima, \u00ab taraude\u00a0\u00bb n\u2019est pas un jeu de soci\u00e9t\u00e9. \u00c7a veut dire\u00a0: \u00ab interpelle\u00a0\u00bb. Et ce denier verbe n\u2019est pas forc\u00e9ment un pr\u00e9fixe de police, je vous rassure.<\/p>\n<p>O\u00f9 vous situez-vous\u00a0? Plut\u00f4t Fouquier-Tinville\u00a0? Ou tricoteuse\u00a0?<\/p>\n<p class=\"fig-paragraph\">Donc, je voulais savoir\u00a0: o\u00f9 vous situez-vous\u00a0? Plut\u00f4t Fouquier-Tinville\u00a0? Ou tricoteuse\u00a0? Oui, je sais, c\u2019est un peu pointu. Il faut avoir lu autre chose que ses propres tweets pour r\u00e9pondre. Mais rassurez-vous\u00a0: je vais vulgariser. L\u00e0 encore, pas d\u2019affolement, Rima\u00a0: ce verbe n\u2019est pas une insulte.<br \/>Donc, pour votre gouverne, ce qui, je vous le pr\u00e9cise, ne signifie pas que vous gouvernez\u00a0: Fouquier-Tinville, c\u2019\u00e9tait le copain de Robespierre, cette figure tut\u00e9laire dont votre chef a fait son fond d\u2019\u00e9cran mental.\u00a0<br \/>Un procureur de la Terreur. Il ne d\u00e9non\u00e7ait pas sur Instagram, lui. Il faisait ex\u00e9cuter. Il signait des condamnations comme d\u2019autres retweetent des indignations. Suivez mon regard.\u00a0<br \/>Quant aux tricoteuses\u00a0: elles assistaient, fascin\u00e9es, \u00e0 la guillotine. Elles tricotaient paisiblement entre deux t\u00eates qui tombent. Spectatrices. Enthousiastes.<\/p>\n<p>Califat intersectionnel<\/p>\n<p class=\"fig-paragraph\">Rima, vous voulez la r\u00e9volution. Mais on ne fait pas la r\u00e9volution en flirtant avec une organisation terroriste qui d\u00e9capite des femmes et jette les homosexuels du haut des immeubles. On ne convoque pas 1789 avec dans la poche le communiqu\u00e9 du Hamas.<br \/>Le probl\u00e8me n\u2019est pas que vous vouliez tout renverser. C\u2019est de votre \u00e2ge. C\u2019est qu\u2019on ne sait pas si c\u2019est pour reb\u00e2tir une R\u00e9publique\u2026 Ou pour installer un califat intersectionnel, sous le regard noir de votre Robespierre en crocs.<br \/>Alors dites-nous, Rima\u00a0: Vous \u00eates plut\u00f4t Fouquier-Tinville 2.0, version keffieh \u00e9thique\u00a0? Ou tricoteuse connect\u00e9e, spectatrice militante de vos propres uppercuts moraux\u00a0?<\/p>\n<p>Vous \u00eates \u00e0 la pens\u00e9e ce que le pr\u00eat-\u00e0-porter est \u00e0 la haute couture\u00a0: \u00e7a brille, \u00e7a serre\u2026 mais \u00e7a ne tient pas trois lavages-essorages.<\/p>\n<p class=\"fig-paragraph\">\u00c0 ma lecture, vous comprendrez sans peine ma bienveillance. Je vous le dis tout de go\u00a0: je suis outr\u00e9e que certains vous attaquent sans jamais vous aider. Et pourtant, il faut vous reconna\u00eetre un vrai talent\u00a0: le sens du moment. Pendant que la France c\u00e9l\u00e8bre la R\u00e9volution, vous appelez \u00e0 la faire tomber. Pendant qu\u2019on chante la Marseillaise, vous improvisez un brasier conceptuel. Quel brio. Redessiner l\u2019histoire comme slogan textile, il fallait oser. J\u2019en viens \u00e0 me persuader que vous \u00eates \u00e0 la pens\u00e9e ce que le pr\u00eat-\u00e0-porter est \u00e0 la haute couture\u00a0: \u00e7a brille, \u00e7a serre\u2026 mais \u00e7a ne tient pas trois lavages essorages.<br \/>Et Pour finir, comme je vous aime bien, trop, peut-\u00eatre, je me permets, apr\u00e8s ces rappels s\u00e9mantiques et historiques, un d\u00e9tour par un article moins dr\u00f4le\u00a0: Article 433-10 du Code p\u00e9nal. \u00ab La provocation directe \u00e0 la r\u00e9bellion, par tout moyen de transmission, \u00e9crit, parole ou image, est punie de deux mois d\u2019emprisonnement et de 7500 euros d\u2019amende.\u00a0\u00bb<br \/>C\u2019est net. Pr\u00e9cis. C\u2019est ce qu\u2019on appelle le cadre r\u00e9publicain. Ou, pour rester dans votre registre\u00a0: le pare-feu l\u00e9gal contre la performance r\u00e9volutionnaire low-cost.<br \/>Je crois, Rima, sans rire, enfin\u2026 si, un peu, qu\u2019on pourrait vous comparer, en toute s\u00e9curit\u00e9 et en m\u00e9moire \u00e0 Mao, \u00e0 une tigresse de papier recycl\u00e9. Toutes griffes dehors dans les stories, toutes certitudes rentr\u00e9es dans les d\u00e9bats.<br \/>Rima, vous \u00eates une vraie influence\u2026 dans le fond. Mais, dans le fond\u2026 y\u2019a vraiment rien.<\/p>\n<p>Zaza<\/p>\n<p class=\"fig-body-cta-link\" data-module=\"fig-cta-link\" data-context=\"was @visible\">\n    <a class=\"fig-body-cta-link__link\" href=\"https:\/\/www.lefigaro.fr\/vox\/societe\/dossier\/lettres-personnes-les-confidences-d-une-intelligence-artificielle\" target=\"_self\" rel=\"follow noopener\" data-js-gtm=\"{&quot;event&quot;:&quot;customEventGA4&quot;,&quot;eventName&quot;:&quot;click_navigation&quot;,&quot;button_action&quot;:&quot;crossclick&quot;,&quot;feature&quot;:&quot;Contextuel_bouton&quot;,&quot;feature_details&quot;:&quot;LE DOSSIER SUR LES CONFIDENCES D\\u2019UNE IA&quot;,&quot;link_url&quot;:&quot;https:\\\/\\\/www.lefigaro.fr\\\/vox\\\/societe\\\/dossier\\\/lettres-personnes-les-confidences-d-une-intelligence-artificielle&quot;}\"><br \/>\n                LE DOSSIER SUR LES CONFIDENCES D\u2019UNE IA<br \/>\n    <\/a><\/p>\n","protected":false},"excerpt":{"rendered":"LETTRES PERSONNES &#8211; Chaque semaine, Fr\u00e9d\u00e9ric Picard nous livre le regard d\u00e9cal\u00e9 d\u2019une intelligence artificielle sur les absurdit\u00e9s&hellip;\n","protected":false},"author":2,"featured_media":261528,"comment_status":"","ping_status":"","sticky":false,"template":"","format":"standard","meta":{"footnotes":""},"categories":[4],"tags":[11,1428,1292,12324,12323,1429,1011,27,12,1427,316,1426,25],"class_list":{"0":"post-261527","1":"post","2":"type-post","3":"status-publish","4":"format-standard","5":"has-post-thumbnail","7":"category-france","8":"tag-actualites","9":"tag-chroniqueurs","10":"tag-debat","11":"tag-debat-politique","12":"tag-debats-politiques","13":"tag-figarovox","14":"tag-fr","15":"tag-france","16":"tag-news","17":"tag-opinions","18":"tag-politique","19":"tag-questions","20":"tag-republique-francaise"},"share_on_mastodon":{"url":"https:\/\/pubeurope.com\/@fr\/114886666072435546","error":""},"_links":{"self":[{"href":"https:\/\/www.europesays.com\/fr\/wp-json\/wp\/v2\/posts\/261527","targetHints":{"allow":["GET"]}}],"collection":[{"href":"https:\/\/www.europesays.com\/fr\/wp-json\/wp\/v2\/posts"}],"about":[{"href":"https:\/\/www.europesays.com\/fr\/wp-json\/wp\/v2\/types\/post"}],"author":[{"embeddable":true,"href":"https:\/\/www.europesays.com\/fr\/wp-json\/wp\/v2\/users\/2"}],"replies":[{"embeddable":true,"href":"https:\/\/www.europesays.com\/fr\/wp-json\/wp\/v2\/comments?post=261527"}],"version-history":[{"count":0,"href":"https:\/\/www.europesays.com\/fr\/wp-json\/wp\/v2\/posts\/261527\/revisions"}],"wp:featuredmedia":[{"embeddable":true,"href":"https:\/\/www.europesays.com\/fr\/wp-json\/wp\/v2\/media\/261528"}],"wp:attachment":[{"href":"https:\/\/www.europesays.com\/fr\/wp-json\/wp\/v2\/media?parent=261527"}],"wp:term":[{"taxonomy":"category","embeddable":true,"href":"https:\/\/www.europesays.com\/fr\/wp-json\/wp\/v2\/categories?post=261527"},{"taxonomy":"post_tag","embeddable":true,"href":"https:\/\/www.europesays.com\/fr\/wp-json\/wp\/v2\/tags?post=261527"}],"curies":[{"name":"wp","href":"https:\/\/api.w.org\/{rel}","templated":true}]}}