{"id":261533,"date":"2025-07-20T17:11:09","date_gmt":"2025-07-20T17:11:09","guid":{"rendered":"https:\/\/www.europesays.com\/fr\/261533\/"},"modified":"2025-07-20T17:11:09","modified_gmt":"2025-07-20T17:11:09","slug":"championnat-de-france-avenir-a-saint-etienne-une-pluie-de-medailles-pour-les-bretons","status":"publish","type":"post","link":"https:\/\/www.europesays.com\/fr\/261533\/","title":{"rendered":"Championnat de France \u00ab\u00a0avenir\u00a0\u00bb \u00e0 Saint-\u00c9tienne\u00a0: une pluie de m\u00e9dailles pour les Bretons"},"content":{"rendered":"<p>Championnats de France \u00ab avenir \u00bb \u00e0 Saint-\u00c9tienne (3e journ\u00e9e)<\/p>\n<p>Alors que le Vannetais <a href=\"https:\/\/www.letelegramme.fr\/sports\/athletisme\/theodore-liot-veut-se-rattraper-a-albi-lors-des-championnats-de-france-u20-dathletisme-6629009.php\" target=\"_blank\" rel=\"nofollow noopener\">Th\u00e9odore Liot<\/a> \u00e9tait le dernier Breton \u00e0 avoir acc\u00e9d\u00e9 au podium, samedi, dans la nuit apr\u00e8s sa 2e place prise au 1 500 m junior, Lola Massiot donnait \u00e0 la Bretagne la premi\u00e8re m\u00e9daille de la journ\u00e9e, dimanche matin, au saut en hauteur cadette ; une m\u00e9daille du plus bel \u00e9clat apr\u00e8s une barre franchie \u00e0 1,68 m. C\u2019est aussi la hauteur r\u00e9ussie par quatre autres concurrentes.<\/p>\n<p>L\u2019athl\u00e8te d\u2019Athl\u00e9 du Pays de Redon d\u00e9crochant le titre gr\u00e2ce \u00e0 un nombre d\u2019essais rat\u00e9s moins important que ses adversaires. \u00ab Tr\u00e8s, tr\u00e8s contente. L\u2019an dernier, je n\u2019\u00e9tais m\u00eame pas finaliste. Je me suis d\u00e9concentr\u00e9e quand j\u2019ai compris que je serai sur le podium \u00bb, a confi\u00e9 au micro de la FFA l\u2019athl\u00e8te de 17 ans.<\/p>\n<p>Record des championnats pour Lavergne<\/p>\n<p>Maxence Lavergne a \u00e9t\u00e9 sacr\u00e9 sur les deux tours de piste espoirs, faisant voler en \u00e9clats le vieux record des championnats (1\u201947\u2019\u201990) qui datait de 2010. Le prot\u00e9g\u00e9 de Marc Reuz\u00e9 au HBA a boucl\u00e9 la distance en 1\u201947\u2019\u201965 sans toutefois am\u00e9liorer sa meilleure marque (1\u201947\u2019\u201945). Au 400 m haies, les Bretons n\u2019ont pas \u00e9t\u00e9 absents des d\u00e9bats. Le Malouin Judica\u00ebl Sauvaget meilleur temps de la finale a d\u00e9croch\u00e9 l\u2019or en cadet et Kristen Colly (HBA) l\u2019argent en junior apr\u00e8s avoir battu son record le portant d\u00e9sormais \u00e0 51\u2019\u201934.<\/p>\n<p>La Bretagne a aussi \u00e9t\u00e9 bien repr\u00e9sent\u00e9e au lancer du poids avec Louise Piron (HBA) m\u00e9daill\u00e9e d\u2019argent en junior, Luke Lammie le Britannique de Saint-Brieuc et le Vannetais Arthur Plunian 2e et 3e en junior. Dans les lancers longs, on retiendra la 3e place d\u2019Iris Arnaud-Battandier (SR) au marteau cadette et au saut en longueur espoir la 3e place prise par le d\u00e9tenteur du record de Bretagne espoir Titouan Bizet (Stade Rennais). Quant aux espoirs du Stade Brestois champions sortants, ils terminent 3es du relais 4&#215;100 m.<\/p>\n<p class=\"titre-tech\">Les classements des Bretons en finale<\/p>\n<p class=\"tech\"><strong class=\"tech\">Cadettes. <\/strong>800 m : 6. Tais Linise (AP Vannes) 2\u201917\u2019\u201908. 400 haies : 6. Marie Le Laidier (ACB 35) 1\u201903\u2019\u201944. 5 000 m marche : 13. Sara Andler Do Mont\u00e9 (EAPB) 28\u201910\u2019\u201973. Longueur : 5. Chlo\u00e9 Heurtel (AP Vannes) 5,65 m ; 7. Chlo\u00e9-N\u2019Dri Hairon (LPA) 5,54 m. Hauteur : 1. Lola Massiot (AP de Redon) 1,68 m ; 10. Jade Malzard (ACB 35) 1,60 m. Javelot : 11. Maelann Qu\u00e9rard (ACB 35) 34,42 m. Marteau : 3. Iris Arnaud-Battandier (SR) 58,08 m.<\/p>\n<p class=\"tech\"><strong class=\"tech\">Juniors filles. <\/strong>1 500 m : 10. Elise Le Menn (SB) 4&rsquo;45\u00a0\u00bb77.<\/p>\n<p class=\"tech\">10 000 m : 6. Ya\u00eblle Cosqu\u00e9ric (ULACPF) 52&rsquo;53\u00a0\u00bb53.<\/p>\n<p class=\"tech\">400 haies : 8. Candice Robert (SB At) 65\u00a0\u00bb62.<\/p>\n<p class=\"tech\">4&#215;100 m : 4. HBA 47\u00a0\u00bb65.<\/p>\n<p class=\"tech\">Poids : 2. Louise Piron (HBA) 12,96 m.<\/p>\n<p class=\"tech\">Disque : 6. L\u00e9ana Le Ray (ULACPF) 37,12 m ; 8. Loane Dassovall\u00e9e (HBA) 36,10 m.<\/p>\n<p class=\"tech\"><strong class=\"tech\">Espoirs f\u00e9minines.<\/strong> 1 500 m : 8. Jihane Mahi (HBA) 4\u201942\u2019\u201920<\/p>\n<p class=\"tech\">Disque : 8. Jade Mazas (SR) 42,38 m.<\/p>\n<p class=\"tech\">Marteau : 16. Lou Lebert (APV) 39,24 m.<\/p>\n<p class=\"tech\">Javelot : 5. Solenn Pocard (IA) 44,18 m ; 7. Louise Mercereau (SR) 35,87 m.<\/p>\n<p class=\"tech\"><strong class=\"tech\">Cadets.<\/strong> 1 500 m : 10. Malwenn Le Buan (QA) 4\u201901\u2019\u201979<\/p>\n<p class=\"tech\">400 haies : 1. Judica\u00ebl Sauvaget (CJF Saint-Malo) 52\u2019\u201986 ; 8. Cl\u00e9ment L\u2019Homme (EAPB) 59\u2019\u201903.<\/p>\n<p class=\"tech\">Hauteur : 13. Thomith\u00e9e Chevalier (Paimpol) 1,85 m.<\/p>\n<p class=\"tech\">Javelot : 6. Doryan Raoul (Qu\u00e9ven) 52,26 m.<\/p>\n<p class=\"tech\"><strong class=\"tech\">Juniors masculins.<\/strong> 1 500 m : 2. Th\u00e9odore Liot (AP Vannes) 3\u201954\u2019\u201941<\/p>\n<p class=\"tech\">400 haies : 2. Kristen Colly (HBA) 51\u2019\u201934.<\/p>\n<p class=\"tech\">Longueur : 5. Youenn Riou (Paimpol) 7,17 m.<\/p>\n<p class=\"tech\">Poids : 2. Luke Lammie (SB At) 17,58 m ; Arthur Plunian (AP Vannes) 16,40 m.<\/p>\n<p class=\"tech\">Disque : 4. Luke Lammie (SB At) 50,38 m.<\/p>\n<p class=\"tech\"><strong class=\"tech\">Espoirs masculins. <\/strong>800 m : 1. Maxence Lavergne (HBA) 1\u201947\u2019\u201965.<\/p>\n<p class=\"tech\">1 500 m : 8. Kristen Beaumanoir (Guilers) 3\u201949\u2019\u201902 ; : 12. Am\u00e9d\u00e9e Driencourt (SB At) 3\u201952\u2019\u201922<\/p>\n<p class=\"tech\">4&#215;100 m : 3. Stade Brestois 41\u2019\u201955.<\/p>\n<p class=\"tech\">Longueur : 3. Titouan Bizet (SR) 7,43 m.<\/p>\n<p class=\"tech\">Triple : 9. Titouan Lam\u00e9zec (QA) 14,72 m.<\/p>\n<p class=\"tech\">Marteau : 4. Gwenegan Arz (AP Vannes) 56,09 m ; 7. Maxime Perret (TGA) 52,90 m ; 11. Cl\u00e9ment Floury (Paimpol) 46,17 m.<\/p>\n","protected":false},"excerpt":{"rendered":"Championnats de France \u00ab avenir \u00bb \u00e0 Saint-\u00c9tienne (3e journ\u00e9e) Alors que le Vannetais Th\u00e9odore Liot \u00e9tait le&hellip;\n","protected":false},"author":2,"featured_media":261534,"comment_status":"","ping_status":"","sticky":false,"template":"","format":"standard","meta":{"footnotes":""},"categories":[9653],"tags":[1111,11,4132,2430,3166,1777,674,1011,27,12,25,4001,60],"class_list":{"0":"post-261533","1":"post","2":"type-post","3":"status-publish","4":"format-standard","5":"has-post-thumbnail","7":"category-saint-etienne","8":"tag-actu","9":"tag-actualites","10":"tag-athletisme","11":"tag-auvergne-rhone-alpes","12":"tag-en-continu-sports","13":"tag-eu","14":"tag-europe","15":"tag-fr","16":"tag-france","17":"tag-news","18":"tag-republique-francaise","19":"tag-saint-etienne","20":"tag-sports"},"share_on_mastodon":{"url":"https:\/\/pubeurope.com\/@fr\/114886677841265621","error":""},"_links":{"self":[{"href":"https:\/\/www.europesays.com\/fr\/wp-json\/wp\/v2\/posts\/261533","targetHints":{"allow":["GET"]}}],"collection":[{"href":"https:\/\/www.europesays.com\/fr\/wp-json\/wp\/v2\/posts"}],"about":[{"href":"https:\/\/www.europesays.com\/fr\/wp-json\/wp\/v2\/types\/post"}],"author":[{"embeddable":true,"href":"https:\/\/www.europesays.com\/fr\/wp-json\/wp\/v2\/users\/2"}],"replies":[{"embeddable":true,"href":"https:\/\/www.europesays.com\/fr\/wp-json\/wp\/v2\/comments?post=261533"}],"version-history":[{"count":0,"href":"https:\/\/www.europesays.com\/fr\/wp-json\/wp\/v2\/posts\/261533\/revisions"}],"wp:featuredmedia":[{"embeddable":true,"href":"https:\/\/www.europesays.com\/fr\/wp-json\/wp\/v2\/media\/261534"}],"wp:attachment":[{"href":"https:\/\/www.europesays.com\/fr\/wp-json\/wp\/v2\/media?parent=261533"}],"wp:term":[{"taxonomy":"category","embeddable":true,"href":"https:\/\/www.europesays.com\/fr\/wp-json\/wp\/v2\/categories?post=261533"},{"taxonomy":"post_tag","embeddable":true,"href":"https:\/\/www.europesays.com\/fr\/wp-json\/wp\/v2\/tags?post=261533"}],"curies":[{"name":"wp","href":"https:\/\/api.w.org\/{rel}","templated":true}]}}