{"id":261541,"date":"2025-07-20T17:15:12","date_gmt":"2025-07-20T17:15:12","guid":{"rendered":"https:\/\/www.europesays.com\/fr\/261541\/"},"modified":"2025-07-20T17:15:12","modified_gmt":"2025-07-20T17:15:12","slug":"toulon-sur-arroux-un-calendrier-pour-valoriser-le-patrimoine-toulonnais","status":"publish","type":"post","link":"https:\/\/www.europesays.com\/fr\/261541\/","title":{"rendered":"Toulon-sur-Arroux. Un calendrier pour valoriser le patrimoine toulonnais"},"content":{"rendered":"<p>Ce samedi, l\u2019association \u201cToulon patrimoine\u201d, pour sa quatri\u00e8me assembl\u00e9e g\u00e9n\u00e9rale, s\u2019est r\u00e9unie <a href=\"https:\/\/www.lejsl.com\/culture-loisirs\/2024\/07\/23\/950-ans-d-histoire-racontes-lors-de-la-premiere-visite-guidee-de-l-eglise-romane\" target=\"_blank\" rel=\"noopener\">en l\u2019\u00e9glise romane de Toulon-sur-Arroux<\/a>. Lieu historique du patrimoine local dont les travaux de r\u00e9novation d\u00e9buteront fin 2026 comme l\u2019a annonc\u00e9 Bruno Klotz, pr\u00e9sident des Amis du Dardon, association propri\u00e9taire de l\u2019\u00e9difice.<\/p>\n<p>Le pr\u00e9sident de Toulon patrimoine, au cours de son mot d\u2019accueil, a, quant \u00e0 lui, mis l\u2019accent sur les connaissances&#8230;<\/p>\n","protected":false},"excerpt":{"rendered":"Ce samedi, l\u2019association \u201cToulon patrimoine\u201d, pour sa quatri\u00e8me assembl\u00e9e g\u00e9n\u00e9rale, s\u2019est r\u00e9unie en l\u2019\u00e9glise romane de Toulon-sur-Arroux. Lieu&hellip;\n","protected":false},"author":2,"featured_media":261542,"comment_status":"","ping_status":"","sticky":false,"template":"","format":"standard","meta":{"footnotes":""},"categories":[9619],"tags":[1111,11,12568,1777,674,107,1011,27,14000,12,882,25,273,104,2310,13999,1631],"class_list":{"0":"post-261541","1":"post","2":"type-post","3":"status-publish","4":"format-standard","5":"has-post-thumbnail","7":"category-toulon","8":"tag-actu","9":"tag-actualites","10":"tag-edition-montceau-les-mines","11":"tag-eu","12":"tag-europe","13":"tag-fil-info","14":"tag-fr","15":"tag-france","16":"tag-montceau-les-mines-bassin","17":"tag-news","18":"tag-provence-alpes-cote-dazur","19":"tag-republique-francaise","20":"tag-selection-de-la-redaction","21":"tag-societe","22":"tag-toulon","23":"tag-toulon-sur-arroux","24":"tag-vie-associative"},"share_on_mastodon":{"url":"https:\/\/pubeurope.com\/@fr\/114886693596112221","error":""},"_links":{"self":[{"href":"https:\/\/www.europesays.com\/fr\/wp-json\/wp\/v2\/posts\/261541","targetHints":{"allow":["GET"]}}],"collection":[{"href":"https:\/\/www.europesays.com\/fr\/wp-json\/wp\/v2\/posts"}],"about":[{"href":"https:\/\/www.europesays.com\/fr\/wp-json\/wp\/v2\/types\/post"}],"author":[{"embeddable":true,"href":"https:\/\/www.europesays.com\/fr\/wp-json\/wp\/v2\/users\/2"}],"replies":[{"embeddable":true,"href":"https:\/\/www.europesays.com\/fr\/wp-json\/wp\/v2\/comments?post=261541"}],"version-history":[{"count":0,"href":"https:\/\/www.europesays.com\/fr\/wp-json\/wp\/v2\/posts\/261541\/revisions"}],"wp:featuredmedia":[{"embeddable":true,"href":"https:\/\/www.europesays.com\/fr\/wp-json\/wp\/v2\/media\/261542"}],"wp:attachment":[{"href":"https:\/\/www.europesays.com\/fr\/wp-json\/wp\/v2\/media?parent=261541"}],"wp:term":[{"taxonomy":"category","embeddable":true,"href":"https:\/\/www.europesays.com\/fr\/wp-json\/wp\/v2\/categories?post=261541"},{"taxonomy":"post_tag","embeddable":true,"href":"https:\/\/www.europesays.com\/fr\/wp-json\/wp\/v2\/tags?post=261541"}],"curies":[{"name":"wp","href":"https:\/\/api.w.org\/{rel}","templated":true}]}}