{"id":261547,"date":"2025-07-20T17:18:09","date_gmt":"2025-07-20T17:18:09","guid":{"rendered":"https:\/\/www.europesays.com\/fr\/261547\/"},"modified":"2025-07-20T17:18:09","modified_gmt":"2025-07-20T17:18:09","slug":"baisse-des-temperatures-orage-et-pluie-les-previsions-meteo-de-la-semaine-en-seine-maritime","status":"publish","type":"post","link":"https:\/\/www.europesays.com\/fr\/261547\/","title":{"rendered":"Baisse des temp\u00e9ratures, orage et pluie&#8230; Les pr\u00e9visions m\u00e9t\u00e9o de la semaine en Seine-Maritime"},"content":{"rendered":"<p>            Par<br \/>\n        <strong><br \/>\n            <a href=\"https:\/\/actu.fr\/auteur\/adrien-filoche\" title=\"Consulter tous les articles de Adrien Filoche\" rel=\"nofollow noopener\" target=\"_blank\">Adrien Filoche<\/a><br \/>\n        <\/strong><\/p>\n<p>        Publi\u00e9 le<\/p>\n<p>            20 juil. 2025 \u00e0 15h36        <\/p>\n<p>Ces derniers jours, la <strong>m\u00e9t\u00e9o est particuli\u00e8rement changeante<\/strong> en <a href=\"https:\/\/actu.fr\/76actu\/\" rel=\"nofollow noopener\" target=\"_blank\">Seine-Maritime<\/a>, alternant entre les <a href=\"https:\/\/actu.fr\/meteo\/gros-coup-de-chaud-en-seine-maritime-des-temperatures-incroyables-sont-attendues_62785300.html\" rel=\"nofollow noopener\" target=\"_blank\">pics de chaleur<\/a> et journ\u00e9es ensoleill\u00e9es, les <a href=\"https:\/\/actu.fr\/normandie\/rouen_76540\/orages-d-ete-violents-en-seine-maritime-pourquoi-le-phenomene-est-de-plus-en-plus-frequent_62847932.html\" rel=\"nofollow noopener\" target=\"_blank\">orages<\/a> et la pluie. Alors, quelle sera la m\u00e9t\u00e9o pour cette semaine du 21 au 27\u00a0juillet 2025\u2009? On fait le point avec les pr\u00e9visions de <a href=\"https:\/\/actu.fr\/tag\/meteo-france\" rel=\"nofollow noopener\" target=\"_blank\">M\u00e9t\u00e9o France.<\/a><\/p>\n<p>Orage et pluie<\/p>\n<p class=\" wall-content\">La semaine va d\u00e9buter ce lundi 21\u00a0juillet 2025 par des<strong> averses orageuses<\/strong>, pr\u00e9vues d\u00e8s la matin\u00e9e et jusque dans la journ\u00e9e selon M\u00e9t\u00e9o France. La pluie s\u2019invitera \u00e9galement dans la soir\u00e9e, m\u00eame si la situation orageuse devrait s\u2019att\u00e9nuer. C\u00f4t\u00e9 temp\u00e9ratures, le thermom\u00e8tre ne d\u00e9passera pas les 20\u00a0\u00b0C.<\/p>\n<p class=\" wall-content\">Cela devrait \u00eatre un peu mieux mardi et mercredi, avec le retour de <strong>quelques rayons de soleil.<\/strong> Attendez-vous malgr\u00e9 tout \u00e0 de nouveaux \u00e9pisodes de pluie et des temp\u00e9ratures stagnant autour de 20\u00b0C.<\/p>\n<p>Un peu de soleil\u2009?<\/p>\n<p class=\" wall-content\">Jeudi, M\u00e9t\u00e9o France pr\u00e9voit <strong>une journ\u00e9e marqu\u00e9e par les averses<\/strong>. Seules les villes de Dieppe et du\u00a0Havre sont annonc\u00e9es avec du soleil une partie de la journ\u00e9e.<\/p>\n<p class=\" wall-content\">La pluie, encore elle, continuera \u00e0 mouiller l\u2019ensemble du d\u00e9partement le vendredi et le samedi, m\u00eame si pour le premier jour du week-end, des \u00e9claircies sont annonc\u00e9es sur la c\u00f4te. La journ\u00e9e de dimanche devrait \u00eatre plus agr\u00e9able, ponctu\u00e9e par les rayons de soleil.<\/p>\n<p>Vid\u00e9os : en ce moment sur ActuSuivez l\u2019actualit\u00e9 du\u00a0Havre sur <a href=\"https:\/\/www.whatsapp.com\/channel\/0029VaFqJYE8aKvLBwVrEe0o\" rel=\"nofollow noopener\" target=\"_blank\">notre cha\u00eene WhatsApp<\/a> et sur <a href=\"https:\/\/www.tiktok.com\/@76actu.fr?lang=fr\" rel=\"nofollow noopener\" target=\"_blank\">notre compte TikTok<\/a>Suivez l\u2019actualit\u00e9 de Rouen sur <a href=\"https:\/\/www.whatsapp.com\/channel\/0029VaKfnf99hXF2ddApFB1D\" rel=\"nofollow noopener\" target=\"_blank\">notre cha\u00eene WhatsApp<\/a> et sur <a href=\"https:\/\/www.tiktok.com\/@76actu.fr?lang=fr\" rel=\"nofollow noopener\" target=\"_blank\">notre compte TikTok<\/a><\/p>\n<p class=\" wall-content\">Suivez toute l\u2019actualit\u00e9 de vos villes et m\u00e9dias favoris en vous inscrivant \u00e0 <a href=\"https:\/\/moncompte.actu.fr\" title=\"D\u00e9couvez Mon Actu\" rel=\"nofollow noopener\" data-trk=\"{&quot;cta&quot;:{&quot;action&quot;:&quot;https:\\\/\\\/moncompte.actu.fr&quot;,&quot;category&quot;:&quot;mon compte&quot;,&quot;from&quot;:&quot;article footer&quot;,&quot;name&quot;:&quot;Mon actu&quot;,&quot;type&quot;:&quot;cta&quot;}}\" target=\"_blank\">Mon Actu<\/a>.<\/p>\n<p>                    <script async src=\"\/\/www.tiktok.com\/embed.js\"><\/script><\/p>\n","protected":false},"excerpt":{"rendered":"Par Adrien Filoche Publi\u00e9 le 20 juil. 2025 \u00e0 15h36 Ces derniers jours, la m\u00e9t\u00e9o est particuli\u00e8rement changeante&hellip;\n","protected":false},"author":2,"featured_media":261548,"comment_status":"","ping_status":"","sticky":false,"template":"","format":"standard","meta":{"footnotes":""},"categories":[9587],"tags":[1111,11,1777,674,1011,27,2487,2357,12,5161,25,9590],"class_list":{"0":"post-261547","1":"post","2":"type-post","3":"status-publish","4":"format-standard","5":"has-post-thumbnail","7":"category-rouen","8":"tag-actu","9":"tag-actualites","10":"tag-eu","11":"tag-europe","12":"tag-fr","13":"tag-france","14":"tag-meteo","15":"tag-meteo-france","16":"tag-news","17":"tag-normandie","18":"tag-republique-francaise","19":"tag-rouen"},"share_on_mastodon":{"url":"https:\/\/pubeurope.com\/@fr\/114886705552201848","error":""},"_links":{"self":[{"href":"https:\/\/www.europesays.com\/fr\/wp-json\/wp\/v2\/posts\/261547","targetHints":{"allow":["GET"]}}],"collection":[{"href":"https:\/\/www.europesays.com\/fr\/wp-json\/wp\/v2\/posts"}],"about":[{"href":"https:\/\/www.europesays.com\/fr\/wp-json\/wp\/v2\/types\/post"}],"author":[{"embeddable":true,"href":"https:\/\/www.europesays.com\/fr\/wp-json\/wp\/v2\/users\/2"}],"replies":[{"embeddable":true,"href":"https:\/\/www.europesays.com\/fr\/wp-json\/wp\/v2\/comments?post=261547"}],"version-history":[{"count":0,"href":"https:\/\/www.europesays.com\/fr\/wp-json\/wp\/v2\/posts\/261547\/revisions"}],"wp:featuredmedia":[{"embeddable":true,"href":"https:\/\/www.europesays.com\/fr\/wp-json\/wp\/v2\/media\/261548"}],"wp:attachment":[{"href":"https:\/\/www.europesays.com\/fr\/wp-json\/wp\/v2\/media?parent=261547"}],"wp:term":[{"taxonomy":"category","embeddable":true,"href":"https:\/\/www.europesays.com\/fr\/wp-json\/wp\/v2\/categories?post=261547"},{"taxonomy":"post_tag","embeddable":true,"href":"https:\/\/www.europesays.com\/fr\/wp-json\/wp\/v2\/tags?post=261547"}],"curies":[{"name":"wp","href":"https:\/\/api.w.org\/{rel}","templated":true}]}}