{"id":261553,"date":"2025-07-20T17:21:10","date_gmt":"2025-07-20T17:21:10","guid":{"rendered":"https:\/\/www.europesays.com\/fr\/261553\/"},"modified":"2025-07-20T17:21:10","modified_gmt":"2025-07-20T17:21:10","slug":"la-victime-placee-en-garde-a-vue","status":"publish","type":"post","link":"https:\/\/www.europesays.com\/fr\/261553\/","title":{"rendered":"la victime plac\u00e9e en garde \u00e0 vue"},"content":{"rendered":"<p>L\u2019homme d\u2019une vingtaine d\u2019ann\u00e9es secouru samedi 19\u00a0juillet au matin dans le quartier du Village olympique de Grenoble apr\u00e8s avoir \u00e9t\u00e9 <a href=\"https:\/\/www.ledauphine.com\/faits-divers-justice\/2025\/07\/19\/un-homme-d-une-vingtaine-d-annees-blesse-par-balle-au-village-olympique\" target=\"_blank\" rel=\"noopener\">bless\u00e9<\/a> par balle \u00e0 une cuisse, a pu quitter le CHU Grenoble Alpes, o\u00f9 il avait \u00e9t\u00e9 admis, le soir m\u00eame. Mais le jeune homme n\u2019a pas pour autant pu rentrer chez lui. Le Grenoblois a en \u00e9t\u00e9 plac\u00e9 en garde \u00e0 vue. Comme c\u2019est souvent le cas lors de fusillades, les policiers en charge de l\u2019enqu\u00eate ouverte apr\u00e8s le ou les tirs dont il a \u00e9t\u00e9 victime ont r\u00e9alis\u00e9 une perquisition au domicile du jeune Grenoblois. Et dans le logement, ils ont d\u00e9couvert des munitions et un gilet pare-balles. Une d\u00e9couverte qui a donc justifi\u00e9 son placement en garde \u00e0 vue. L\u2019Is\u00e9rois devrait \u00eatre d\u00e9f\u00e9r\u00e9 ce lundi au parquet de Grenoble.<\/p>\n","protected":false},"excerpt":{"rendered":"L\u2019homme d\u2019une vingtaine d\u2019ann\u00e9es secouru samedi 19\u00a0juillet au matin dans le quartier du Village olympique de Grenoble apr\u00e8s&hellip;\n","protected":false},"author":2,"featured_media":261554,"comment_status":"","ping_status":"","sticky":false,"template":"","format":"standard","meta":{"footnotes":""},"categories":[9566],"tags":[1111,11,2430,271,272,112,1777,674,274,107,1011,27,2731,2732,108,12,25],"class_list":{"0":"post-261553","1":"post","2":"type-post","3":"status-publish","4":"format-standard","5":"has-post-thumbnail","7":"category-grenoble","8":"tag-actu","9":"tag-actualites","10":"tag-auvergne-rhone-alpes","11":"tag-crime","12":"tag-delit-et-contravention","13":"tag-edition-grenoble-agglomeration","14":"tag-eu","15":"tag-europe","16":"tag-faits-divers-justice","17":"tag-fil-info","18":"tag-fr","19":"tag-france","20":"tag-grenoble","21":"tag-grenoble-bassin","22":"tag-isere","23":"tag-news","24":"tag-republique-francaise"},"share_on_mastodon":{"url":"https:\/\/pubeurope.com\/@fr\/114886717284979275","error":""},"_links":{"self":[{"href":"https:\/\/www.europesays.com\/fr\/wp-json\/wp\/v2\/posts\/261553","targetHints":{"allow":["GET"]}}],"collection":[{"href":"https:\/\/www.europesays.com\/fr\/wp-json\/wp\/v2\/posts"}],"about":[{"href":"https:\/\/www.europesays.com\/fr\/wp-json\/wp\/v2\/types\/post"}],"author":[{"embeddable":true,"href":"https:\/\/www.europesays.com\/fr\/wp-json\/wp\/v2\/users\/2"}],"replies":[{"embeddable":true,"href":"https:\/\/www.europesays.com\/fr\/wp-json\/wp\/v2\/comments?post=261553"}],"version-history":[{"count":0,"href":"https:\/\/www.europesays.com\/fr\/wp-json\/wp\/v2\/posts\/261553\/revisions"}],"wp:featuredmedia":[{"embeddable":true,"href":"https:\/\/www.europesays.com\/fr\/wp-json\/wp\/v2\/media\/261554"}],"wp:attachment":[{"href":"https:\/\/www.europesays.com\/fr\/wp-json\/wp\/v2\/media?parent=261553"}],"wp:term":[{"taxonomy":"category","embeddable":true,"href":"https:\/\/www.europesays.com\/fr\/wp-json\/wp\/v2\/categories?post=261553"},{"taxonomy":"post_tag","embeddable":true,"href":"https:\/\/www.europesays.com\/fr\/wp-json\/wp\/v2\/tags?post=261553"}],"curies":[{"name":"wp","href":"https:\/\/api.w.org\/{rel}","templated":true}]}}