{"id":261571,"date":"2025-07-20T17:31:10","date_gmt":"2025-07-20T17:31:10","guid":{"rendered":"https:\/\/www.europesays.com\/fr\/261571\/"},"modified":"2025-07-20T17:31:10","modified_gmt":"2025-07-20T17:31:10","slug":"incite-commercialise-ses-premiers-locaux-artisanaux","status":"publish","type":"post","link":"https:\/\/www.europesays.com\/fr\/261571\/","title":{"rendered":"Incit\u00e9 commercialise ses premiers locaux artisanaux"},"content":{"rendered":"<p>\nLe bailleur et am\u00e9nageur InCit\u00e9, charg\u00e9 de la requalification du centre-ville de <a title=\"L&#039;actualit\u00e9 BTP sur la ville de Bordeaux\" href=\"https:\/\/www.lemoniteur.fr\/bordeaux\/\" rel=\"noopener\" target=\"\" class=\"lien-contextuel\">Bordeaux<\/a> (Gironde) et rod\u00e9 \u00e0 la cr\u00e9ation et la gestion de locaux commerciaux, lance une offre qui s&rsquo;adresse aux artisans avec l&rsquo;objectif de passer de 80 \u00e0 120 cellules d&rsquo;ici d\u00e9but 2026. Pour y parvenir, InCit\u00e9 m\u00e8ne actuellement quatre <a title=\"\" href=\"https:\/\/www.lemoniteur.fr\/chantiers\/\" rel=\"noopener\" target=\"\" class=\"lien-contextuel\">chantiers<\/a> au Haillan-Cinq Chemins, \u00e0 Bruges-Terrefort, \u00e0 Bordeaux Nord et \u00e0 Bordeaux Brazza. Soit 6 340 m2 lou\u00e9s entre 100 et 155 euros HT\/m2 \/an.<\/p>\n<p>Parpaings \u00ab fusibles \u00bb<\/p>\n<p>\nL&rsquo;op\u00e9ration la plus atypique est celle de Brazza, un immeuble de 13 cellules au pied du pont Chaban-Delmas, au c\u0153ur du quartier. Achet\u00e9 en Vefa \u00e0 Cogedim et con\u00e7u par l&rsquo;architecte Didier Sarraute, le b\u00e2timent (R + 4) accueillera des activit\u00e9s productives gr\u00e2ce \u00e0 ses dalles qui peuvent supporter une tonne au m2 , ses garde-corps amovibles des balcons des R + 1 et R + 3, les parpaings \u00ab fusibles \u00bb qui encadrent les portes pour faire entrer des machines, ainsi que la pr\u00e9sence d&rsquo;un monte-charge. <a title=\"L&#039;actualit\u00e9 BTp sur la m\u00e9tropole Bordeaux\" href=\"https:\/\/www.lemoniteur.fr\/bordeaux-metropole\/\" rel=\"noopener\" target=\"\" class=\"lien-contextuel\">Bordeaux M\u00e9tropole<\/a> voulait conserver ce type d&rsquo;activit\u00e9 dans cet ancien quartier industriel et donner la possibilit\u00e9 \u00e0 des artisans de trouver des locaux adapt\u00e9s, modulables et proches du centre-ville.<\/p>\n<p>\nAu-del\u00e0 de ses quatre op\u00e9rations, InCit\u00e9 a d\u00e9j\u00e0 act\u00e9 la r\u00e9alisation de pr\u00e8s de 13 000 m2 de locaux commerciaux, tertiaires ou artisanaux \u00e0 l\u2019horizon 2028.<\/p>\n","protected":false},"excerpt":{"rendered":"Le bailleur et am\u00e9nageur InCit\u00e9, charg\u00e9 de la requalification du centre-ville de Bordeaux (Gironde) et rod\u00e9 \u00e0 la&hellip;\n","protected":false},"author":2,"featured_media":261572,"comment_status":"","ping_status":"","sticky":false,"template":"","format":"standard","meta":{"footnotes":""},"categories":[2817],"tags":[1111,11,1350,1997,11898,7227,1777,674,1011,27,2905,12,2219,19469,25,40129,2224],"class_list":{"0":"post-261571","1":"post","2":"type-post","3":"status-publish","4":"format-standard","5":"has-post-thumbnail","7":"category-bordeaux","8":"tag-actu","9":"tag-actualites","10":"tag-architecture","11":"tag-bordeaux","12":"tag-centre-ville","13":"tag-commerces","14":"tag-eu","15":"tag-europe","16":"tag-fr","17":"tag-france","18":"tag-gironde","19":"tag-news","20":"tag-nouvelle-aquitaine","21":"tag-realisations","22":"tag-republique-francaise","23":"tag-requalification","24":"tag-sud-ouest"},"share_on_mastodon":{"url":"https:\/\/pubeurope.com\/@fr\/114886756517384909","error":""},"_links":{"self":[{"href":"https:\/\/www.europesays.com\/fr\/wp-json\/wp\/v2\/posts\/261571","targetHints":{"allow":["GET"]}}],"collection":[{"href":"https:\/\/www.europesays.com\/fr\/wp-json\/wp\/v2\/posts"}],"about":[{"href":"https:\/\/www.europesays.com\/fr\/wp-json\/wp\/v2\/types\/post"}],"author":[{"embeddable":true,"href":"https:\/\/www.europesays.com\/fr\/wp-json\/wp\/v2\/users\/2"}],"replies":[{"embeddable":true,"href":"https:\/\/www.europesays.com\/fr\/wp-json\/wp\/v2\/comments?post=261571"}],"version-history":[{"count":0,"href":"https:\/\/www.europesays.com\/fr\/wp-json\/wp\/v2\/posts\/261571\/revisions"}],"wp:featuredmedia":[{"embeddable":true,"href":"https:\/\/www.europesays.com\/fr\/wp-json\/wp\/v2\/media\/261572"}],"wp:attachment":[{"href":"https:\/\/www.europesays.com\/fr\/wp-json\/wp\/v2\/media?parent=261571"}],"wp:term":[{"taxonomy":"category","embeddable":true,"href":"https:\/\/www.europesays.com\/fr\/wp-json\/wp\/v2\/categories?post=261571"},{"taxonomy":"post_tag","embeddable":true,"href":"https:\/\/www.europesays.com\/fr\/wp-json\/wp\/v2\/tags?post=261571"}],"curies":[{"name":"wp","href":"https:\/\/api.w.org\/{rel}","templated":true}]}}