{"id":261575,"date":"2025-07-20T17:33:11","date_gmt":"2025-07-20T17:33:11","guid":{"rendered":"https:\/\/www.europesays.com\/fr\/261575\/"},"modified":"2025-07-20T17:33:11","modified_gmt":"2025-07-20T17:33:11","slug":"basket-ball-quand-leon-marchand-antoine-dupont-et-bigflo-oli-investissent-dans-le-basket-a-toulouse","status":"publish","type":"post","link":"https:\/\/www.europesays.com\/fr\/261575\/","title":{"rendered":"Basket-ball. Quand L\u00e9on Marchand, Antoine Dupont et Bigflo &#038; Oli investissent dans le basket \u00e0 Toulouse"},"content":{"rendered":"<p>D\u00e9cid\u00e9ment, le basket a le vent en poupe cette ann\u00e9e. Apr\u00e8s <a href=\"https:\/\/www.ledauphine.com\/sport\/2025\/04\/21\/paris-de-l-engouement-a-la-puissance\" target=\"_blank\" rel=\"nofollow noopener\">le succ\u00e8s du Paris Basket <\/a>qui a accueilli son lot de c\u00e9l\u00e9brit\u00e9s cette saison, c&rsquo;est au tour de Toulouse de faire parler.<\/p>\n<p>On n&rsquo;est ni en Euroligue ni en Elite puisque le club de basket masculin \u00e9volue en troisi\u00e8me division fran\u00e7aise (Nationale 1), mais <a href=\"https:\/\/www.ladepeche.fr\/2025\/07\/20\/info-la-depeche-antoine-dupont-leon-marchand-big-flo-oli-le-recrutement-triple-xl-du-toulouse-basket-ball-club-12832870.php\" target=\"_blank\" rel=\"nofollow noopener\">selon les informations de La D\u00e9p\u00eache<\/a>, des soutiens de taille sont de nouveaux actionnaires. Le quotidien r\u00e9gional, par le biais du pr\u00e9sident du TBBC Fabien Conte, a annonc\u00e9 que le nageur et quadruple champion olympique <a href=\"https:\/\/www.ledauphine.com\/p\/leon-marchand\" target=\"_blank\" rel=\"nofollow noopener\">L\u00e9on Marchand<\/a>, le rugbyman <a href=\"https:\/\/www.ledauphine.com\/p\/antoine-dupont\" target=\"_blank\" rel=\"nofollow noopener\">Antoine Dupont<\/a> et le duo de rappeurs Bigflo &amp; Oli rejoignaient l&rsquo;aventure. <\/p>\n<p>\u00ab En Elite d&rsquo;ici 5 \u00e0 6 ans\u00a0\u00bb<\/p>\n<p>Tous les quatre sont d\u00e9j\u00e0 des ambassadeurs de la ville rose et sont tr\u00e8s attach\u00e9s \u00e0 leur ville, m\u00eame s&rsquo;ils n&rsquo;y sont pas tous\u00a0 n\u00e9s. \u00ab Ces personnages partagent une passion sinc\u00e8re pour le sport et pour Toulouse \u00bb, a notamment d\u00e9clar\u00e9 le pr\u00e9sident au journal m\u00eame s&rsquo;il n&rsquo;a pas plus d\u00e9voil\u00e9 leur niveau de participation. <\/p>\n<p>\u00a0Apr\u00e8s deux ans sous la banni\u00e8re Rouge et Noire, le club de basket quitte le Stade Toulousain pour voler de ses propres ailes via une\u00a0soci\u00e9t\u00e9 par actions simplifi\u00e9es (SAS) avec ses parrains de talent. Le TBBC va donc obtenir un nouveau nom, un nouveau logo, une nouvelle identit\u00e9 et de nouvelles ambitions. <\/p>\n<p>\u00ab Notre souhait est d&rsquo;\u00e9voluer en Elite 2 d&rsquo;ici \u00e0 2 \u00e0 3 ans et en Betclic Elite d&rsquo;ici \u00e0 5 \u00e0 6 ans, a notamment d\u00e9clar\u00e9 Fabien Conte qui se veut ambitieux m\u00eame si son club a \u00e9chapp\u00e9 de peu \u00e0 la rel\u00e9gation l&rsquo;an pass\u00e9. Toulouse, 3e ville de France, m\u00e9rite d&rsquo;avoir un grand club de basket. \u00bb Tout reste \u00e0 faire. <\/p>\n","protected":false},"excerpt":{"rendered":"D\u00e9cid\u00e9ment, le basket a le vent en poupe cette ann\u00e9e. Apr\u00e8s le succ\u00e8s du Paris Basket qui a&hellip;\n","protected":false},"author":2,"featured_media":261576,"comment_status":"","ping_status":"","sticky":false,"template":"","format":"standard","meta":{"footnotes":""},"categories":[2816],"tags":[1111,11,1791,1777,674,107,1011,27,12,2680,25,517,1947,2312],"class_list":{"0":"post-261575","1":"post","2":"type-post","3":"status-publish","4":"format-standard","5":"has-post-thumbnail","7":"category-toulouse","8":"tag-actu","9":"tag-actualites","10":"tag-basket-ball","11":"tag-eu","12":"tag-europe","13":"tag-fil-info","14":"tag-fr","15":"tag-france","16":"tag-news","17":"tag-occitanie","18":"tag-republique-francaise","19":"tag-sport","20":"tag-sport-national","21":"tag-toulouse"},"share_on_mastodon":{"url":"https:\/\/pubeurope.com\/@fr\/114886764273979763","error":""},"_links":{"self":[{"href":"https:\/\/www.europesays.com\/fr\/wp-json\/wp\/v2\/posts\/261575","targetHints":{"allow":["GET"]}}],"collection":[{"href":"https:\/\/www.europesays.com\/fr\/wp-json\/wp\/v2\/posts"}],"about":[{"href":"https:\/\/www.europesays.com\/fr\/wp-json\/wp\/v2\/types\/post"}],"author":[{"embeddable":true,"href":"https:\/\/www.europesays.com\/fr\/wp-json\/wp\/v2\/users\/2"}],"replies":[{"embeddable":true,"href":"https:\/\/www.europesays.com\/fr\/wp-json\/wp\/v2\/comments?post=261575"}],"version-history":[{"count":0,"href":"https:\/\/www.europesays.com\/fr\/wp-json\/wp\/v2\/posts\/261575\/revisions"}],"wp:featuredmedia":[{"embeddable":true,"href":"https:\/\/www.europesays.com\/fr\/wp-json\/wp\/v2\/media\/261576"}],"wp:attachment":[{"href":"https:\/\/www.europesays.com\/fr\/wp-json\/wp\/v2\/media?parent=261575"}],"wp:term":[{"taxonomy":"category","embeddable":true,"href":"https:\/\/www.europesays.com\/fr\/wp-json\/wp\/v2\/categories?post=261575"},{"taxonomy":"post_tag","embeddable":true,"href":"https:\/\/www.europesays.com\/fr\/wp-json\/wp\/v2\/tags?post=261575"}],"curies":[{"name":"wp","href":"https:\/\/api.w.org\/{rel}","templated":true}]}}