{"id":261577,"date":"2025-07-20T17:35:15","date_gmt":"2025-07-20T17:35:15","guid":{"rendered":"https:\/\/www.europesays.com\/fr\/261577\/"},"modified":"2025-07-20T17:35:15","modified_gmt":"2025-07-20T17:35:15","slug":"demolition-la-plus-grande-tour-de-lille-dynamitee","status":"publish","type":"post","link":"https:\/\/www.europesays.com\/fr\/261577\/","title":{"rendered":"D\u00e9molition : la plus grande tour de Lille dynamit\u00e9e"},"content":{"rendered":"<p class=\"jsx-4058425199 jsx-2164199691 ExpandableText__Text\">Une tour de la ville de Loos (Nord), l&rsquo;une des plus embl\u00e9matiques de la m\u00e9tropole de Lille, a \u00e9t\u00e9 dynamit\u00e9e ce dimanche matin. Immense \u00e9motion chez ceux pour qui c&rsquo;\u00e9tait un rep\u00e8re : \u00ab\u00a0c&rsquo;est triste\u00a0\u00bb ; \u00ab\u00a0c&rsquo;est \u00e9mouvant, c&rsquo;est un symbole de la ville de Loos\u00a0\u00bb. L &lsquo;op\u00e9ration a \u00e9t\u00e9 longuement pr\u00e9par\u00e9e en amont. Le d\u00e9part des r\u00e9sidents de la tour a \u00e9t\u00e9 organis\u00e9 il y a quelques mois d\u00e9j\u00e0, et une tonne d&rsquo;explosifs a \u00e9t\u00e9 install\u00e9e \u00e0 diff\u00e9rents endroits du b\u00e2timent.<\/p>\n<p>Lire plusReplier<\/p>\n","protected":false},"excerpt":{"rendered":"Une tour de la ville de Loos (Nord), l&rsquo;une des plus embl\u00e9matiques de la m\u00e9tropole de Lille, a&hellip;\n","protected":false},"author":2,"featured_media":261578,"comment_status":"","ping_status":"","sticky":false,"template":"","format":"standard","meta":{"footnotes":""},"categories":[2815],"tags":[1111,11,1777,674,1011,27,811,5008,1307,12,25,2086,133,5010],"class_list":{"0":"post-261577","1":"post","2":"type-post","3":"status-publish","4":"format-standard","5":"has-post-thumbnail","7":"category-lille","8":"tag-actu","9":"tag-actualites","10":"tag-eu","11":"tag-europe","12":"tag-fr","13":"tag-france","14":"tag-hauts-de-france","15":"tag-le-13h","16":"tag-lille","17":"tag-news","18":"tag-republique-francaise","19":"tag-travaux","20":"tag-video","21":"tag-video-sujets-de-societe"},"share_on_mastodon":{"url":"https:\/\/pubeurope.com\/@fr\/114886772323897613","error":""},"_links":{"self":[{"href":"https:\/\/www.europesays.com\/fr\/wp-json\/wp\/v2\/posts\/261577","targetHints":{"allow":["GET"]}}],"collection":[{"href":"https:\/\/www.europesays.com\/fr\/wp-json\/wp\/v2\/posts"}],"about":[{"href":"https:\/\/www.europesays.com\/fr\/wp-json\/wp\/v2\/types\/post"}],"author":[{"embeddable":true,"href":"https:\/\/www.europesays.com\/fr\/wp-json\/wp\/v2\/users\/2"}],"replies":[{"embeddable":true,"href":"https:\/\/www.europesays.com\/fr\/wp-json\/wp\/v2\/comments?post=261577"}],"version-history":[{"count":0,"href":"https:\/\/www.europesays.com\/fr\/wp-json\/wp\/v2\/posts\/261577\/revisions"}],"wp:featuredmedia":[{"embeddable":true,"href":"https:\/\/www.europesays.com\/fr\/wp-json\/wp\/v2\/media\/261578"}],"wp:attachment":[{"href":"https:\/\/www.europesays.com\/fr\/wp-json\/wp\/v2\/media?parent=261577"}],"wp:term":[{"taxonomy":"category","embeddable":true,"href":"https:\/\/www.europesays.com\/fr\/wp-json\/wp\/v2\/categories?post=261577"},{"taxonomy":"post_tag","embeddable":true,"href":"https:\/\/www.europesays.com\/fr\/wp-json\/wp\/v2\/tags?post=261577"}],"curies":[{"name":"wp","href":"https:\/\/api.w.org\/{rel}","templated":true}]}}