{"id":261579,"date":"2025-07-20T17:36:31","date_gmt":"2025-07-20T17:36:31","guid":{"rendered":"https:\/\/www.europesays.com\/fr\/261579\/"},"modified":"2025-07-20T17:36:31","modified_gmt":"2025-07-20T17:36:31","slug":"un-commerce-et-des-vehicules-detruits","status":"publish","type":"post","link":"https:\/\/www.europesays.com\/fr\/261579\/","title":{"rendered":"un commerce et des v\u00e9hicules d\u00e9truits"},"content":{"rendered":"<p>            Par<br \/>\n        <strong><br \/>\n            <a href=\"https:\/\/actu.fr\/auteur\/thomas-blanc\" title=\"Consulter tous les articles de Thomas Blanc\" rel=\"nofollow noopener\" target=\"_blank\">Thomas Blanc<\/a><br \/>\n        <\/strong><\/p>\n<p>        Publi\u00e9 le<\/p>\n<p>            17 juil. 2025 \u00e0 10h03        <\/p>\n<p>Dans une journ\u00e9e class\u00e9e rouge par <a href=\"https:\/\/actu.fr\/meteo\" rel=\"nofollow noopener\" target=\"_blank\">M\u00e9t\u00e9o-France<\/a> \u00e9voquant \u00ab\u2009un risque tr\u00e8s fort d\u2019incendie\u2009\u00bb ce n\u2019est pas un massif forestier, mais <strong>un commerce qui est parti en fum\u00e9e<\/strong> pr\u00e8s de <a href=\"https:\/\/actu.fr\/?s=marseille\" rel=\"nofollow noopener\" target=\"_blank\">Marseille<\/a> en d\u00e9but de soir\u00e9e, ce mercredi 16\u00a0juillet.<\/p>\n<p>Uniquement des d\u00e9g\u00e2ts mat\u00e9riels<\/p>\n<p class=\" wall-content\">C\u2019\u00e9tait jusqu\u2019alors une affaire en bonne sant\u00e9. <strong>Le magasin Dafy Moto<\/strong>, situ\u00e9 \u00e0 Plan de Campagne, aux <a href=\"https:\/\/actu.fr\/?s=pennes+mirabeau\" rel=\"nofollow noopener\" target=\"_blank\">Pennes-Mirabeau<\/a> (<a href=\"https:\/\/actu.fr\/provence-alpes-cote-d-azur\/bouches-du-rhone_13\" rel=\"nofollow noopener\" target=\"_blank\">Bouches-du-Rh\u00f4ne<\/a>) a br\u00fbl\u00e9 vers 20h hier soir. L\u2019intervention des pompiers a permis de contr\u00f4ler l\u2019incendie.<\/p>\n<p class=\" wall-content\"><strong>2000m\u00b2 n\u2019ont pas r\u00e9sist\u00e9 aux flammes<\/strong>, laissant appara\u00eetre une \u00e9paisse fum\u00e9e noire dans le ciel de la zone commerciale situ\u00e9e au nord de Marseille.<\/p>\n<p class=\" wall-content\">\n<p class=\" wall-content\">\u00ab\u2009<strong>Six v\u00e9hicules l\u00e9gers et un bungalow<\/strong> proches du b\u00e2timent n\u2019ont pu \u00eatre pr\u00e9serv\u00e9s au regard de leur proximit\u00e9 et du tr\u00e8s fort rayonnement thermique li\u00e9 \u00e0 l\u2019incendie\u2009\u00bb, annonce les pompiers des <a href=\"https:\/\/actu.fr\/provence-alpes-cote-d-azur\/bouches-du-rhone_13\" rel=\"nofollow noopener\" target=\"_blank\">Bouches-du-Rh\u00f4ne<\/a>.<\/p>\n<p class=\" wall-content\">Seuls 30m\u00b2 hors du b\u00e2timent ont pris feu. \u00ab\u2009Les op\u00e9rations de noyage et de d\u00e9blai \u00e0 l\u2019aide d\u2019une pelle m\u00e9canique de la commune des Pennes-Mirabeau ont <strong>permis d\u2019\u00e9viter tout risque de reprise<\/strong>\u2009\u00bb concluent-ils.<\/p>\n<p>Vid\u00e9os : en ce moment sur Actu<\/p>\n<p class=\" wall-content\">\n<p>Plus de 31 d\u00e9parts de feux dans les Bouches-du-Rh\u00f4ne<\/p>\n<p class=\" wall-content\">En dehors des murs de Marseille, les pompiers ont recens\u00e9 31 d\u00e9parts de feux dans le d\u00e9partement.<\/p>\n<p class=\" wall-content\">\u00c0 Marseille, deux incendies d\u2019ampleur se sont d\u00e9clar\u00e9s, un dans le sud de la ville au Roy d\u2019Espagne et un autre <a href=\"https:\/\/actu.fr\/provence-alpes-cote-d-azur\/marseille_13055\/marseille-un-incendie-d-envergure-se-declare-dans-les-quartiers-nord_62918472.html\" rel=\"nofollow noopener\" target=\"_blank\">\u00e0 la cit\u00e9 Consolat dans le 15e arrondissement<\/a>, n\u2019ayant pas fait d\u00e9g\u00e2t.<\/p>\n<p class=\" wall-content\">Suivez toute l\u2019actualit\u00e9 de vos villes et m\u00e9dias favoris en vous inscrivant \u00e0 <a href=\"https:\/\/moncompte.actu.fr\" title=\"D\u00e9couvez Mon Actu\" rel=\"nofollow noopener\" data-trk=\"{&quot;cta&quot;:{&quot;action&quot;:&quot;https:\\\/\\\/moncompte.actu.fr&quot;,&quot;category&quot;:&quot;mon compte&quot;,&quot;from&quot;:&quot;article footer&quot;,&quot;name&quot;:&quot;Mon actu&quot;,&quot;type&quot;:&quot;cta&quot;}}\" target=\"_blank\">Mon Actu<\/a>.<\/p>\n","protected":false},"excerpt":{"rendered":"Par Thomas Blanc Publi\u00e9 le 17 juil. 2025 \u00e0 10h03 Dans une journ\u00e9e class\u00e9e rouge par M\u00e9t\u00e9o-France \u00e9voquant&hellip;\n","protected":false},"author":2,"featured_media":261580,"comment_status":"","ping_status":"","sticky":false,"template":"","format":"standard","meta":{"footnotes":""},"categories":[2814],"tags":[1111,11,1777,674,1011,27,1310,884,12,1311,882,25,104],"class_list":{"0":"post-261579","1":"post","2":"type-post","3":"status-publish","4":"format-standard","5":"has-post-thumbnail","7":"category-marseille","8":"tag-actu","9":"tag-actualites","10":"tag-eu","11":"tag-europe","12":"tag-fr","13":"tag-france","14":"tag-incendie","15":"tag-marseille","16":"tag-news","17":"tag-pompiers","18":"tag-provence-alpes-cote-dazur","19":"tag-republique-francaise","20":"tag-societe"},"share_on_mastodon":{"url":"https:\/\/pubeurope.com\/@fr\/114886776208438650","error":""},"_links":{"self":[{"href":"https:\/\/www.europesays.com\/fr\/wp-json\/wp\/v2\/posts\/261579","targetHints":{"allow":["GET"]}}],"collection":[{"href":"https:\/\/www.europesays.com\/fr\/wp-json\/wp\/v2\/posts"}],"about":[{"href":"https:\/\/www.europesays.com\/fr\/wp-json\/wp\/v2\/types\/post"}],"author":[{"embeddable":true,"href":"https:\/\/www.europesays.com\/fr\/wp-json\/wp\/v2\/users\/2"}],"replies":[{"embeddable":true,"href":"https:\/\/www.europesays.com\/fr\/wp-json\/wp\/v2\/comments?post=261579"}],"version-history":[{"count":0,"href":"https:\/\/www.europesays.com\/fr\/wp-json\/wp\/v2\/posts\/261579\/revisions"}],"wp:featuredmedia":[{"embeddable":true,"href":"https:\/\/www.europesays.com\/fr\/wp-json\/wp\/v2\/media\/261580"}],"wp:attachment":[{"href":"https:\/\/www.europesays.com\/fr\/wp-json\/wp\/v2\/media?parent=261579"}],"wp:term":[{"taxonomy":"category","embeddable":true,"href":"https:\/\/www.europesays.com\/fr\/wp-json\/wp\/v2\/categories?post=261579"},{"taxonomy":"post_tag","embeddable":true,"href":"https:\/\/www.europesays.com\/fr\/wp-json\/wp\/v2\/tags?post=261579"}],"curies":[{"name":"wp","href":"https:\/\/api.w.org\/{rel}","templated":true}]}}