{"id":261583,"date":"2025-07-20T17:38:21","date_gmt":"2025-07-20T17:38:21","guid":{"rendered":"https:\/\/www.europesays.com\/fr\/261583\/"},"modified":"2025-07-20T17:38:21","modified_gmt":"2025-07-20T17:38:21","slug":"michel-brochier-un-soyeux-lyonnais-au-grand-coeur","status":"publish","type":"post","link":"https:\/\/www.europesays.com\/fr\/261583\/","title":{"rendered":"Michel Brochier, un soyeux lyonnais au grand coeur"},"content":{"rendered":"<p>Toujours souriant, un rien de malice dans le regard, chaleureux, sachant d\u2019un mot r\u00e9conforter, Michel Brochier savait s\u2019attirer toutes les sympathies. Dipl\u00f4m\u00e9 de l\u2019EM Lyon au titre du CPA (Centre de Perfectionnement aux Affaires), au doux toucher des \u00e9toffes pr\u00e9cieuses con\u00e7ues et produites depuis 1890 par sa famille pour les plus grands couturiers, il avait pr\u00e9f\u00e9r\u00e9 cr\u00e9er des tissus haute technologie, soie, fil de verre, carbone au sein de sa soci\u00e9t\u00e9 TMB bas\u00e9e \u00e0 Dagneux dans l\u2019Ain.<\/p>\n<p>Des gazom\u00e8tres souples aux barrages antipollution, sans oublier les \u00ab\u00a0chaussettes\u00a0\u00bb des rad\u00f4mes des avions de combat et du Concorde tiss\u00e9es gr\u00e2ce au m\u00e9tier Jacquard, Michel Brochier avait su apprivoiser avec succ\u00e8s le tissage de la fibre de verre. Chef d\u2019entreprise, homme d\u2019affaires, pr\u00e9sident d\u2019honneur chez GIE D\u00e9fense NBC, Michel Brochier \u00e9tait aussi un homme de conviction.<\/p>\n<p>  Engag\u00e9 aussi en politique<\/p>\n<p>Engag\u00e9 en politique aux c\u00f4t\u00e9s de <a href=\"https:\/\/www.leprogres.fr\/p\/michel-noir\" target=\"_blank\" rel=\"noopener\">Michel Noir<\/a>, il sera son suppl\u00e9ant lorsque celui-ci fut \u00e9lu d\u00e9put\u00e9 lors des l\u00e9gislatives en 1991. Il fut \u00e9galement \u00e9lu conseiller r\u00e9gional (1992-1998) et conseiller municipal et communautaire entre 1998 et 2004). Particuli\u00e8rement sensibilis\u00e9 aux probl\u00e8mes d\u2019insertion, il est \u00e0 l\u2019origine sur le quartier de La Duch\u00e8re, du Plan d\u2019action sur Site, le Pass, une structure qui mobilise une cinquantaine de patrons et pour laquelle il re\u00e7ut en 2013 du maire <a href=\"https:\/\/www.leprogres.fr\/p\/gerard-collomb\" target=\"_blank\" rel=\"noopener\">G\u00e9rard Collomb<\/a> la m\u00e9daille de la ville de Lyon.<\/p>\n<p>  \u00ab\u00a0La P\u00e9niche\u00a0\u00bb et la Croix-Rouge<\/p>\n<p>Ces derni\u00e8res ann\u00e9es, c\u2019est surtout <a href=\"https:\/\/www.leprogres.fr\/edition-lyon-villeurbanne\/2020\/03\/07\/cette-peniche-quai-du-rhone-ou-l-on-peut-poser-son-sac-au-sens-propre-comme-au-sens-figure\" target=\"_blank\" rel=\"noopener\">\u00ab\u00a0La P\u00e9niche\u00a0\u00bb qui lui tenait \u00e0 c\u0153ur<\/a>. \u00ab\u00a0Sur cette p\u00e9niche ancr\u00e9e sur le Rh\u00f4ne, nous proposons un accueil aux sans-abri et aux personnes en situation de pr\u00e9carit\u00e9, un endroit o\u00f9 poser son sac, pouvoir prendre une douche, d\u00e9guster un caf\u00e9, chercher des solutions sur un ordinateur\u00a0\u00bb, expliquait-il.\u00a0Et m\u00eame par grand froid, le cou enroul\u00e9 dans une grosse \u00e9charpe, il continuait \u00e0 venir en bord de Rh\u00f4ne voir si tout allait bien.<\/p>\n<p>Pr\u00e9sident de la Croix-Rouge du Rh\u00f4ne durant de longues ann\u00e9es, il avait \u00e0 c\u0153ur de secourir les personnes qui r\u00e9clamaient de l\u2019aide. \u00ab\u00a0Michel Brochier \u00e9tait le plus lyonnais qui soit, entrepreneur, ouvert aux diverses formes d\u2019art, engag\u00e9 dans la vie publique, gastronome et cuisinier hors pair\u2026 J\u2019aimais en Michel l\u2019homme, le boute-en-train, le raconteur d\u2019histoires cocasses, sa g\u00e9n\u00e9rosit\u00e9, sa foi dans le service d\u2019autrui\u00a0\u00bb, a tenu \u00e0 souligner Michel Noir, ancien maire de Lyon, en lui rendant hommage. Michel Brochier restera sans nul doute pour les Lyonnais ce \u00ab\u00a0Monsieur au grand c\u0153ur\u00a0\u00bb qui a contribu\u00e9 \u00e0 la renomm\u00e9e de Lyon.<\/p>\n<p class=\"note\">Pour la date et le lieu des obs\u00e8ques, se reporter \u00e0 l\u2019avis de la famille<\/p>\n","protected":false},"excerpt":{"rendered":"Toujours souriant, un rien de malice dans le regard, chaleureux, sachant d\u2019un mot r\u00e9conforter, Michel Brochier savait s\u2019attirer&hellip;\n","protected":false},"author":2,"featured_media":261584,"comment_status":"","ping_status":"","sticky":false,"template":"","format":"standard","meta":{"footnotes":""},"categories":[1889],"tags":[1111,11,2430,9223,2757,1777,674,1011,27,2428,1391,12,25,2429,104],"class_list":{"0":"post-261583","1":"post","2":"type-post","3":"status-publish","4":"format-standard","5":"has-post-thumbnail","7":"category-lyon","8":"tag-actu","9":"tag-actualites","10":"tag-auvergne-rhone-alpes","11":"tag-carnet-du-jour","12":"tag-edition-lyon-villeurbanne","13":"tag-eu","14":"tag-europe","15":"tag-fr","16":"tag-france","17":"tag-lyon","18":"tag-necrologie","19":"tag-news","20":"tag-republique-francaise","21":"tag-rhone","22":"tag-societe"},"share_on_mastodon":{"url":"https:\/\/pubeurope.com\/@fr\/114886784115318884","error":""},"_links":{"self":[{"href":"https:\/\/www.europesays.com\/fr\/wp-json\/wp\/v2\/posts\/261583","targetHints":{"allow":["GET"]}}],"collection":[{"href":"https:\/\/www.europesays.com\/fr\/wp-json\/wp\/v2\/posts"}],"about":[{"href":"https:\/\/www.europesays.com\/fr\/wp-json\/wp\/v2\/types\/post"}],"author":[{"embeddable":true,"href":"https:\/\/www.europesays.com\/fr\/wp-json\/wp\/v2\/users\/2"}],"replies":[{"embeddable":true,"href":"https:\/\/www.europesays.com\/fr\/wp-json\/wp\/v2\/comments?post=261583"}],"version-history":[{"count":0,"href":"https:\/\/www.europesays.com\/fr\/wp-json\/wp\/v2\/posts\/261583\/revisions"}],"wp:featuredmedia":[{"embeddable":true,"href":"https:\/\/www.europesays.com\/fr\/wp-json\/wp\/v2\/media\/261584"}],"wp:attachment":[{"href":"https:\/\/www.europesays.com\/fr\/wp-json\/wp\/v2\/media?parent=261583"}],"wp:term":[{"taxonomy":"category","embeddable":true,"href":"https:\/\/www.europesays.com\/fr\/wp-json\/wp\/v2\/categories?post=261583"},{"taxonomy":"post_tag","embeddable":true,"href":"https:\/\/www.europesays.com\/fr\/wp-json\/wp\/v2\/tags?post=261583"}],"curies":[{"name":"wp","href":"https:\/\/api.w.org\/{rel}","templated":true}]}}