{"id":261593,"date":"2025-07-20T17:44:22","date_gmt":"2025-07-20T17:44:22","guid":{"rendered":"https:\/\/www.europesays.com\/fr\/261593\/"},"modified":"2025-07-20T17:44:22","modified_gmt":"2025-07-20T17:44:22","slug":"paris-des-celebrites-sopposent-a-louverture-dun-supermarche-dans-leur-quartier-chic","status":"publish","type":"post","link":"https:\/\/www.europesays.com\/fr\/261593\/","title":{"rendered":"Paris : des c\u00e9l\u00e9brit\u00e9s s\u2019opposent \u00e0 l\u2019ouverture d\u2019un supermarch\u00e9 dans leur quartier chic"},"content":{"rendered":"<p>\tParis : des c\u00e9l\u00e9brit\u00e9s s\u2019opposent \u00e0 l\u2019ouverture d\u2019un supermarch\u00e9 dans leur quartier chic &#8211; Valeurs actuelles<\/p>\n<p><a href=\"https:\/\/www.valeursactuelles.com\/\" rel=\"nofollow noopener\" target=\"_blank\">Accueil<\/a> \u00bb <a href=\"https:\/\/www.valeursactuelles.com\/societe\" rel=\"nofollow noopener\" target=\"_blank\">Soci\u00e9t\u00e9<\/a> \u00bb Paris : des c\u00e9l\u00e9brit\u00e9s s\u2019opposent \u00e0 l\u2019ouverture d\u2019un supermarch\u00e9 dans leur quartier chic<\/p>\n<p>            la boutique <img decoding=\"async\" class=\"lazy\" src=\"https:\/\/www.valeursactuelles.com\/assets\/themes\/krea-theme\/images\/valeurs-actuelles-yellow.svg\" title=\"Valeurs actuelles\"\/><\/p>\n<p>                                                            <img decoding=\"async\" class=\"lazy\" src=\"https:\/\/www.europesays.com\/fr\/wp-content\/uploads\/2025\/06\/VA_HS39_001B.jpg\"\/><\/p>\n<p>                                                    Voir le produit<\/p>\n<p>                                                            <img decoding=\"async\" class=\"lazy\" src=\"https:\/\/www.europesays.com\/fr\/wp-content\/uploads\/2025\/06\/WhatsApp-Image-2024-05-28-a-11.48.56_25edefee-1.jpg\"\/><\/p>\n<p>                                                    Voir le produit<\/p>\n<p>                                                            <img decoding=\"async\" class=\"lazy\" src=\"https:\/\/www.europesays.com\/fr\/wp-content\/uploads\/2025\/06\/SM017_001.jpg\"\/><\/p>\n<p>                                                    Voir le produit<\/p>\n","protected":false},"excerpt":{"rendered":"Paris : des c\u00e9l\u00e9brit\u00e9s s\u2019opposent \u00e0 l\u2019ouverture d\u2019un supermarch\u00e9 dans leur quartier chic &#8211; Valeurs actuelles Accueil \u00bb&hellip;\n","protected":false},"author":2,"featured_media":261594,"comment_status":"","ping_status":"","sticky":false,"template":"","format":"standard","meta":{"footnotes":""},"categories":[1888],"tags":[11,1777,674,1011,27,40130,12,626,25,23347],"class_list":{"0":"post-261593","1":"post","2":"type-post","3":"status-publish","4":"format-standard","5":"has-post-thumbnail","7":"category-paris","8":"tag-actualites","9":"tag-eu","10":"tag-europe","11":"tag-fr","12":"tag-france","13":"tag-hypocrisie","14":"tag-news","15":"tag-paris","16":"tag-republique-francaise","17":"tag-vivre-ensemble"},"share_on_mastodon":{"url":"https:\/\/pubeurope.com\/@fr\/114886807964329345","error":""},"_links":{"self":[{"href":"https:\/\/www.europesays.com\/fr\/wp-json\/wp\/v2\/posts\/261593","targetHints":{"allow":["GET"]}}],"collection":[{"href":"https:\/\/www.europesays.com\/fr\/wp-json\/wp\/v2\/posts"}],"about":[{"href":"https:\/\/www.europesays.com\/fr\/wp-json\/wp\/v2\/types\/post"}],"author":[{"embeddable":true,"href":"https:\/\/www.europesays.com\/fr\/wp-json\/wp\/v2\/users\/2"}],"replies":[{"embeddable":true,"href":"https:\/\/www.europesays.com\/fr\/wp-json\/wp\/v2\/comments?post=261593"}],"version-history":[{"count":0,"href":"https:\/\/www.europesays.com\/fr\/wp-json\/wp\/v2\/posts\/261593\/revisions"}],"wp:featuredmedia":[{"embeddable":true,"href":"https:\/\/www.europesays.com\/fr\/wp-json\/wp\/v2\/media\/261594"}],"wp:attachment":[{"href":"https:\/\/www.europesays.com\/fr\/wp-json\/wp\/v2\/media?parent=261593"}],"wp:term":[{"taxonomy":"category","embeddable":true,"href":"https:\/\/www.europesays.com\/fr\/wp-json\/wp\/v2\/categories?post=261593"},{"taxonomy":"post_tag","embeddable":true,"href":"https:\/\/www.europesays.com\/fr\/wp-json\/wp\/v2\/tags?post=261593"}],"curies":[{"name":"wp","href":"https:\/\/api.w.org\/{rel}","templated":true}]}}