{"id":261595,"date":"2025-07-20T17:45:13","date_gmt":"2025-07-20T17:45:13","guid":{"rendered":"https:\/\/www.europesays.com\/fr\/261595\/"},"modified":"2025-07-20T17:45:13","modified_gmt":"2025-07-20T17:45:13","slug":"mercato-paris-fc-cest-regle-pour-otavio-qui-signe-pour-cinq-ans-mardi","status":"publish","type":"post","link":"https:\/\/www.europesays.com\/fr\/261595\/","title":{"rendered":"Mercato Paris FC\u00a0: c\u2019est r\u00e9gl\u00e9 pour Otavio qui signe pour cinq ans mardi"},"content":{"rendered":"<p class=\"paragraph text_align_left lp-f-body-02\">Le dossier <a href=\"https:\/\/www.leparisien.fr\/sports\/football\/ligue-1\/mercato-paris-fc-une-deuxieme-offre-transmise-pour-benjamin-andre-qui-na-pas-joue-en-amical-avec-lille-13-07-2025-AXYISURO4NDN3CQN5KBGYAYUNY.php\" target=\"_self\" rel=\"nofollow noopener\">a \u00e9t\u00e9 long \u00e0 se d\u00e9cante<\/a>r mais il est d\u00e9sormais finalis\u00e9. Sauf retournement de derni\u00e8re minute, Otavio Ataide sera la 3e recrue du Paris FC apr\u00e8s Moses Simon (Nantes) et Nhoa Sangui (Reims). Le d\u00e9fenseur central br\u00e9silien de 23 ans, qui \u00e9voluait au FC Porto depuis janvier 2024, voyage ce lundi pour Paris. Il passera sa visite m\u00e9dicale mardi avant de signer, si tout se passe bien, un contrat de 5 ans avec le Paris FC. Le prix du transfert se situe autour de 12 millions d\u2019euros, un record pour le promu en Ligue 1.<\/p>\n<p class=\"paragraph text_align_left lp-f-body-02\">Si Porto et le Paris FC sont d\u2019accord depuis plusieurs jours d\u00e9j\u00e0, les n\u00e9gociations ont tra\u00een\u00e9 sur des questions de commissions entre le club portugais (qui ne poss\u00e9dait que 80 % des droits \u00e9conomiques du joueur) et les agents d\u2019Otavio.<\/p>\n<p class=\"paragraph text_align_left lp-f-body-02\">Dans l\u2019autre dossier en suspens, celui de Benjamin Andr\u00e9, le club parisien reste confiant. S\u2019il est pour l\u2019instant bloqu\u00e9 par son pr\u00e9sident \u00e0 Lille Olivier Letang qui s\u2019est align\u00e9 sur la proposition du PFC (dur\u00e9e, salaire), le joueur<a href=\"https:\/\/www.leparisien.fr\/sports\/football\/ligue-1\/ligue-1-convoite-par-le-paris-fc-benjamin-andre-na-pas-fait-le-deplacement-a-come-avec-lille-18-07-2025-HCDBUGS3UJCQHDUEB2I62FVDFE.php\" target=\"_self\" rel=\"nofollow noopener\"> a r\u00e9affirm\u00e9 sa volont\u00e9 de rejoindre le projet parisien.<\/a> Les choses devraient bouger, dans un sens ou dans un autre, dans la semaine.<\/p>\n<p class=\"paragraph text_align_left lp-f-body-02\">Le Paris FC attend encore un gardien, un lat\u00e9ral droit, un milieu (qui serait Andr\u00e9), un avant-centre et un attaquant excentr\u00e9.<\/p>\n<p class=\"paragraph text_align_left lp-f-body-02\">En attendant, le groupe est parti ce dimanche en stage \u00e0 Evian (Haute-Savoie) jusqu\u2019au 30 juillet. Le groupe a \u00e9t\u00e9 r\u00e9duit. Plusieurs joueurs sous contrat mais en instance de d\u00e9part (Gaudin, Pemb\u00e9l\u00e9, Colau, Oualengb\u00e9\u2026) et les jeunes n\u00e9o-pros (sauf El Khit) ne sont pas du voyage.<\/p>\n","protected":false},"excerpt":{"rendered":"Le dossier a \u00e9t\u00e9 long \u00e0 se d\u00e9canter mais il est d\u00e9sormais finalis\u00e9. Sauf retournement de derni\u00e8re minute,&hellip;\n","protected":false},"author":2,"featured_media":261596,"comment_status":"","ping_status":"","sticky":false,"template":"","format":"standard","meta":{"footnotes":""},"categories":[1888],"tags":[11,1777,674,63,1011,27,66,12,626,25,60],"class_list":{"0":"post-261595","1":"post","2":"type-post","3":"status-publish","4":"format-standard","5":"has-post-thumbnail","7":"category-paris","8":"tag-actualites","9":"tag-eu","10":"tag-europe","11":"tag-football","12":"tag-fr","13":"tag-france","14":"tag-ligue-1","15":"tag-news","16":"tag-paris","17":"tag-republique-francaise","18":"tag-sports"},"share_on_mastodon":{"url":"https:\/\/pubeurope.com\/@fr\/114886811749947212","error":""},"_links":{"self":[{"href":"https:\/\/www.europesays.com\/fr\/wp-json\/wp\/v2\/posts\/261595","targetHints":{"allow":["GET"]}}],"collection":[{"href":"https:\/\/www.europesays.com\/fr\/wp-json\/wp\/v2\/posts"}],"about":[{"href":"https:\/\/www.europesays.com\/fr\/wp-json\/wp\/v2\/types\/post"}],"author":[{"embeddable":true,"href":"https:\/\/www.europesays.com\/fr\/wp-json\/wp\/v2\/users\/2"}],"replies":[{"embeddable":true,"href":"https:\/\/www.europesays.com\/fr\/wp-json\/wp\/v2\/comments?post=261595"}],"version-history":[{"count":0,"href":"https:\/\/www.europesays.com\/fr\/wp-json\/wp\/v2\/posts\/261595\/revisions"}],"wp:featuredmedia":[{"embeddable":true,"href":"https:\/\/www.europesays.com\/fr\/wp-json\/wp\/v2\/media\/261596"}],"wp:attachment":[{"href":"https:\/\/www.europesays.com\/fr\/wp-json\/wp\/v2\/media?parent=261595"}],"wp:term":[{"taxonomy":"category","embeddable":true,"href":"https:\/\/www.europesays.com\/fr\/wp-json\/wp\/v2\/categories?post=261595"},{"taxonomy":"post_tag","embeddable":true,"href":"https:\/\/www.europesays.com\/fr\/wp-json\/wp\/v2\/tags?post=261595"}],"curies":[{"name":"wp","href":"https:\/\/api.w.org\/{rel}","templated":true}]}}