{"id":261597,"date":"2025-07-20T17:46:10","date_gmt":"2025-07-20T17:46:10","guid":{"rendered":"https:\/\/www.europesays.com\/fr\/261597\/"},"modified":"2025-07-20T17:46:10","modified_gmt":"2025-07-20T17:46:10","slug":"la-russie-intensifie-ses-frappes-avant-de-possibles-nouveaux-pourparlers","status":"publish","type":"post","link":"https:\/\/www.europesays.com\/fr\/261597\/","title":{"rendered":"La Russie intensifie ses frappes avant de possibles nouveaux pourparlers"},"content":{"rendered":"<p>Vous avez rat\u00e9 les derniers \u00e9v\u00e9nements sur la <a href=\"https:\/\/www.20minutes.fr\/monde\/ukraine\/\" class=\"color-ultramarine c-link\" rel=\"nofollow noopener\" target=\"_blank\">guerre en Ukraine<\/a>\u00a0? 20 Minutes fait le point pour vous tous les soirs. Voici l\u2019essentiel de ce dimanche 20\u00a0juillet, 1.243e jour du conflit.<\/p>\n<p>Le fait du jour<\/p>\n<p>La <a href=\"https:\/\/www.20minutes.fr\/monde\/russie\/\" class=\"color-ultramarine c-link\" rel=\"nofollow noopener\" target=\"_blank\">Russie<\/a> n\u2019a fait qu\u2019intensifier ces derniers mois ses frappes et bombardements sur les villes ukrainiennes, y compris Kiev, et son offensive terrestre dans l\u2019est du pays, o\u00f9 ses troupes avancent lentement, mais r\u00e9guli\u00e8rement.<\/p>\n<p>Selon l\u2019arm\u00e9e de l\u2019air ukrainienne, <a href=\"https:\/\/www.20minutes.fr\/monde\/moscou\/\" class=\"color-ultramarine c-link\" rel=\"nofollow noopener\" target=\"_blank\">Moscou<\/a> aurait lanc\u00e9 57 drones de type Shahed et drones leurres et 35 missiles a\u00e9riens dans la nuit de samedi \u00e0 dimanche, comme le rapporte <a href=\"https:\/\/www.lemonde.fr\/international\/live\/2025\/07\/20\/en-direct-guerre-en-ukraine-volodymyr-zelensky-souhaite-relancer-les-negociations-avec-la-russie_6622319_3210.html\" target=\"_blank\" class=\"color-ultramarine c-link\" rel=\"nofollow noopener\">Le Monde.<\/a> En r\u00e9ponse, la d\u00e9fense ukrainienne a abattu \u00ab\u00a018 drones de type Shahed\u00a0\u00bb dans le nord et l\u2019est du pays, a-t-elle indiqu\u00e9 sur Telegram.<\/p>\n<\/p>\n<p>La d\u00e9claration du jour<\/p>\n<blockquote class=\"mx-m@xs mx-xxl@md color-ultramarine c-citation\">\n<p class=\"font-weight-regular@xs text-italic font-source-serif-pro text-l@xs c-citation__content\">\u00ab\u00a0Merci pour la force et l&rsquo;inspiration que tu donnes \u00e0 tout le pays \u00e0 chaque victoire. Merci de te lancer dans chaque combat avec l&rsquo;Ukraine dans ton c\u0153ur.\u00a0\u00bb<\/p>\n<\/blockquote>\n<p>L\u2019Ukrainien Oleksandr Usyk est redevenu champion du monde r\u00e9unifi\u00e9 (WBA, WBC, WBO, IBF) des poids lourds apr\u00e8s sa victoire par KO au cinqui\u00e8me round sur le Britannique Daniel Dubois, samedi soir \u00e0 Wembley \u00e0 Londres. Le boxeur originaire de Crim\u00e9e, 38 ans, reste invaincu dans la cat\u00e9gorie reine au terme de son 24e succ\u00e8s, le 15e avant la limite.<\/p>\n<p>\u00ab\u00a0Je remercie <a href=\"https:\/\/www.20minutes.fr\/dossier\/jesus_christ\" class=\"color-ultramarine c-link\" rel=\"nofollow noopener\" target=\"_blank\">J\u00e9sus<\/a>. Je remercie mon \u00e9quipe. Je remercie Wembley. Ce soir, ce succ\u00e8s est pour les gens du monde entier\u00a0\u00bb, a d\u00e9clar\u00e9 Usyk, tr\u00e8s croyant, qui a r\u00e9guli\u00e8rement d\u00e9clar\u00e9 par le pass\u00e9 qu\u2019il combattait aussi pour le peuple ukrainien. Le pr\u00e9sident ukrainien s\u2019est d\u2019ailleurs empress\u00e9 de f\u00e9liciter son compatriote dans un message sur X. \u00ab\u00a0Il l\u2019a fait. Un champion incontest\u00e9. Une l\u00e9gende. L\u2019un des n\u00f4tres. Merci pour la force et l\u2019inspiration que tu donnes \u00e0 tout le pays \u00e0 chaque victoire. Merci de te lancer dans chaque combat avec l\u2019Ukraine dans ton c\u0153ur\u00a0\u00bb, a \u00e9crit Volodymyr Zelensky.<\/p>\n<p>La tendance<\/p>\n<p>L\u2019Ukraine a propos\u00e9 \u00e0 la Russie de tenir de nouveaux pourparlers la semaine prochaine, a annonc\u00e9 le pr\u00e9sident <a href=\"https:\/\/www.20minutes.fr\/monde\/volodymyr-zelensky\/\" class=\"color-ultramarine c-link\" rel=\"nofollow noopener\" target=\"_blank\">Volodymyr Zelensky<\/a>, quelques jours apr\u00e8s avoir obtenu de <a href=\"https:\/\/www.20minutes.fr\/dossier\/donald_trump\" class=\"color-ultramarine c-link\" rel=\"nofollow noopener\" target=\"_blank\">Donald Trump<\/a> la reprise des livraisons d\u2019armes am\u00e9ricaines.<\/p>\n<p>Deux rencontres successives \u00e0 Istanbul entre d\u00e9l\u00e9gations russe et ukrainienne, organis\u00e9es sous la pression du pr\u00e9sident am\u00e9ricain, n\u2019ont gu\u00e8re apport\u00e9 d\u2019avanc\u00e9es sur un <a href=\"https:\/\/www.20minutes.fr\/monde\/cessez_le_feu\/\" class=\"color-ultramarine c-link\" rel=\"nofollow noopener\" target=\"_blank\">cessez-le-feu<\/a>, ne d\u00e9bouchant que sur des \u00e9changes de prisonniers et de corps de soldats tu\u00e9s.<\/p>\n<p>Le pr\u00e9sident ukrainien a indiqu\u00e9 dans son message quotidien aux Ukrainiens que le secr\u00e9taire du Conseil de s\u00e9curit\u00e9 Roustem Oumerov avait \u00ab\u00a0propos\u00e9 une nouvelle rencontre avec la partie russe la semaine prochaine\u00a0\u00bb. \u00ab\u00a0Il faut relancer les n\u00e9gociations\u00a0\u00bb, a-t-il ajout\u00e9. Le pr\u00e9sident ukrainien s\u2019est aussi \u00e0 nouveau dit pr\u00eat \u00e0 n\u00e9gocier directement avec son homologue russe <a href=\"https:\/\/www.20minutes.fr\/monde\/vladimir_poutine\/\" class=\"color-ultramarine c-link\" rel=\"nofollow noopener\" target=\"_blank\">Vladimir Poutine<\/a>. \u00ab\u00a0Une rencontre au plus haut niveau est n\u00e9cessaire pour v\u00e9ritablement assurer la paix\u00a0\u00bb, a-t-il dit.<\/p>\n","protected":false},"excerpt":{"rendered":"Vous avez rat\u00e9 les derniers \u00e9v\u00e9nements sur la guerre en Ukraine\u00a0? 20 Minutes fait le point pour vous&hellip;\n","protected":false},"author":2,"featured_media":261598,"comment_status":"","ping_status":"","sticky":false,"template":"","format":"standard","meta":{"footnotes":""},"categories":[1591],"tags":[47,11,1813,39407,16276,29539,564,1887,131,74,1916,12,8013,1885,1886,132,2049],"class_list":{"0":"post-261597","1":"post","2":"type-post","3":"status-publish","4":"format-standard","5":"has-post-thumbnail","7":"category-russie","8":"tag-actualite","9":"tag-actualites","10":"tag-armee","11":"tag-dmitri-medvedev","12":"tag-dnipro","13":"tag-donetsk","14":"tag-drone","15":"tag-federation-de-russie","16":"tag-guerre-en-ukraine","17":"tag-monde","18":"tag-moscou","19":"tag-news","20":"tag-russe","21":"tag-russia","22":"tag-russian-federation","23":"tag-russie","24":"tag-soldat"},"share_on_mastodon":{"url":"https:\/\/pubeurope.com\/@fr\/114886815457278756","error":""},"_links":{"self":[{"href":"https:\/\/www.europesays.com\/fr\/wp-json\/wp\/v2\/posts\/261597","targetHints":{"allow":["GET"]}}],"collection":[{"href":"https:\/\/www.europesays.com\/fr\/wp-json\/wp\/v2\/posts"}],"about":[{"href":"https:\/\/www.europesays.com\/fr\/wp-json\/wp\/v2\/types\/post"}],"author":[{"embeddable":true,"href":"https:\/\/www.europesays.com\/fr\/wp-json\/wp\/v2\/users\/2"}],"replies":[{"embeddable":true,"href":"https:\/\/www.europesays.com\/fr\/wp-json\/wp\/v2\/comments?post=261597"}],"version-history":[{"count":0,"href":"https:\/\/www.europesays.com\/fr\/wp-json\/wp\/v2\/posts\/261597\/revisions"}],"wp:featuredmedia":[{"embeddable":true,"href":"https:\/\/www.europesays.com\/fr\/wp-json\/wp\/v2\/media\/261598"}],"wp:attachment":[{"href":"https:\/\/www.europesays.com\/fr\/wp-json\/wp\/v2\/media?parent=261597"}],"wp:term":[{"taxonomy":"category","embeddable":true,"href":"https:\/\/www.europesays.com\/fr\/wp-json\/wp\/v2\/categories?post=261597"},{"taxonomy":"post_tag","embeddable":true,"href":"https:\/\/www.europesays.com\/fr\/wp-json\/wp\/v2\/tags?post=261597"}],"curies":[{"name":"wp","href":"https:\/\/api.w.org\/{rel}","templated":true}]}}