{"id":261601,"date":"2025-07-20T17:48:10","date_gmt":"2025-07-20T17:48:10","guid":{"rendered":"https:\/\/www.europesays.com\/fr\/261601\/"},"modified":"2025-07-20T17:48:10","modified_gmt":"2025-07-20T17:48:10","slug":"la-revanche-des-ploucs-sur-les-diplomes-qui-ne-trouvent-pas-de-travail-aux-etats-unis","status":"publish","type":"post","link":"https:\/\/www.europesays.com\/fr\/261601\/","title":{"rendered":"\u00abLa revanche des \u201cploucs\u200a\u201d sur les dipl\u00f4m\u00e9s qui ne trouvent pas de travail aux \u00c9tats-Unis\u00bb"},"content":{"rendered":"<p><strong>CHRONIQUE <\/strong>&#8211; Ces tendances de fond, certes difficilement quantifiables, donnent du grain \u00e0 moudre \u00e0 tous ceux qui d\u00e9noncent \u00ab\u200ala surproduction d\u2019\u00e9lites\u00a0\u00bb quand celles-ci ne trouvent pas \u00e0 employer leurs comp\u00e9tences.<\/p>\n<p class=\"fig-paragraph\">Les c\u00e9r\u00e9monies de\u00a0<a href=\"http:\/\/madame.lefigaro.fr\/celebrites\/actu-people\/les-larmes-de-linda-evangelista-devant-l-objectif-de-salma-hayek-20250603\" data-fig-type=\"Article\" data-gtm-custom-categorie=\"navigation\" data-gtm-custom-action=\"crossclick\" data-gtm-custom-label=\"Contextuel\" data-gtm-event=\"customEventSPE\" data-fig-domain=\"MADAME\" target=\"_blank\" rel=\"noopener\">remise des dipl\u00f4mes<\/a>\u00a0ont \u00e9t\u00e9 moins festives qu\u2019\u00e0 l\u2019accoutum\u00e9e pour cl\u00f4turer l\u2019ann\u00e9e 2024-2025 outre-Atlantique. Traditionnellement, les nouveaux \u00ab\u200agraduates\u00a0\u00bb , affubl\u00e9s de leur toge noire, se tr\u00e9moussent joyeusement, lan\u00e7ant en l\u2019air leur \u00ab\u200amortarboard\u00a0\u00bb, ce chapeau \u00e0 fond plat. Or, non seulement l\u2019Administration Trump cherche noise aux universit\u00e9s les plus prestigieuses, Harvard en t\u00eate, mais le march\u00e9 de l\u2019emploi s\u2019est assombri pour les nouveaux dipl\u00f4m\u00e9s. Les \u00ab\u200abachelors\u00a0\u00bb ayant accompli quatre ann\u00e9es de \u00ab\u200acollege\u00a0\u00bb doivent d\u00e9sormais se battre pour se faire une place au soleil qui leur semblait acquise.<\/p>\n<p class=\"fig-paragraph\">Une enqu\u00eate de la Banque de la R\u00e9serve f\u00e9d\u00e9rale de New York vient de r\u00e9v\u00e9ler que les \u00ab\u200agraduates\u00a0\u00bb de 22 \u00e0 27\u00a0ans, titulaires au minimum d\u2019un bachelor, d\u2019un master, voire d\u2019un\u00a0<a href=\"http:\/\/www.lefigaro.fr\/international\/faux-doctorat-seminaire-esoterique-scientologie-liens-avec-l-iran-en-colombie-un-rabbin-controverse-nomme-directeur-du-culte-20250410\" data-fig-type=\"NewsFlash\" data-gtm-custom-categorie=\"navigation\" data-gtm-custom-action=\"crossclick\" data-gtm-custom-label=\"Contextuel\" data-gtm-event=\"customEventSPE\" data-fig-domain=\"LEFIGARO\" target=\"_blank\" rel=\"noopener\">doctorat\u00a0<\/a>(PhD), ont subi un taux de ch\u00f4mage de 5,8\u200a% au premier trimestre 2025, bien sup\u00e9rieur \u00e0 celui de la population am\u00e9ricaine dans son ensemble (4\u200a%). Cela va \u00e0 l\u2019encontre\u2026<\/p>\n<p class=\"fig-premium-paywall__infos\">\n        Cet article est r\u00e9serv\u00e9 aux abonn\u00e9s.        Il vous reste 84% \u00e0 d\u00e9couvrir.\n    <\/p>\n<p>                <img  data- alt=\"Le Figaro\" class=\"fig-img--complete fig-img\"\/><\/p>\n<p class=\"fig-premium-paywall__title\">Vous avez envie de lire la suite ?<\/p>\n<p class=\"fig-premium-paywall__subtitle\">D\u00e9bloquez tous les articles imm\u00e9diatement.<\/p>\n<p class=\"fig-premium-paywall__connect\">\n                D\u00e9j\u00e0 abonn\u00e9\u00a0?                <a class=\"fig-premium-paywall__connect-link\" href=\"https:\/\/connect.lefigaro.fr\/login?client=horizon_web&amp;type=main&amp;redirect_uri=https%3A%2F%2Fwww.lefigaro.fr%2Fconjoncture%2Fjean-pierre-robin-la-revanche-des-ploucs-sur-les-diplomes-qui-ne-trouvent-pas-de-travail-aux-etats-unis-20250720\" data-js-gtm=\"{&quot;customCategorie&quot;: &quot;conversion&quot;, &quot;customAction&quot;: &quot;before_Landing_Connexion_paywall_auto&quot;, &quot;customLabel&quot;: &quot;bGVmaWdhcm8uZnJfXzFmMDY1ODZlLTYzMjktNmQ3YS05OTM2LTkzOGU3ZDVkMmNkNF9fQXJ0aWNsZQ==_Jean-Pierre Robin\u00a0: \u00abLa revanche des \u201cploucs\u200a\u201d sur les dipl\u00f4m\u00e9s qui ne trouvent pas de travail aux \u00c9tats-Unis\u00bb_350&quot;, &quot;customIDSPE&quot;: &quot;bGVmaWdhcm8uZnJfXzFmMDY1ODZlLTYzMjktNmQ3YS05OTM2LTkzOGU3ZDVkMmNkNF9fQXJ0aWNsZQ==&quot;, &quot;event&quot;: &quot;customEventSPE&quot;}\" target=\"_blank\" rel=\"noopener\"><br \/>\n                    Connectez-vous<br \/>\n                <\/a>\n            <\/p>\n","protected":false},"excerpt":{"rendered":"CHRONIQUE &#8211; Ces tendances de fond, certes difficilement quantifiables, donnent du grain \u00e0 moudre \u00e0 tous ceux qui&hellip;\n","protected":false},"author":2,"featured_media":261602,"comment_status":"","ping_status":"","sticky":false,"template":"","format":"standard","meta":{"footnotes":""},"categories":[1589],"tags":[11,73,1866,28184,12,1864,1865,1863,308],"class_list":{"0":"post-261601","1":"post","2":"type-post","3":"status-publish","4":"format-standard","5":"has-post-thumbnail","7":"category-etats-unis","8":"tag-actualites","9":"tag-etats-unis","10":"tag-etats-unis-damerique","11":"tag-jeunes-diplomes","12":"tag-news","13":"tag-united-states","14":"tag-united-states-of-america","15":"tag-us","16":"tag-usa"},"share_on_mastodon":{"url":"https:\/\/pubeurope.com\/@fr\/114886823506947593","error":""},"_links":{"self":[{"href":"https:\/\/www.europesays.com\/fr\/wp-json\/wp\/v2\/posts\/261601","targetHints":{"allow":["GET"]}}],"collection":[{"href":"https:\/\/www.europesays.com\/fr\/wp-json\/wp\/v2\/posts"}],"about":[{"href":"https:\/\/www.europesays.com\/fr\/wp-json\/wp\/v2\/types\/post"}],"author":[{"embeddable":true,"href":"https:\/\/www.europesays.com\/fr\/wp-json\/wp\/v2\/users\/2"}],"replies":[{"embeddable":true,"href":"https:\/\/www.europesays.com\/fr\/wp-json\/wp\/v2\/comments?post=261601"}],"version-history":[{"count":0,"href":"https:\/\/www.europesays.com\/fr\/wp-json\/wp\/v2\/posts\/261601\/revisions"}],"wp:featuredmedia":[{"embeddable":true,"href":"https:\/\/www.europesays.com\/fr\/wp-json\/wp\/v2\/media\/261602"}],"wp:attachment":[{"href":"https:\/\/www.europesays.com\/fr\/wp-json\/wp\/v2\/media?parent=261601"}],"wp:term":[{"taxonomy":"category","embeddable":true,"href":"https:\/\/www.europesays.com\/fr\/wp-json\/wp\/v2\/categories?post=261601"},{"taxonomy":"post_tag","embeddable":true,"href":"https:\/\/www.europesays.com\/fr\/wp-json\/wp\/v2\/tags?post=261601"}],"curies":[{"name":"wp","href":"https:\/\/api.w.org\/{rel}","templated":true}]}}