{"id":261605,"date":"2025-07-20T17:50:17","date_gmt":"2025-07-20T17:50:17","guid":{"rendered":"https:\/\/www.europesays.com\/fr\/261605\/"},"modified":"2025-07-20T17:50:17","modified_gmt":"2025-07-20T17:50:17","slug":"coup-de-tonnerre-lallemagne-prive-la-france-du-double-au-championnat-deurope","status":"publish","type":"post","link":"https:\/\/www.europesays.com\/fr\/261605\/","title":{"rendered":"coup de tonnerre, l&rsquo;Allemagne prive la France du doubl\u00e9 au championnat d&rsquo;Europe"},"content":{"rendered":"<p>Comme un air de retrouvailles. M\u00eame si l\u2019affiche de cette finale du<a href=\"https:\/\/www.laprovence.com\/article\/sports\/1363053528991715\/petanque-que-peut-esperer-lequipe-de-france-aux-championnats-deurope\" target=\"_blank\" rel=\"nofollow noopener\"> championnat d\u2019Europe<\/a> entre la France et l\u2019Allemagne n\u2019\u00e9tait pas forc\u00e9ment celle attendue, cela n\u2019a pas emp\u00each\u00e9 les deux \u00e9quipes de bien se conna\u00eetre avant de jouer les premi\u00e8res boules.<\/p>\n<p>Au cinqui\u00e8me tour des qualifications, Fran\u00e7ais et Allemands avaient d\u00e9j\u00e0 crois\u00e9 le fer sur les jeux de Santa Susanna. C\u2019\u00e9tait vendredi et, \u00e0 ce moment-l\u00e0, les Bleus n\u2019avaient pas trembl\u00e9 pour s\u2019imposer (13-2). Mais \u00e7a, c\u2019est d\u00e9j\u00e0 du pass\u00e9\u2026<\/p>\n<p>Depuis, avec la phase \u00e0 \u00e9limination directe, les deux s\u00e9lections ont fait du chemin. Apr\u00e8s avoir successivement \u00e9cart\u00e9 la Turquie (13-0), <a href=\"https:\/\/www.laprovence.com\/article\/sports\/72074663274411\/championnat-deurope-de-petanque-la-france-bat-larmenie-et-se-qualifie-pour-les-demi-finales\" target=\"_blank\" rel=\"nofollow noopener\">l&rsquo;Arm\u00e9nie (13-5) <\/a>et <a href=\"https:\/\/www.laprovence.com\/article\/sports\/2561534820273814\/championnat-deurope-de-petanque-les-bleus-ecartent-lespagne-et-se-hissent-en-finale\" target=\"_blank\" rel=\"nofollow noopener\">l\u2019Espagne (13-6)<\/a>, les Bleus sont mont\u00e9s en puissance, plus que jamais favoris \u00e0 leur propre succession apr\u00e8s le titre remport\u00e9 \u00e0 Albertville durant l\u2019\u00e9t\u00e9\u00a02023.<\/p>\n<p>L\u2019Allemagne, elle, a cr\u00e9\u00e9 la grosse sensation en dominant en huiti\u00e8me de finale <a href=\"https:\/\/www.laprovence.com\/article\/sports\/2312966086526115\/mondiaux-de-petanque-litalie-prive-madagascar-du-double\" target=\"_blank\" rel=\"nofollow noopener\">les champions du monde italiens<\/a> (13-11), puis le Luxembourg (13-5) et enfin les Pays-Bas en demi-finale (13-1), tombeurs de Monaco en quart de finale (13-12).<\/p>\n<p>Pr\u00e9sentant leur \u00e9quipe type avec Ludovic Montoro et David \u00ab\u00a0Ligan\u00a0\u00bb Doerr (tous deux sacr\u00e9s en\u00a02023 avec <a href=\"https:\/\/www.laprovence.com\/article\/sports\/5587658365034\/mondial-la-marseillaise-a-petanque-jouffre-quintais-et-suchaud-premiers-finalistes\" target=\"_blank\" rel=\"nofollow noopener\">Philippe Suchaud<\/a> et <a href=\"https:\/\/www.laprovence.com\/article\/sports\/1532687563702515\/petanque-aux-mondiaux-de-dijon-jean-moineau-feltain-reve-de-prendre-son-envol\" target=\"_blank\" rel=\"nofollow noopener\">Jean \u00ab\u00a0Moineau\u00a0\u00bb Feltain<\/a>) associ\u00e9s au tout nouveau champion d\u2019Europe de tir de pr\u00e9cision, <a href=\"https:\/\/www.laprovence.com\/article\/sports\/1305530724692415\/petanque-championnat-deurope-mickael-bonetto-ecarte-diego-rizzi-et-file-en-finale-du-tir-de-precision\" target=\"_blank\" rel=\"nofollow noopener\">l\u2019Istr\u00e9en Micka\u00ebl Bonetto<\/a>, les Bleus pouvaient s\u2019appuyer une force de frappe impressionnante.<\/p>\n<p>Un point pour conclure la premi\u00e8re m\u00e8ne, un point \u00e0 la deuxi\u00e8me\u00a0: sans r\u00e9aliser un d\u00e9marrage flamboyant, les Bleus entraient mieux dans la partie que lors des deux tours pr\u00e9c\u00e9dents. M\u00eame s\u2019ils sont moins r\u00e9put\u00e9s au niveau international que leurs homologues du football, les sportifs allemands ont pour trait de caract\u00e8re pour ne jamais rien l\u00e2cher. Et, en deux m\u00e8nes, ils reprenaient des couleurs et le commandement des op\u00e9rations (2-5). Suffisant pour faire r\u00e9agir les Fran\u00e7ais qui recollaient (4-5).<\/p>\n<p>Mais si la premi\u00e8re confrontation de ce championnat d\u2019Europe entre la France et l\u2019Allemagne avait \u00e9t\u00e9 un long fleuve tranquille pour les Bleus, cette fois-ci les joueurs d\u2019outre-Rhin ont donn\u00e9 plus que du fil \u00e0 retordre aux joueurs de Jean-Claude Boiron et prenaient une large avance (10-4). Pour tenter un \u00e9lectrochoc, Ludovic Montoro laissait sa place \u00e0 Yohan Cousin en d\u00e9but de 7e m\u00e8ne pour tenter une remontada. Un changement payant puisque les Bleus revenaient dans la partie (7-10). Mais ce n\u2019\u00e9tait un feu de paille\u00a0: l\u2019Allemagne ajoutait trois nouveaux points, remportait la finale et le titre.<\/p>\n<p>Apr\u00e8s un championnat du monde triplettes rat\u00e9 \u00e0 Dijon fin\u00a02024, l\u2019\u00e9quipe de France perd d\u00e9sormais le titre europ\u00e9en qu\u2019elle d\u00e9fendait \u00e0 Santa Susanna, un destin similaire \u00e0 l\u2019\u00e9quipe des v\u00e9t\u00e9rans, elle aussi tenante du titre et battue en quart de finale par la Suisse. Seule \u00e9claircie dans la grisaille, le sacre de Micka\u00ebl Bonetto sur le tir de pr\u00e9cision. Pas s\u00fbr que dans la d\u00e9l\u00e9gation fran\u00e7aise on soit content en argent\u2026<\/p>\n","protected":false},"excerpt":{"rendered":"Comme un air de retrouvailles. M\u00eame si l\u2019affiche de cette finale du championnat d\u2019Europe entre la France et&hellip;\n","protected":false},"author":2,"featured_media":261606,"comment_status":"","ping_status":"","sticky":false,"template":"","format":"standard","meta":{"footnotes":""},"categories":[1587],"tags":[17,11,672,1804,3952,1805,1803,3391,1777,674,27,1801,3442,12,6426,32023,1802,60,19875],"class_list":{"0":"post-261605","1":"post","2":"type-post","3":"status-publish","4":"format-standard","5":"has-post-thumbnail","7":"category-allemagne","8":"tag-17","9":"tag-actualites","10":"tag-allemagne","11":"tag-bundesrepublik-deutschland","12":"tag-coup","13":"tag-de","14":"tag-deutschland","15":"tag-double","16":"tag-eu","17":"tag-europe","18":"tag-france","19":"tag-germany","20":"tag-lallemagne","21":"tag-news","22":"tag-petanque","23":"tag-prive","24":"tag-republique-federale-dallemagne","25":"tag-sports","26":"tag-tonnerre"},"share_on_mastodon":{"url":"https:\/\/pubeurope.com\/@fr\/114886832207951065","error":""},"_links":{"self":[{"href":"https:\/\/www.europesays.com\/fr\/wp-json\/wp\/v2\/posts\/261605","targetHints":{"allow":["GET"]}}],"collection":[{"href":"https:\/\/www.europesays.com\/fr\/wp-json\/wp\/v2\/posts"}],"about":[{"href":"https:\/\/www.europesays.com\/fr\/wp-json\/wp\/v2\/types\/post"}],"author":[{"embeddable":true,"href":"https:\/\/www.europesays.com\/fr\/wp-json\/wp\/v2\/users\/2"}],"replies":[{"embeddable":true,"href":"https:\/\/www.europesays.com\/fr\/wp-json\/wp\/v2\/comments?post=261605"}],"version-history":[{"count":0,"href":"https:\/\/www.europesays.com\/fr\/wp-json\/wp\/v2\/posts\/261605\/revisions"}],"wp:featuredmedia":[{"embeddable":true,"href":"https:\/\/www.europesays.com\/fr\/wp-json\/wp\/v2\/media\/261606"}],"wp:attachment":[{"href":"https:\/\/www.europesays.com\/fr\/wp-json\/wp\/v2\/media?parent=261605"}],"wp:term":[{"taxonomy":"category","embeddable":true,"href":"https:\/\/www.europesays.com\/fr\/wp-json\/wp\/v2\/categories?post=261605"},{"taxonomy":"post_tag","embeddable":true,"href":"https:\/\/www.europesays.com\/fr\/wp-json\/wp\/v2\/tags?post=261605"}],"curies":[{"name":"wp","href":"https:\/\/api.w.org\/{rel}","templated":true}]}}