{"id":261613,"date":"2025-07-20T17:54:11","date_gmt":"2025-07-20T17:54:11","guid":{"rendered":"https:\/\/www.europesays.com\/fr\/261613\/"},"modified":"2025-07-20T17:54:11","modified_gmt":"2025-07-20T17:54:11","slug":"ce-que-revele-la-viralite-hallucinante-de-ladultere-du-patron-dastronomer","status":"publish","type":"post","link":"https:\/\/www.europesays.com\/fr\/261613\/","title":{"rendered":"Ce que r\u00e9v\u00e8le la viralit\u00e9 \u00ab\u00a0hallucinante\u00a0\u00bb de l\u2019adult\u00e8re du patron d\u2019Astronomer"},"content":{"rendered":"<p>        <img decoding=\"async\" loading=\"lazy\" src=\"https:\/\/www.europesays.com\/fr\/wp-content\/uploads\/2025\/07\/be2269b_upload-1-86la8h4dylvy-capture-da-a-cran-2025-07-20-175402.png\"  width=\"728\" height=\"408\" alt=\"Le patron d\u2019Astronomer, Andy Baron, a d\u00fb d\u00e9missionner de son poste apr\u00e8s avoir \u00e9t\u00e9 surpris en train d\u2019enlacer une de ses coll\u00e8gues lors d\u2019un concert de Coldplay.\"\/>   <\/p>\n<p>Le patron d\u2019Astronomer, Andy Baron, a d\u00fb d\u00e9missionner de son poste apr\u00e8s avoir \u00e9t\u00e9 surpris en train d\u2019enlacer une de ses coll\u00e8gues lors d\u2019un concert de Coldplay.<\/p>\n<p class=\"asset asset-text\">\u00c9TATS-UNIS &#8211; Difficile d\u2019\u00eatre pass\u00e9 \u00e0 c\u00f4t\u00e9 de cette histoire ces derniers jours. <a href=\"https:\/\/www.huffingtonpost.fr\/international\/article\/le-pdg-surpris-en-plein-adultere-au-concert-de-coldplay-dans-le-viseur-de-son-entreprise_252765.html\" target=\"_blank\" rel=\"noopener\">Andy Baron<\/a>, PDG de la start-up am\u00e9ricaine Astronomer, a \u00e9t\u00e9 surpris mercredi 16\u00a0juillet en train d\u2019enlacer une de ses coll\u00e8gues, la DRH de l\u2019entreprise, lors d\u2019une \u00ab\u00a0kiss cam\u00a0\u00bb pendant un concert de Coldplay \u00e0 Boston. Probl\u00e8me\u00a0: l\u2019homme est mari\u00e9 \u00e0 une autre femme, et leur r\u00e9action extr\u00eamement embarrass\u00e9e a pris des proportions faramineuses sur <a href=\"https:\/\/www.huffingtonpost.fr\/life\/article\/faut-il-interdire-les-reseaux-sociaux-aux-mineurs-reponse-d-une-sociologue-clx1_251262.html\" target=\"_blank\" rel=\"noopener\">les r\u00e9seaux sociaux<\/a>, avec des d\u00e9tournements par <a href=\"https:\/\/www.huffingtonpost.fr\/tech-futurs\/article\/le-youtubeur-squeezie-se-justifie-apres-la-polemique-sur-son-usage-de-l-ia_252728.html\" target=\"_blank\" rel=\"noopener\">intelligence artificielle<\/a> et plaisanteries en tout genre.<\/p>\n<p class=\"asset asset-text\">Mais cette histoire, qui aurait pu rester une affaire priv\u00e9e, est vite devenue tr\u00e8s s\u00e9rieuse. Deux jours apr\u00e8s l\u2019\u00e9v\u00e9nement, l\u2019entreprise Astronomer a annonc\u00e9 avoir suspendu son PDG ainsi que la DRH. Et samedi soir, Andy Baron a finalement d\u00e9pos\u00e9 sa d\u00e9mission, sous ce qui semble \u00eatre une tr\u00e8s forte pression de son conseil d\u2019administration.<\/p>\n<p class=\"asset asset-text\">Qu\u2019est-ce que cette affaire r\u00e9v\u00e8le de la viralit\u00e9 des r\u00e9seaux sociaux et de ses impacts tr\u00e8s concrets dans la vie r\u00e9elle\u00a0? Lisa Wyler, experte en gestion de crise et dirigeante d\u2019une agence de relations publiques, r\u00e9pond aux questions du HuffPost.<\/p>\n<p class=\"asset asset-text\"><strong>Le HuffPost\u00a0: Comment analysez-vous la viralit\u00e9 extr\u00eame prise par cette histoire sur les r\u00e9seaux sociaux\u00a0?<\/strong><\/p>\n<p class=\"asset asset-text\"><strong>Lisa Wyler\u00a0:<\/strong> La \u00ab\u00a0m\u00e8mification\u00a0\u00bb g\u00e9n\u00e9r\u00e9e par cet incident est absolument hallucinante, ce qui me fait dire qu\u2019elle fera date. Tout le week-end, dans les stades am\u00e9ricains, tr\u00e8s habitu\u00e9s aux \u00ab\u00a0kiss cam\u00a0\u00bb, beaucoup de couples ont imit\u00e9 la r\u00e9action du concert de Coldplay <strong>[comme vous pouvez le voir dans la vid\u00e9o ci-dessous]<\/strong>. C\u2019est rare qu\u2019un \u00e9v\u00e9nement devenu un m\u00e8me comme cela entre ensuite directement dans la vie r\u00e9elle et sorte des \u00e9crans. Je n\u2019avais jamais vu \u00e7a jusqu\u2019\u00e0 pr\u00e9sent, et la rapidit\u00e9 \u00e9norme avec laquelle cette crise s\u2019est propag\u00e9e est franchement notable.<\/p>\n<p> La lecture de ce contenu est susceptible d\u2019entra\u00eener un d\u00e9p\u00f4t de cookies de la part de l\u2019op\u00e9rateur tiers qui l\u2019h\u00e9berge. Compte-tenu des choix que vous avez exprim\u00e9s en mati\u00e8re de d\u00e9p\u00f4t de cookies, nous avons bloqu\u00e9 l\u2019affichage de ce contenu. Si vous souhaitez y acc\u00e9der, vous devez accepter la cat\u00e9gorie de cookies \u201cContenus tiers\u201d en cliquant sur le bouton ci-dessous. <\/p>\n<p> Lire la Vid\u00e9o        <\/p>\n<p class=\"asset asset-text\"><strong>Est-ce que l\u2019entreprise Astronomer aurait pu r\u00e9agir diff\u00e9remment, ou mieux g\u00e9rer cette crise\u00a0?<\/strong><\/p>\n<p class=\"asset asset-text\">C\u2019est typiquement le genre de crise qui, en tant qu\u2019entreprise, vous met dans une situation de sid\u00e9ration. Le probl\u00e8me qu\u2019Astronomer a d\u00fb rencontrer ici, c\u2019est que c\u2019\u00e9tait leur patron qui \u00e9tait directement concern\u00e9. Or, habituellement, c\u2019est lui qui va dicter la marche \u00e0 suivre et la strat\u00e9gie. Il fallait donc remonter d\u2019un cran en termes de gouvernance, ce qui ralentit n\u00e9cessairement la prise de d\u00e9cision. Sans oublier l\u2019impact sur la vie priv\u00e9e des deux personnes concern\u00e9es, et le laps de temps qu\u2019il fallait leur laisser pour g\u00e9rer cela.<\/p>\n<p class=\"asset asset-text\">C\u2019est donc difficile de critiquer la mani\u00e8re dont Astronomer a g\u00e9r\u00e9 la situation. C\u2019est d\u00e9j\u00e0 compliqu\u00e9 pour une entreprise d\u2019anticiper d\u2019o\u00f9 viennent les crises, alors un concert de Coldplay, tr\u00e8s sinc\u00e8rement, personne n\u2019aurait pu anticiper un tel cas de figure\u00a0! Et puis il est extr\u00eamement compliqu\u00e9 d\u2019emp\u00eacher les d\u00e9tournements en ligne, encore plus pour une start-up qui n\u2019est, d\u2019habitude, pas du tout expos\u00e9e \u00e0 ce type de crise-l\u00e0.<\/p>\n<p class=\"asset asset-text\"><strong>Est-ce une pol\u00e9mique tr\u00e8s am\u00e9ricaine\u00a0? Ou cela pourrait aussi arriver en France\u00a0?<\/strong><\/p>\n<p class=\"asset asset-text\">Ce n\u2019est pas surprenant que cela arrive aux \u00c9tats-Unis, car la l\u00e9gislation n\u2019est pas du tout la m\u00eame que chez nous. Les relations entre collaborateurs, et encore plus avec un patron, sont extr\u00eamement r\u00e9glement\u00e9es, et vous \u00eates par exemple cens\u00e9 signaler aux RH si vous \u00eates en couple au sein de la m\u00eame entreprise.<\/p>\n<p class=\"asset asset-text\">Il y a donc forc\u00e9ment un probl\u00e8me de valeurs au sein de l\u2019entreprise du fait de cette relation, en particulier entre le PDG et la DRH \u2013 et c\u2019est ce qu\u2019a indiqu\u00e9 Astronomer dans son communiqu\u00e9 de presse. Mais il y a aussi un probl\u00e8me par rapport au monde du travail am\u00e9ricain de mani\u00e8re g\u00e9n\u00e9rale\u00a0: ce n\u2019est pas quelque chose qui se fait.<\/p>\n<p class=\"asset asset-text\">En comparaison, pour un patron d\u2019entreprise en France, cela me para\u00eet peu probable qu\u2019une affaire comme celle-ci puisse avoir la m\u00eame r\u00e9percussion. Cela pourrait arriver si cela touchait un homme ou une femme politique, parce que ces derniers sont per\u00e7us si n\u00e9gativement que ce genre d\u2019incartade pourrait avoir un effet viral tr\u00e8s important. Dans le monde \u00e9conomique, j\u2019y crois moyennement.<\/p>\n<p class=\"asset asset-text\"><strong>Qu\u2019est-ce que cette crise r\u00e9v\u00e8le de l\u2019importance de la r\u00e9putation d\u2019une entreprise avec les r\u00e9seaux sociaux\u00a0?<\/strong><\/p>\n<p class=\"asset asset-text\">Beaucoup d\u2019acteurs dans le domaine de la r\u00e9putation en ligne constatent que les crises durent moins longtemps, mais que leur viralit\u00e9 s\u2019est acc\u00e9l\u00e9r\u00e9e. Il y a 10\u00a0ou 15\u00a0ans, vous pouviez avoir des crises dues \u00e0 des erreurs d\u2019un service commercial ou des probl\u00e9matiques sur le terrain. Mais plus le temps passe, plus les crises peuvent \u00e9galement \u00eatre g\u00e9n\u00e9r\u00e9es par des erreurs de communication.<\/p>\n<p class=\"asset asset-text\">Donc oui, la gestion de la r\u00e9putation d\u2019une entreprise est encore plus cruciale avec les r\u00e9seaux sociaux. Et avec l\u2019intelligence artificielle et les \u00ab\u00a0deepfakes\u00a0\u00bb, il y a deux effets. Certaines personnes, pour rire, vont cr\u00e9er des images parodiques et des d\u00e9tournements qui vont augmenter la visibilit\u00e9 de cette crise. D\u2019autres vont \u00eatre mailveillantes et en profiter pour rajouter des probl\u00e8mes \u00e0 l\u2019entreprise, par exemple en cr\u00e9ant de faux communiqu\u00e9s pour faire circuler des fake news [cela a \u00e9t\u00e9 le cas avec un faux communiqu\u00e9 d\u2019Andy Byron], ou parce qu\u2019elles trouvent \u00e7a dr\u00f4le. Mais pour l\u2019entreprise, l\u2019effet est le m\u00eame en r\u00e9alit\u00e9.<\/p>\n","protected":false},"excerpt":{"rendered":"Le patron d\u2019Astronomer, Andy Baron, a d\u00fb d\u00e9missionner de son poste apr\u00e8s avoir \u00e9t\u00e9 surpris en train d\u2019enlacer&hellip;\n","protected":false},"author":2,"featured_media":261614,"comment_status":"","ping_status":"","sticky":false,"template":"","format":"standard","meta":{"footnotes":""},"categories":[2],"tags":[11,257,73,1011,27,223,14,12,25,24551],"class_list":{"0":"post-261613","1":"post","2":"type-post","3":"status-publish","4":"format-standard","5":"has-post-thumbnail","7":"category-actualites","8":"tag-actualites","9":"tag-entreprise","10":"tag-etats-unis","11":"tag-fr","12":"tag-france","13":"tag-intelligence-artificielle","14":"tag-international","15":"tag-news","16":"tag-republique-francaise","17":"tag-tech-futurs"},"share_on_mastodon":{"url":"https:\/\/pubeurope.com\/@fr\/114886847345921719","error":""},"_links":{"self":[{"href":"https:\/\/www.europesays.com\/fr\/wp-json\/wp\/v2\/posts\/261613","targetHints":{"allow":["GET"]}}],"collection":[{"href":"https:\/\/www.europesays.com\/fr\/wp-json\/wp\/v2\/posts"}],"about":[{"href":"https:\/\/www.europesays.com\/fr\/wp-json\/wp\/v2\/types\/post"}],"author":[{"embeddable":true,"href":"https:\/\/www.europesays.com\/fr\/wp-json\/wp\/v2\/users\/2"}],"replies":[{"embeddable":true,"href":"https:\/\/www.europesays.com\/fr\/wp-json\/wp\/v2\/comments?post=261613"}],"version-history":[{"count":0,"href":"https:\/\/www.europesays.com\/fr\/wp-json\/wp\/v2\/posts\/261613\/revisions"}],"wp:featuredmedia":[{"embeddable":true,"href":"https:\/\/www.europesays.com\/fr\/wp-json\/wp\/v2\/media\/261614"}],"wp:attachment":[{"href":"https:\/\/www.europesays.com\/fr\/wp-json\/wp\/v2\/media?parent=261613"}],"wp:term":[{"taxonomy":"category","embeddable":true,"href":"https:\/\/www.europesays.com\/fr\/wp-json\/wp\/v2\/categories?post=261613"},{"taxonomy":"post_tag","embeddable":true,"href":"https:\/\/www.europesays.com\/fr\/wp-json\/wp\/v2\/tags?post=261613"}],"curies":[{"name":"wp","href":"https:\/\/api.w.org\/{rel}","templated":true}]}}