{"id":261617,"date":"2025-07-20T17:56:12","date_gmt":"2025-07-20T17:56:12","guid":{"rendered":"https:\/\/www.europesays.com\/fr\/261617\/"},"modified":"2025-07-20T17:56:12","modified_gmt":"2025-07-20T17:56:12","slug":"un-centenaire-reussi-pour-le-golf-du-fairmont-le-manoir-richelieu","status":"publish","type":"post","link":"https:\/\/www.europesays.com\/fr\/261617\/","title":{"rendered":"Un centenaire r\u00e9ussi pour le golf du Fairmont le Manoir Richelieu"},"content":{"rendered":"<p><strong>L\u2019ambiance \u00e9tait \u00e0 la f\u00eate samedi au Club de golf du Fairmont le Manoir Richelieu pour le tournoi du 100e anniversaire du pittoresque et tr\u00e8s populaire parcours.<\/strong><\/p>\n<p>De nombreuses personnalit\u00e9s des milieux artistique, m\u00e9diatique et sportif \u00e9taient du rendez-vous. Ron Fournier, Mario Langlois, Daniel M\u00e9lan\u00e7on , Chantal Lacroix, Chantal Machab\u00e9e et l\u2019ex-porte-couleur du Canadien de Montr\u00e9al David Savard ont particip\u00e9 \u00e0 l\u2019activit\u00e9.<\/p>\n<p><img loading=\"lazy\" decoding=\"async\" width=\"890\" height=\"500\" src=\"https:\/\/www.europesays.com\/fr\/wp-content\/uploads\/2025\/07\/IMG_7675-890x500.jpg\" alt=\"\" class=\"wp-image-271196 lazy\"\/>Le reporter de l\u2019\u00e9poque en compagnie de Charlie, son p\u00e8re Jonathan Burnham, Daniel Melan\u00e7on et Lolitta Dandoy. La petite famille a d\u2019ailleurs remport\u00e9 un prix pour les costumes qu\u2019elle portait. <\/p>\n<p>Plusieurs anciens de l\u2019h\u00f4tel et du golf n\u2019ont pas manqu\u00e9 cet \u00e9v\u00e9nement unique pour \u00ab\u00a0c\u00e9l\u00e9brer l\u2019amiti\u00e9 et l\u2019histoire du parcours\u00a0\u00bb, a rappel\u00e9 avec justesse l\u2019actuel directeur golf et activit\u00e9s r\u00e9cr\u00e9atives de Fairmont , Jean-Philippe Moffet.<\/p>\n<p>Le maire de La Malbaie, Michel Couturier, a indiqu\u00e9 dans son allocution que partout \u00ab\u00a0o\u00f9 je vais, on me parle du parcours. C\u2019est toute une infrastructure! Je remercie les propri\u00e9taires d\u2019en prendre soin et de la d\u00e9velopper\u00bb.<\/p>\n<p>Les d\u00e9put\u00e9s Kariane Bourassa et Gabriel Hardy ont aussi t\u00e9moign\u00e9 de l\u2019importance de ce joyau. \u00ab\u00a0Pour passer \u00e0 travers les ann\u00e9es, il faut \u00eatre visionnaire\u00a0\u00bb, a fait valoir le d\u00e9put\u00e9 f\u00e9d\u00e9ral. Son homologue provinciale a mentionn\u00e9 que \u00ab\u00a0si elle avait la patience de jouer au golf, c\u2019est sur le parcours centenaire qu\u2019elle \u00e9voluerait\u00a0\u00bb.<\/p>\n<p><img loading=\"lazy\" decoding=\"async\" width=\"890\" height=\"500\" src=\"https:\/\/www.europesays.com\/fr\/wp-content\/uploads\/2025\/07\/1J7A3754-1-890x500.jpg\" alt=\"\" class=\"wp-image-271204 lazy\"\/><\/p>\n<p>L\u2019apport de plusieurs anciens dirigeants du club de golf a \u00e9t\u00e9 soulign\u00e9. L\u2019architecte Darrel Huxham qui a fa\u00e7onn\u00e9 le parcours tel qu\u2019on le connait depuis 2004 \u00e9tait aussi pr\u00e9sent de m\u00eame qu\u2019un arri\u00e8re-petit-fils du pr\u00e9sident William Howard Taft \u00a0(27e pr\u00e9sident des \u00c9tats-Unis de 1909 \u00e0 1913).<\/p>\n<p><img loading=\"lazy\" decoding=\"async\" width=\"890\" height=\"500\" src=\"https:\/\/www.europesays.com\/fr\/wp-content\/uploads\/2025\/07\/IMG_7661-scaled-e1752982989253-890x500.jpg\" alt=\"\" class=\"wp-image-271195 lazy\"\/>Roberto Perron ( M. Mulligan), Joachim Bergeron, Serge Perron et Jean-Marc Perron avant le d\u00e9but du tournoi.<\/p>\n<p><img loading=\"lazy\" decoding=\"async\" width=\"890\" height=\"500\" src=\"https:\/\/www.europesays.com\/fr\/wp-content\/uploads\/2025\/07\/1J7A3875-890x500.jpg\" alt=\"\" class=\"wp-image-271208 lazy\"\/><\/p>\n<p>Un moment touchant de la soir\u00e9e qui a suivi le tournoi a \u00e9t\u00e9 la belle ovation r\u00e9serv\u00e9e \u00e0 Joachim Bergeron qui entreprend sa 63e ann\u00e9e comme membre du club. \u00ab\u00a0C\u2019est une l\u00e9gende vivante\u00a0\u00bb, a d\u00e9clar\u00e9 Jean-Philippe Moffet qui a \u00e9galement lev\u00e9 son chapeau \u00e0 son \u00e9quipe et \u00e0 celle de la restauration pour la r\u00e9ussite de l\u2019\u00e9v\u00e9nement.<\/p>\n<p><img loading=\"lazy\" decoding=\"async\" width=\"890\" height=\"500\" src=\"https:\/\/www.europesays.com\/fr\/wp-content\/uploads\/2025\/07\/IMG_7680-890x500.jpg\" alt=\"\" class=\"wp-image-271197 lazy\"\/>L\u2019historien du golf, Alain Chaput et Nadia Gigu\u00e8re  tenaient un kiosque o\u00f9 l\u2019on pouvait jouer avec des b\u00e2tons d\u2019\u00e9poque.<\/p>\n<p>Deux autres employ\u00e9s de l\u2019h\u00f4tel et du golf ont r\u00e9ussi des coups parfaits lors de la journ\u00e9e. Caroline Ouellette, directrice ventes et marketing qui a coordonn\u00e9 l\u2019\u00e9v\u00e9nement et Marc-Olivier Girard qui a remport\u00e9 le concours du plus long coup de d\u00e9part avec une frappe de 345 verges !<\/p>\n<p><strong>La victoire des ex<\/strong><\/p>\n<p><img loading=\"lazy\" decoding=\"async\" width=\"890\" height=\"500\" src=\"https:\/\/www.europesays.com\/fr\/wp-content\/uploads\/2025\/07\/1J7A4011-e1752983141672-890x500.jpg\" alt=\"\" class=\"wp-image-271198 lazy\"\/><\/p>\n<p>C\u2019est le quatuor form\u00e9 de l\u2019ex-directeur du club de golf du Fairmont le Manoir Richelieu, Marc-Andr\u00e9-Bordeleau, et de l\u2019ex-professionnelle Marie-\u00c8ve Dion, et de Jean-Philippe Pich\u00e9 et Natacha Viens qui ont ramen\u00e9 la meilleure carte. Ils ont jou\u00e9 -11. Pour la petite histoire, leur carte affichait un aigle et neuf oiselets. (Photo : Jvezina Photographe)<\/p>\n","protected":false},"excerpt":{"rendered":"L\u2019ambiance \u00e9tait \u00e0 la f\u00eate samedi au Club de golf du Fairmont le Manoir Richelieu pour le tournoi&hellip;\n","protected":false},"author":2,"featured_media":261618,"comment_status":"","ping_status":"","sticky":false,"template":"","format":"standard","meta":{"footnotes":""},"categories":[1418],"tags":[1011,27,1472,60],"class_list":{"0":"post-261617","1":"post","2":"type-post","3":"status-publish","4":"format-standard","5":"has-post-thumbnail","7":"category-golf","8":"tag-fr","9":"tag-france","10":"tag-golf","11":"tag-sports"},"share_on_mastodon":{"url":"https:\/\/pubeurope.com\/@fr\/114886855021675098","error":""},"_links":{"self":[{"href":"https:\/\/www.europesays.com\/fr\/wp-json\/wp\/v2\/posts\/261617","targetHints":{"allow":["GET"]}}],"collection":[{"href":"https:\/\/www.europesays.com\/fr\/wp-json\/wp\/v2\/posts"}],"about":[{"href":"https:\/\/www.europesays.com\/fr\/wp-json\/wp\/v2\/types\/post"}],"author":[{"embeddable":true,"href":"https:\/\/www.europesays.com\/fr\/wp-json\/wp\/v2\/users\/2"}],"replies":[{"embeddable":true,"href":"https:\/\/www.europesays.com\/fr\/wp-json\/wp\/v2\/comments?post=261617"}],"version-history":[{"count":0,"href":"https:\/\/www.europesays.com\/fr\/wp-json\/wp\/v2\/posts\/261617\/revisions"}],"wp:featuredmedia":[{"embeddable":true,"href":"https:\/\/www.europesays.com\/fr\/wp-json\/wp\/v2\/media\/261618"}],"wp:attachment":[{"href":"https:\/\/www.europesays.com\/fr\/wp-json\/wp\/v2\/media?parent=261617"}],"wp:term":[{"taxonomy":"category","embeddable":true,"href":"https:\/\/www.europesays.com\/fr\/wp-json\/wp\/v2\/categories?post=261617"},{"taxonomy":"post_tag","embeddable":true,"href":"https:\/\/www.europesays.com\/fr\/wp-json\/wp\/v2\/tags?post=261617"}],"curies":[{"name":"wp","href":"https:\/\/api.w.org\/{rel}","templated":true}]}}