{"id":261619,"date":"2025-07-20T17:58:09","date_gmt":"2025-07-20T17:58:09","guid":{"rendered":"https:\/\/www.europesays.com\/fr\/261619\/"},"modified":"2025-07-20T17:58:09","modified_gmt":"2025-07-20T17:58:09","slug":"international-et-si-les-lions-britanniques-et-irlandais-venaient-en-tournee-en-france","status":"publish","type":"post","link":"https:\/\/www.europesays.com\/fr\/261619\/","title":{"rendered":"International &#8211; Et si les Lions britanniques et irlandais venaient en tourn\u00e9e en France ?"},"content":{"rendered":"<p>\n                Cette semaine, une r\u00e9union est pr\u00e9vue \u00e0 Melbourne entre les dirigeants de la mythique s\u00e9lection pour \u00e9voquer les contours du rapprochement avec la France. Qui pourraient aller tr\u00e8s loin, aux derni\u00e8res nouvelles&#8230;\n            <\/p>\n<p>Alors que les Lions britanniques et irlandais seront en train de pr\u00e9parer leur deuxi\u00e8me test-match face aux Wallabies, les dirigeants de la mythique s\u00e9lection vont se retrouver, cette semaine, \u00e0 Melbourne, pour \u00e9voquer leur mod\u00e8le \u00e9conomique futur. Parmi les sujets qui devraient arriver sur la table des discussions, les pontes des Lions devraient se pencher sur le rapprochement avec la France.<\/p>\n<p>Comme relat\u00e9 au printemps dans ces colonnes, un test-match officiel devrait \u00eatre programm\u00e9 en 2029, \u00e0 Paris, entre les Bleus et la formation d\u2019outre-Manche \u2013 une premi\u00e8re depuis 1989 \u2013 avant la tourn\u00e9e en Nouvelle-Z\u00e9lande. La m\u00eame chose pourrait \u00eatre organis\u00e9e avant la premi\u00e8re tourn\u00e9e des Lions f\u00e9minines, en 2027 : \u00ab\u00a0Nous avons eu des contacts, pas officiellement, juste une discussion amicale, avec les Lions, et ils ont commenc\u00e9 \u00e0 penser que ce serait une bonne id\u00e9e, a comment\u00e9, dans The Guardian, Abdelatif Benazzi, qui sera pr\u00e9sent en Australie pour cette r\u00e9union. Nous n\u2019avons pas encore pris de d\u00e9cision officielle, mais nous envisagerons peut-\u00eatre d\u2019organiser deux r\u00e9unions avec les Lions f\u00e9minins et masculins \u00e0 l\u2019avenir. Peut-\u00eatre en 2027 et 2029.\u00a0\u00bb Ces affiches de gala pourraient n\u2019\u00eatre qu\u2019une premi\u00e8re \u00e9tape avant d\u2019instaurer des rendez-vous r\u00e9guliers entre les deux g\u00e9ants du rugby mondial. L\u2019id\u00e9e trotte en tout cas dans les t\u00eates des d\u00e9cideurs et ce, aux deux bouts du Channel : \u00ab\u00a0Nous ne pensons pas \u00e0 une seule tentative, mais \u00e0 un programme pour l\u2019avenir, poursuit le vice-pr\u00e9sident de la FFR. C\u2019est b\u00e9n\u00e9fique pour tous, car c\u2019est un atout majeur, et nous voulons le partager avec cette institution. [\u2026] Nous voulons construire quelque chose de plus grand pour le rugby et tout le monde sera heureux avec cela. [\u2026] Je pense que nous avons perdu beaucoup de temps depuis 1989, sans exploiter notre relation. Je ne comprends pas pourquoi nous avons attendu 40 ans avant d\u2019entrer en contact avec cette institution.\u00a0\u00bb<\/p>\n<p>\u00ab\u00a0Nous ne voulons rien voler au Sud\u00a0\u00bb<\/p>\n<p>Alors que la tourn\u00e9e en Nouvelle-Z\u00e9lande en 2029 est act\u00e9e, celles de 2033 en Afrique du Sud et de 2037 en Australie ne le sont pas. Abdelatif Benazzi tient \u00e0 rassurer ses homologues sudistes, pour qui ces \u00e9v\u00e9nements repr\u00e9sentent des mannes financi\u00e8res in\u00e9gal\u00e9es : \u00ab\u00a0Nous ne voulons rien voler au Sud, pr\u00e9cise l\u2019ancien deuxi\u00e8me ligne. Nous voulons juste faire quelque chose de plus. C\u2019est un h\u00e9ritage, et c\u2019est tr\u00e8s important, mais nous avons beaucoup de choses \u00e0 partager ensemble. \u00catre voisins est important pour les supporters. J\u2019ai discut\u00e9 avec une agence qui fait venir beaucoup de monde en Australie cette ann\u00e9e et ils m\u2019ont dit que ce serait une excellente affaire pour les Britanniques qui viennent en France.\u00a0\u00bb<\/p>\n<p>L\u2019envie est forte, les perspectives all\u00e9chantes mais les emb\u00fbches sont nombreuses, aussi, \u00e0 commencer par celle du calendrier : \u00ab\u00a0Nous voulons participer \u00e0 ces rencontres, \u00e0 cet avenir ambitieux pour tous. Le public et les joueurs seront enthousiastes. Ils ont besoin de d\u00e9fis comme celui-l\u00e0. Bien s\u00fbr, nous devons veiller \u00e0 la sant\u00e9 des joueurs et organiser les moments opportuns, mais tout le monde veut vivre cette exp\u00e9rience.\u00a0\u00bb Affaire \u00e0 suivre, donc.<\/p>\n","protected":false},"excerpt":{"rendered":"Cette semaine, une r\u00e9union est pr\u00e9vue \u00e0 Melbourne entre les dirigeants de la mythique s\u00e9lection pour \u00e9voquer les&hellip;\n","protected":false},"author":2,"featured_media":261620,"comment_status":"","ping_status":"","sticky":false,"template":"","format":"standard","meta":{"footnotes":""},"categories":[1416],"tags":[1011,27,479,1468,60],"class_list":{"0":"post-261619","1":"post","2":"type-post","3":"status-publish","4":"format-standard","5":"has-post-thumbnail","7":"category-rugby","8":"tag-fr","9":"tag-france","10":"tag-rugby","11":"tag-rugby-football","12":"tag-sports"},"share_on_mastodon":{"url":"https:\/\/pubeurope.com\/@fr\/114886862659365277","error":""},"_links":{"self":[{"href":"https:\/\/www.europesays.com\/fr\/wp-json\/wp\/v2\/posts\/261619","targetHints":{"allow":["GET"]}}],"collection":[{"href":"https:\/\/www.europesays.com\/fr\/wp-json\/wp\/v2\/posts"}],"about":[{"href":"https:\/\/www.europesays.com\/fr\/wp-json\/wp\/v2\/types\/post"}],"author":[{"embeddable":true,"href":"https:\/\/www.europesays.com\/fr\/wp-json\/wp\/v2\/users\/2"}],"replies":[{"embeddable":true,"href":"https:\/\/www.europesays.com\/fr\/wp-json\/wp\/v2\/comments?post=261619"}],"version-history":[{"count":0,"href":"https:\/\/www.europesays.com\/fr\/wp-json\/wp\/v2\/posts\/261619\/revisions"}],"wp:featuredmedia":[{"embeddable":true,"href":"https:\/\/www.europesays.com\/fr\/wp-json\/wp\/v2\/media\/261620"}],"wp:attachment":[{"href":"https:\/\/www.europesays.com\/fr\/wp-json\/wp\/v2\/media?parent=261619"}],"wp:term":[{"taxonomy":"category","embeddable":true,"href":"https:\/\/www.europesays.com\/fr\/wp-json\/wp\/v2\/categories?post=261619"},{"taxonomy":"post_tag","embeddable":true,"href":"https:\/\/www.europesays.com\/fr\/wp-json\/wp\/v2\/tags?post=261619"}],"curies":[{"name":"wp","href":"https:\/\/api.w.org\/{rel}","templated":true}]}}