{"id":26162,"date":"2025-04-15T08:12:16","date_gmt":"2025-04-15T08:12:16","guid":{"rendered":"https:\/\/www.europesays.com\/fr\/26162\/"},"modified":"2025-04-15T08:12:16","modified_gmt":"2025-04-15T08:12:16","slug":"previsions-du-lundi-14-avril-2025-3","status":"publish","type":"post","link":"https:\/\/www.europesays.com\/fr\/26162\/","title":{"rendered":"pr\u00e9visions du lundi 14 avril 2025"},"content":{"rendered":"<p>\u00c0 Nantes, les temp\u00e9ratures avoisineront les 11\u00b0C dans la journ\u00e9e. Le temps sera au brouillard dans la matin\u00e9e. Un l\u00e9ger vent de sud-est soufflera. Il faudra emporter son parapluie l&rsquo;apr\u00e8s-midi pour \u00e9viter les pluies \u00e9parses. Les maximales pourront atteindre 15\u00b0C alors que les minimales seront de 11\u00b0C. Entre lundi et mardi, la nuit sera claire.<\/p>\n<p>Demain, Nantes devra encore attendre avant que les nuages ne se dissipent. Du mauvais temps est \u00e0 pr\u00e9voir. Des pluies \u00e9parses vont tomber. Une baisse des temp\u00e9ratures est pr\u00e9vue. Les valeurs seront comprises entre 5 et 13\u00b0C. Le matin, le soleil risque d&rsquo;\u00eatre cach\u00e9 par des nuages. La ville sera touch\u00e9e par un vent de nord-ouest de 23 km\/h. Demain apr\u00e8s-midi, encore des nuages dans le ciel qui emp\u00eachent le soleil de faire son apparition. Les temp\u00e9ratures afficheront entre 12 et 13\u00b0C. La grisaille ne se disperse toujours pas, il y aura encore des nuages demain soir. Des pluies \u00e9parses vont tomber. Un vent de sud-ouest soufflera un peu, avec 14 km\/h.<\/p>\n<p>Les jours suivants s&rsquo;annoncent identiques. Il va faire un temps assez pluvieux avec des temp\u00e9ratures autour de 10\u00b0C.<\/p>\n<p><\/p>\n","protected":false},"excerpt":{"rendered":"\u00c0 Nantes, les temp\u00e9ratures avoisineront les 11\u00b0C dans la journ\u00e9e. Le temps sera au brouillard dans la matin\u00e9e.&hellip;\n","protected":false},"author":2,"featured_media":26163,"comment_status":"","ping_status":"","sticky":false,"template":"","format":"standard","meta":{"footnotes":""},"categories":[2818],"tags":[1111,11,1777,674,1011,27,3047,766,12,2636,2119,25],"class_list":{"0":"post-26162","1":"post","2":"type-post","3":"status-publish","4":"format-standard","5":"has-post-thumbnail","7":"category-nantes","8":"tag-actu","9":"tag-actualites","10":"tag-eu","11":"tag-europe","12":"tag-fr","13":"tag-france","14":"tag-loire-atlantique","15":"tag-nantes","16":"tag-news","17":"tag-pays-de-la-loire","18":"tag-previsions-meteo","19":"tag-republique-francaise"},"share_on_mastodon":{"url":"https:\/\/pubeurope.com\/@fr\/114340976606304035","error":""},"_links":{"self":[{"href":"https:\/\/www.europesays.com\/fr\/wp-json\/wp\/v2\/posts\/26162","targetHints":{"allow":["GET"]}}],"collection":[{"href":"https:\/\/www.europesays.com\/fr\/wp-json\/wp\/v2\/posts"}],"about":[{"href":"https:\/\/www.europesays.com\/fr\/wp-json\/wp\/v2\/types\/post"}],"author":[{"embeddable":true,"href":"https:\/\/www.europesays.com\/fr\/wp-json\/wp\/v2\/users\/2"}],"replies":[{"embeddable":true,"href":"https:\/\/www.europesays.com\/fr\/wp-json\/wp\/v2\/comments?post=26162"}],"version-history":[{"count":0,"href":"https:\/\/www.europesays.com\/fr\/wp-json\/wp\/v2\/posts\/26162\/revisions"}],"wp:featuredmedia":[{"embeddable":true,"href":"https:\/\/www.europesays.com\/fr\/wp-json\/wp\/v2\/media\/26163"}],"wp:attachment":[{"href":"https:\/\/www.europesays.com\/fr\/wp-json\/wp\/v2\/media?parent=26162"}],"wp:term":[{"taxonomy":"category","embeddable":true,"href":"https:\/\/www.europesays.com\/fr\/wp-json\/wp\/v2\/categories?post=26162"},{"taxonomy":"post_tag","embeddable":true,"href":"https:\/\/www.europesays.com\/fr\/wp-json\/wp\/v2\/tags?post=26162"}],"curies":[{"name":"wp","href":"https:\/\/api.w.org\/{rel}","templated":true}]}}