{"id":261624,"date":"2025-07-20T18:02:17","date_gmt":"2025-07-20T18:02:17","guid":{"rendered":"https:\/\/www.europesays.com\/fr\/261624\/"},"modified":"2025-07-20T18:02:17","modified_gmt":"2025-07-20T18:02:17","slug":"cyril-abiteboul-tempere-les-rumeurs","status":"publish","type":"post","link":"https:\/\/www.europesays.com\/fr\/261624\/","title":{"rendered":"Cyril Abiteboul temp\u00e8re les rumeurs"},"content":{"rendered":"<p itemprop=\"description\">Actuellement \u00e0 la t\u00eate de Hyundai<br \/>\nMotorsport, Cyril Abiteboul a r\u00e9agi aux sp\u00e9culations entourant une<br \/>\nentr\u00e9e du constructeur cor\u00e9en en F1 \u00e0 l\u00a0\u00bbhorizon 2031 lors du<br \/>\nprochain changement de r\u00e8glement technique.<\/p>\n<p data-start=\"165\" data-end=\"651\">Ces rumeurs ont enfl\u00e9 apr\u00e8s la<br \/>\npublication, sur les r\u00e9seaux sociaux de Hyundai, d\u2019une image<br \/>\nmontrant une monoplace de F1 avec le message \u00ab What If ? \u00bb inscrit sur l\u2019aileron arri\u00e8re<br \/>\n(photo ci-dessus), et la l\u00e9gende : \u00ab Pr\u00e9parez-vous \u00e0 l\u2019aventure \u00bb, un teasing plein de<br \/>\npromesses&#8230; mais le message a \u00e9t\u00e9 rapidement supprim\u00e9, ce qui n\u2019a<br \/>\nfait qu\u2019attiser la curiosit\u00e9.<\/p>\n<p data-start=\"653\" data-end=\"868\">Certains y ont vu un signe<br \/>\nd\u2019int\u00e9r\u00eat concret, d\u2019autant que cette publication faisait \u00e9cho aux<br \/>\nr\u00e9cents propos d\u2019Otmar Szafnauer qui a \u00e9voqu\u00e9 une possible<br \/>\ncandidature pour la douzi\u00e8me place encore disponible sur la grille<br \/>\nF1, le manager am\u00e9ricain \u00e9laborant un projet avec un grand<br \/>\nconstructeur. Peut-\u00eatre un chinois comme Geely, souhait\u00e9 par le<br \/>\npr\u00e9sident de la FIA Mohammed Ben Sulayem, mais aussi Hyundai que<br \/>\nl&rsquo;on dit ouvert \u00e0 un avenir en Grand Prix.<\/p>\n<p>Fake news ?<\/p>\n<p data-start=\"870\" data-end=\"1381\">Lors du Rallye de Gr\u00e8ce le mois<br \/>\ndernier, o\u00f9 il supervisait les activit\u00e9s du constructeur en WRC,<br \/>\nCyril Abiteboul, <a href=\"https:\/\/f1i.autojournal.fr\/infos\/opinion\/alpine-f1-cyril-abiteboul-espere-que-ce-nest-pas-la-fin-de-lhistoire\/\" target=\"_blank\" rel=\"noopener\"><br \/>\nl&rsquo;ancien patron de Renault F1<\/a>, a tenu \u00e0 clarifier la situation.<br \/>\n\u00ab\u00a0Je pense qu\u2019il s\u2019agit simplement d\u2019un message un peu maladroit<br \/>\nde l\u2019\u00e9quipe marketing en Cor\u00e9e, a-t-il expliqu\u00e9 aux m\u00e9dias.<br \/>\nIls voulaient faire parler d\u2019eux, et ils ont r\u00e9ussi. Mais le<br \/>\npost a \u00e9t\u00e9 retir\u00e9, ce qui montre bien qu\u2019il n\u2019y a rien derri\u00e8re. Il<br \/>\nn\u2019y a aucun projet F1. Nous avons d\u00e9j\u00e0 beaucoup \u00e0 faire avec nos<br \/>\ndeux programmes existants, et nous restons concentr\u00e9s<br \/>\ndessus.\u00a0\u00bb<\/p>\n<p data-start=\"1383\" data-end=\"1583\">Hyundai est en effet<br \/>\npleinement engag\u00e9 dans le championnat du monde des rallyes, tout en<br \/>\npr\u00e9parant son arriv\u00e9e en endurance avec un prototype Hypercar<br \/>\ndestin\u00e9 au WEC et aux 24 Heures du Mans d\u00e8s 2026 sous la marque<br \/>\nGenesis, la branche premium du groupe. Ce programme ambitieux passe<br \/>\npar l&rsquo;installation d&rsquo;une usine au Castellet, sur le zoning du<br \/>\ncircuit Paul Ricard o\u00f9 sont d\u00e9j\u00e0 bas\u00e9s les partenaires Oreca<br \/>\n(ch\u00e2ssis) et IDEC Sport (exploitation).<\/p>\n<p>Un engagement possible en<br \/>\n2031<\/p>\n<p data-start=\"1585\" data-end=\"1939\">Abiteboul a cependant laiss\u00e9<br \/>\nla porte entrouverte pour l\u2019avenir, sans pour autant nourrir<br \/>\nd\u2019espoirs \u00e0 court terme. \u00ab\u00a0Peut-\u00eatre \u00e0 long terme, a-t-il<br \/>\nd\u00e9clar\u00e9. Mais certainement pas avant 2031. Regardez Audi : ils<br \/>\nont annonc\u00e9 leur arriv\u00e9e en 2021 pour un engagement pr\u00e9vu en 2026.<br \/>\nIl faut du temps.\u00a0\u00bb<\/p>\n<p data-start=\"1941\" data-end=\"2267\">Quant \u00e0 une entr\u00e9e sous forme<br \/>\nde partenariat ou de sponsoring, l\u2019ancien directeur de Renault F1<br \/>\nest cat\u00e9gorique : \u00ab\u00a0Ce n\u2019est pas notre philosophie de simplement<br \/>\npayer pour \u00eatre visibles, affirme le manager fran\u00e7ais.<br \/>\nNous n&rsquo;avons aucun int\u00e9r\u00eat \u00e0 financer les projets des autres.<br \/>\nSi nous devions un jour venir en Formule 1, ce serait avec notre<br \/>\npropre technologie.\u00a0\u00bb<\/p>\n<p>Hyundai et l&rsquo;ombre du<br \/>\ndouzi\u00e8me team<\/p>\n<p data-start=\"2269\" data-end=\"2754\">Enfin, concernant les rumeurs<br \/>\nd\u2019un recrutement d\u2019ing\u00e9nieurs \u00e0 Viry-Ch\u00e2tillon (ex-fief de Renault<br \/>\nSport), Abiteboul n\u2019a pas confirm\u00e9, mais ces \u00e9chos alimentent la<br \/>\nsp\u00e9culation. En parall\u00e8le, Hyundai reste attentif \u00e0 l\u2019\u00e9volution<br \/>\nd\u2019autres cat\u00e9gories, notamment la Formula E. \u00ab\u00a0La feuille de<br \/>\nroute technologique de la FE est int\u00e9ressante, reconna\u00eet-il.<br \/>\nMais ce championnat semble plafonner en termes de visibilit\u00e9 et<br \/>\nde popularit\u00e9. Nous continuons \u00e0 l\u2019\u00e9tudier, sans<br \/>\npr\u00e9cipitation.\u00a0\u00bb<\/p>\n<p data-start=\"2269\" data-end=\"2754\">La perspective de l&rsquo;arriv\u00e9e du<br \/>\ntroisi\u00e8me constructeur mondial (avec ses marques Hyundai, Kia et<br \/>\nGenesis) en Formule 1 est pourtant bien r\u00e9elle et 2031 constitue<br \/>\nune \u00e9ch\u00e9ance cr\u00e9dible, lorsque le r\u00e8glement technique pourrait<br \/>\n\u00e9voluer et quand les Accords Concorde seront renouvel\u00e9s en activant<br \/>\nl&rsquo;option d&rsquo;une douzi\u00e8me \u00e9curie au d\u00e9part des Grands Prix. On croise<br \/>\nles doigts !<\/p>\n","protected":false},"excerpt":{"rendered":"Actuellement \u00e0 la t\u00eate de Hyundai Motorsport, Cyril Abiteboul a r\u00e9agi aux sp\u00e9culations entourant une entr\u00e9e du constructeur&hellip;\n","protected":false},"author":2,"featured_media":261625,"comment_status":"","ping_status":"","sticky":false,"template":"","format":"standard","meta":{"footnotes":""},"categories":[1412],"tags":[40131,1451,1452,1453,1454,1455,1011,27,40132,60],"class_list":{"0":"post-261624","1":"post","2":"type-post","3":"status-publish","4":"format-standard","5":"has-post-thumbnail","7":"category-f1","8":"tag-abiteboul","9":"tag-f1","10":"tag-formula-1","11":"tag-formula1","12":"tag-formule-1","13":"tag-formule1","14":"tag-fr","15":"tag-france","16":"tag-hyundai","17":"tag-sports"},"share_on_mastodon":{"url":"https:\/\/pubeurope.com\/@fr\/114886878420858862","error":""},"_links":{"self":[{"href":"https:\/\/www.europesays.com\/fr\/wp-json\/wp\/v2\/posts\/261624","targetHints":{"allow":["GET"]}}],"collection":[{"href":"https:\/\/www.europesays.com\/fr\/wp-json\/wp\/v2\/posts"}],"about":[{"href":"https:\/\/www.europesays.com\/fr\/wp-json\/wp\/v2\/types\/post"}],"author":[{"embeddable":true,"href":"https:\/\/www.europesays.com\/fr\/wp-json\/wp\/v2\/users\/2"}],"replies":[{"embeddable":true,"href":"https:\/\/www.europesays.com\/fr\/wp-json\/wp\/v2\/comments?post=261624"}],"version-history":[{"count":0,"href":"https:\/\/www.europesays.com\/fr\/wp-json\/wp\/v2\/posts\/261624\/revisions"}],"wp:featuredmedia":[{"embeddable":true,"href":"https:\/\/www.europesays.com\/fr\/wp-json\/wp\/v2\/media\/261625"}],"wp:attachment":[{"href":"https:\/\/www.europesays.com\/fr\/wp-json\/wp\/v2\/media?parent=261624"}],"wp:term":[{"taxonomy":"category","embeddable":true,"href":"https:\/\/www.europesays.com\/fr\/wp-json\/wp\/v2\/categories?post=261624"},{"taxonomy":"post_tag","embeddable":true,"href":"https:\/\/www.europesays.com\/fr\/wp-json\/wp\/v2\/tags?post=261624"}],"curies":[{"name":"wp","href":"https:\/\/api.w.org\/{rel}","templated":true}]}}