{"id":261634,"date":"2025-07-20T18:07:11","date_gmt":"2025-07-20T18:07:11","guid":{"rendered":"https:\/\/www.europesays.com\/fr\/261634\/"},"modified":"2025-07-20T18:07:11","modified_gmt":"2025-07-20T18:07:11","slug":"depuis-dix-ans-le-cfrpe-sauve-des-livres-centenaires","status":"publish","type":"post","link":"https:\/\/www.europesays.com\/fr\/261634\/","title":{"rendered":"depuis dix ans, le CFRPE sauve des livres centenaires"},"content":{"rendered":"<p>Habitu\u00e9 \u00e0 tourner des pages de livres, <a target=\"_self\" href=\"https:\/\/www.lanouvellerepublique.fr\/tours\/la-restauration-a-livre-ouvert-au-cfrpe\" rel=\"nofollow noopener\">Olivier Maupin<\/a> a eu le sentiment de feuilleter l\u2019ouvrage de sa vie \u00e0 l\u2019occasion de la f\u00eate organis\u00e9e au domaine des Touches, \u00e0 Savonni\u00e8res, pour les dix\u00a0ans d\u2019installation \u00e0 Tours du Centre de formation de restauration du patrimoine \u00e9crit. Une centaine d\u2019anciens \u00e9l\u00e8ves sont venus de tout le pays, de Belgique aussi. Certains le connaissent depuis plus longtemps puisqu\u2019il a commenc\u00e9 par la reliure en 1983, puis par la formation en 1989. Pas \u00e9tonnant que l\u2019\u00e9motion soit alors mont\u00e9e plusieurs fois lors de son discours pour exprimer sa gratitude \u00e0 ses anciens \u00e9l\u00e8ves. Le ma\u00eetre cachait cette sensibilit\u00e9&#8230;. <\/p>\n<p>    Cet article a \u00e9t\u00e9 tronqu\u00e9. Abonnez-vous pour lire l&rsquo;article complet sur notre site.<\/p>\n<p style=\"margin: 0 !important; padding: 0 !important; font-size: 12px !important;\">Cet article a \u00e9t\u00e9 tronqu\u00e9. Abonnez-vous pour lire l&rsquo;article complet.<\/p>\n<p>    <a href=\"https:\/\/www.lanouvellerepublique.fr\/abonnements\" style=\"display: inline-block; margin-top: 5px !important; padding: 6px 12px !important; background: #cb1c27; color: white; text-decoration: none; border-radius: 4px; font-size: 12px !important;\" rel=\"nofollow noopener\" target=\"_blank\"><br \/>\n      S&rsquo;abonner<br \/>\n    <\/a><\/p>\n","protected":false},"excerpt":{"rendered":"Habitu\u00e9 \u00e0 tourner des pages de livres, Olivier Maupin a eu le sentiment de feuilleter l\u2019ouvrage de sa&hellip;\n","protected":false},"author":2,"featured_media":261635,"comment_status":"","ping_status":"","sticky":false,"template":"","format":"standard","meta":{"footnotes":""},"categories":[1357],"tags":[1392,1379,58,59,1011,27,1380,2551,1390],"class_list":{"0":"post-261634","1":"post","2":"type-post","3":"status-publish","4":"format-standard","5":"has-post-thumbnail","7":"category-livres","8":"tag-a-la-une-local","9":"tag-books","10":"tag-divertissement","11":"tag-entertainment","12":"tag-fr","13":"tag-france","14":"tag-livres","15":"tag-patrimoine","16":"tag-tours"},"share_on_mastodon":{"url":"https:\/\/pubeurope.com\/@fr\/114886898185762466","error":""},"_links":{"self":[{"href":"https:\/\/www.europesays.com\/fr\/wp-json\/wp\/v2\/posts\/261634","targetHints":{"allow":["GET"]}}],"collection":[{"href":"https:\/\/www.europesays.com\/fr\/wp-json\/wp\/v2\/posts"}],"about":[{"href":"https:\/\/www.europesays.com\/fr\/wp-json\/wp\/v2\/types\/post"}],"author":[{"embeddable":true,"href":"https:\/\/www.europesays.com\/fr\/wp-json\/wp\/v2\/users\/2"}],"replies":[{"embeddable":true,"href":"https:\/\/www.europesays.com\/fr\/wp-json\/wp\/v2\/comments?post=261634"}],"version-history":[{"count":0,"href":"https:\/\/www.europesays.com\/fr\/wp-json\/wp\/v2\/posts\/261634\/revisions"}],"wp:featuredmedia":[{"embeddable":true,"href":"https:\/\/www.europesays.com\/fr\/wp-json\/wp\/v2\/media\/261635"}],"wp:attachment":[{"href":"https:\/\/www.europesays.com\/fr\/wp-json\/wp\/v2\/media?parent=261634"}],"wp:term":[{"taxonomy":"category","embeddable":true,"href":"https:\/\/www.europesays.com\/fr\/wp-json\/wp\/v2\/categories?post=261634"},{"taxonomy":"post_tag","embeddable":true,"href":"https:\/\/www.europesays.com\/fr\/wp-json\/wp\/v2\/tags?post=261634"}],"curies":[{"name":"wp","href":"https:\/\/api.w.org\/{rel}","templated":true}]}}