{"id":261652,"date":"2025-07-20T18:17:09","date_gmt":"2025-07-20T18:17:09","guid":{"rendered":"https:\/\/www.europesays.com\/fr\/261652\/"},"modified":"2025-07-20T18:17:09","modified_gmt":"2025-07-20T18:17:09","slug":"4-departements-de-provence-places-en-vigilance-orange","status":"publish","type":"post","link":"https:\/\/www.europesays.com\/fr\/261652\/","title":{"rendered":"4 d\u00e9partements de Provence plac\u00e9s en vigilance orange"},"content":{"rendered":"<p>Dans son bulletin m\u00e9t\u00e9o de ce dimanche apr\u00e8s-midi 20 juillet \u00e0 16h, M\u00e9t\u00e9o-France a plac\u00e9 en vigilance orange \u00ab\u00a0orages\u00a0\u00bb et \u00ab\u00a0pluie-inondation\u00a0\u00bb l&rsquo;ensemble des d\u00e9partements de Provence pour aujourd&rsquo;hui \u00e0 partir de 20h et demain, lundi 21 juillet.\u00a0<\/p>\n<p>Les Bouches-du-Rh\u00f4ne, le Vaucluse, les Alpes-de-Haute-Provence et les Hautes-Alpes sont concern\u00e9s.\u00a0<\/p>\n<p>26 d\u00e9partements en vigilance orange ce dimanche dans toute la France<\/p>\n<p>Un peu plus t\u00f4t dans la journ\u00e9e, M\u00e9t\u00e9o-France avait d\u00e9j\u00e0 revu ses pr\u00e9visions \u00e0 la hausse. Dans un bulletin publi\u00e9 \u00e0 10h, 21 d\u00e9partements de l&rsquo;Est de la France avaient \u00e9t\u00e9 plac\u00e9s en vigilance orange \u00ab\u00a0orages\u00a0\u00bb. Ils passent d\u00e9sormais au nombre de 26.<\/p>\n<p>Ce matin, M\u00e9t\u00e9o-France annon\u00e7ait pour la journ\u00e9e de lundi 21 juillet seulement 3 d\u00e9partements plac\u00e9s en vigilance orange, la Provence n&rsquo;\u00e9tait pas encore concern\u00e9e. Ils seront finalement 8 d\u00e9partements seront en vigilance orange avec les 4 d\u00e9partements proven\u00e7aux.\u00a0\u00a0<\/p>\n<p>Le Var et les Alpes-Maritimes sont \u00e0 partir de ce soir et demain en vigilance jaune.\u00a0<\/p>\n","protected":false},"excerpt":{"rendered":"Dans son bulletin m\u00e9t\u00e9o de ce dimanche apr\u00e8s-midi 20 juillet \u00e0 16h, M\u00e9t\u00e9o-France a plac\u00e9 en vigilance orange&hellip;\n","protected":false},"author":2,"featured_media":261653,"comment_status":"","ping_status":"","sticky":false,"template":"","format":"standard","meta":{"footnotes":""},"categories":[4],"tags":[17,11,16680,1011,27,12,4594,738,18433,39745,1186,25,104,15192],"class_list":{"0":"post-261652","1":"post","2":"type-post","3":"status-publish","4":"format-standard","5":"has-post-thumbnail","7":"category-france","8":"tag-17","9":"tag-actualites","10":"tag-departements","11":"tag-fr","12":"tag-france","13":"tag-news","14":"tag-orages","15":"tag-orange","16":"tag-places","17":"tag-pluie-inondation","18":"tag-provence","19":"tag-republique-francaise","20":"tag-societe","21":"tag-vigilance"},"share_on_mastodon":{"url":"https:\/\/pubeurope.com\/@fr\/114886937393643020","error":""},"_links":{"self":[{"href":"https:\/\/www.europesays.com\/fr\/wp-json\/wp\/v2\/posts\/261652","targetHints":{"allow":["GET"]}}],"collection":[{"href":"https:\/\/www.europesays.com\/fr\/wp-json\/wp\/v2\/posts"}],"about":[{"href":"https:\/\/www.europesays.com\/fr\/wp-json\/wp\/v2\/types\/post"}],"author":[{"embeddable":true,"href":"https:\/\/www.europesays.com\/fr\/wp-json\/wp\/v2\/users\/2"}],"replies":[{"embeddable":true,"href":"https:\/\/www.europesays.com\/fr\/wp-json\/wp\/v2\/comments?post=261652"}],"version-history":[{"count":0,"href":"https:\/\/www.europesays.com\/fr\/wp-json\/wp\/v2\/posts\/261652\/revisions"}],"wp:featuredmedia":[{"embeddable":true,"href":"https:\/\/www.europesays.com\/fr\/wp-json\/wp\/v2\/media\/261653"}],"wp:attachment":[{"href":"https:\/\/www.europesays.com\/fr\/wp-json\/wp\/v2\/media?parent=261652"}],"wp:term":[{"taxonomy":"category","embeddable":true,"href":"https:\/\/www.europesays.com\/fr\/wp-json\/wp\/v2\/categories?post=261652"},{"taxonomy":"post_tag","embeddable":true,"href":"https:\/\/www.europesays.com\/fr\/wp-json\/wp\/v2\/tags?post=261652"}],"curies":[{"name":"wp","href":"https:\/\/api.w.org\/{rel}","templated":true}]}}