{"id":261660,"date":"2025-07-20T18:21:26","date_gmt":"2025-07-20T18:21:26","guid":{"rendered":"https:\/\/www.europesays.com\/fr\/261660\/"},"modified":"2025-07-20T18:21:26","modified_gmt":"2025-07-20T18:21:26","slug":"chute-darbres-rues-et-circulation-coupees","status":"publish","type":"post","link":"https:\/\/www.europesays.com\/fr\/261660\/","title":{"rendered":"chute d\u2019arbres, rues et circulation coup\u00e9es"},"content":{"rendered":"<p>Il \u00e9tait annonc\u00e9, il a souffl\u00e9\u00a0! Fort, intens\u00e9ment et bri\u00e8vement. Ce dimanche, la Meurthe-et-Moselle a \u00e9t\u00e9 plac\u00e9e en alerte orange par M\u00e9t\u00e9o France. Le passage d\u2019orages, accompagn\u00e9s de forts coups de vent, a maintenu en alerte les services d\u00e9partementaux.<\/p>\n<p>Entre Flavigny-sur-Moselle et Tonnoy, la route d\u00e9partementale 74 a \u00e9t\u00e9 coup\u00e9e \u00e0 la circulation aux alentours de 16\u00a0h\u00a030. Des arbres couch\u00e9s sur la chauss\u00e9e l\u2019ont rendue impraticable.<\/p>\n<p>Dans la M\u00e9tropole du Grand Nancy, Laxou a \u00e9t\u00e9 impact\u00e9e avec des rues inond\u00e9es dans le secteur du boulevard de Hardeval et de la rue de Mar\u00e9ville. Et la ligne T3 du R\u00e9seau Stan a d\u00fb \u00eatre d\u00e9vi\u00e9e suite \u00e0 de multiples chutes d\u2019arbres.<\/p>\n<p>  Arbres en travers<\/p>\n<p>Non loin de l\u00e0, \u00e0 Villers-l\u00e8s-Nancy, des arbres se sont couch\u00e9s et des art\u00e8res ont \u00e9t\u00e9 inond\u00e9es dans le p\u00e9rim\u00e8tre du boulevard des Aiguillettes.<\/p>\n<p>Dans Nancy, cet \u00e9pisode a \u00e9galement laiss\u00e9 des traces. Rue de la Monnaie ou encore place Godeffroy-de-Bouillon, les branches jonchant le sol \u00e9taient nombreuses. Idem avenue de Boufflers qui a vu, en plus des arbres fragilis\u00e9s, entra\u00eenant la d\u00e9viation de la ligne T4 du R\u00e9seau Stan, son enrob\u00e9 souffrir et s\u2019affaisser.<\/p>\n<p>Rue Anatole-France, plus de peur que mal aussi avec des branches des prunus tomb\u00e9es sur les voitures en stationnement mais sans faire de gros d\u00e9g\u00e2ts.<\/p>\n<p>  D\u00e9sordres constat\u00e9s<\/p>\n<p>\u00c0 18\u00a0h, la municipalit\u00e9 a dress\u00e9 un premier bilan. \u00ab\u00a0\u00c0 la suite des orages violents, survenus cette fin d\u2019apr\u00e8s-midi, certains d\u00e9g\u00e2ts mat\u00e9riels sont constat\u00e9s dans la ville \u2013 que la collectivit\u00e9, avec l\u2019aide de la M\u00e9tropole du Grand Nancy, s\u2019attache \u00e0 r\u00e9soudre au plus vite. Ainsi, les arbres tomb\u00e9s dans certaines rues, sans faire de bless\u00e9s, seront d\u00e9blay\u00e9s rapidement. Les d\u00e9sordres constat\u00e9s sur la voirie d\u2019une partie de l\u2019avenue de Boufflers seront repris dans les prochains jours, et une d\u00e9viation provisoire est mise en place par la police municipale. Enfin, le fronton de l\u2019h\u00f4tel de ville a \u00e9t\u00e9 mis en s\u00e9curit\u00e9, dans la mesure o\u00f9 une partie de l\u2019horloge s\u2019est ab\u00eem\u00e9e. Cette mise en s\u00e9curit\u00e9 sera retir\u00e9e, une fois les expertises du b\u00e2timent men\u00e9es et les r\u00e9serves lev\u00e9es.\u00a0\u00bb<\/p>\n","protected":false},"excerpt":{"rendered":"Il \u00e9tait annonc\u00e9, il a souffl\u00e9\u00a0! Fort, intens\u00e9ment et bri\u00e8vement. Ce dimanche, la Meurthe-et-Moselle a \u00e9t\u00e9 plac\u00e9e en&hellip;\n","protected":false},"author":2,"featured_media":261661,"comment_status":"","ping_status":"","sticky":false,"template":"","format":"standard","meta":{"footnotes":""},"categories":[9635],"tags":[1111,11,1704,436,1777,674,274,1011,27,775,8423,3457,1702,1703,12,25],"class_list":{"0":"post-261660","1":"post","2":"type-post","3":"status-publish","4":"format-standard","5":"has-post-thumbnail","7":"category-nancy","8":"tag-actu","9":"tag-actualites","10":"tag-edition-nancy-et-agglomeration","11":"tag-environnement","12":"tag-eu","13":"tag-europe","14":"tag-faits-divers-justice","15":"tag-fr","16":"tag-france","17":"tag-grand-est","18":"tag-meteorologie-climat","19":"tag-meurthe-et-moselle","20":"tag-nancy","21":"tag-nancy-ville-54b","22":"tag-news","23":"tag-republique-francaise"},"share_on_mastodon":{"url":"https:\/\/pubeurope.com\/@fr\/114886953124644565","error":""},"_links":{"self":[{"href":"https:\/\/www.europesays.com\/fr\/wp-json\/wp\/v2\/posts\/261660","targetHints":{"allow":["GET"]}}],"collection":[{"href":"https:\/\/www.europesays.com\/fr\/wp-json\/wp\/v2\/posts"}],"about":[{"href":"https:\/\/www.europesays.com\/fr\/wp-json\/wp\/v2\/types\/post"}],"author":[{"embeddable":true,"href":"https:\/\/www.europesays.com\/fr\/wp-json\/wp\/v2\/users\/2"}],"replies":[{"embeddable":true,"href":"https:\/\/www.europesays.com\/fr\/wp-json\/wp\/v2\/comments?post=261660"}],"version-history":[{"count":0,"href":"https:\/\/www.europesays.com\/fr\/wp-json\/wp\/v2\/posts\/261660\/revisions"}],"wp:featuredmedia":[{"embeddable":true,"href":"https:\/\/www.europesays.com\/fr\/wp-json\/wp\/v2\/media\/261661"}],"wp:attachment":[{"href":"https:\/\/www.europesays.com\/fr\/wp-json\/wp\/v2\/media?parent=261660"}],"wp:term":[{"taxonomy":"category","embeddable":true,"href":"https:\/\/www.europesays.com\/fr\/wp-json\/wp\/v2\/categories?post=261660"},{"taxonomy":"post_tag","embeddable":true,"href":"https:\/\/www.europesays.com\/fr\/wp-json\/wp\/v2\/tags?post=261660"}],"curies":[{"name":"wp","href":"https:\/\/api.w.org\/{rel}","templated":true}]}}