{"id":261680,"date":"2025-07-20T18:36:11","date_gmt":"2025-07-20T18:36:11","guid":{"rendered":"https:\/\/www.europesays.com\/fr\/261680\/"},"modified":"2025-07-20T18:36:11","modified_gmt":"2025-07-20T18:36:11","slug":"strasbourg-au-phare-citadelle-le-festival-de-la-sieste-fait-leloge-du-lent-et-seduit-son-public","status":"publish","type":"post","link":"https:\/\/www.europesays.com\/fr\/261680\/","title":{"rendered":"Strasbourg. Au Phare Citadelle, le festival de la sieste fait \u00ab\u00a0l\u2019\u00e9loge du lent\u00a0\u00bb et s\u00e9duit son public"},"content":{"rendered":"<p>On peut se passer de pas mal de choses dans la vie, mais la petite sieste du dimanche apr\u00e8s-midi \u2013 ou tout autre jour de la semaine quand c\u2019est possible \u2013 apr\u00e8s le r\u00f4ti en hiver ou les saucisses grill\u00e9es en \u00e9t\u00e9, c\u2019est plus difficile. Surtout lorsqu\u2019on a pass\u00e9 deux heures \u00e0 table, de l\u2019ap\u00e9ro au dessert, et qu\u2019on a turbin\u00e9 toute la semaine.<\/p>\n<p>Une petite balade digestive avant, c\u2019est mieux. C\u2019est ce qu\u2019ont fait <a href=\"https:\/\/www.dna.fr\/culture-loisirs\/2025\/07\/17\/en-manque-de-sommeil-besoin-de-decompresser-un-festival-de-la-sieste-au-phare-citadelle\" target=\"_blank\" rel=\"nofollow noopener\">les participants au Siestival pour se rendre au Phare Citadelle,<\/a> au Port-du-Rhin \u2013 \u00e0 v\u00e9lo pour beaucoup \u2013 o\u00f9 \u00e9tait organis\u00e9 l\u2019\u00e9v\u00e9nement, ce dimanche 20\u00a0juillet. Et ils \u00e9taient nombreux\u00a0! Avant le gros orage,&#8230;<\/p>\n","protected":false},"excerpt":{"rendered":"On peut se passer de pas mal de choses dans la vie, mais la petite sieste du dimanche&hellip;\n","protected":false},"author":2,"featured_media":261681,"comment_status":"","ping_status":"","sticky":false,"template":"","format":"standard","meta":{"footnotes":""},"categories":[2820],"tags":[1111,11,1687,2880,1777,674,107,1011,27,775,1757,12,25,104,640,2879,1631],"class_list":{"0":"post-261680","1":"post","2":"type-post","3":"status-publish","4":"format-standard","5":"has-post-thumbnail","7":"category-strasbourg","8":"tag-actu","9":"tag-actualites","10":"tag-culture-loisirs","11":"tag-edition-strasbourg","12":"tag-eu","13":"tag-europe","14":"tag-fil-info","15":"tag-fr","16":"tag-france","17":"tag-grand-est","18":"tag-insolite","19":"tag-news","20":"tag-republique-francaise","21":"tag-societe","22":"tag-strasbourg","23":"tag-strasbourg-ville","24":"tag-vie-associative"},"share_on_mastodon":{"url":"https:\/\/pubeurope.com\/@fr\/114887012130529979","error":""},"_links":{"self":[{"href":"https:\/\/www.europesays.com\/fr\/wp-json\/wp\/v2\/posts\/261680","targetHints":{"allow":["GET"]}}],"collection":[{"href":"https:\/\/www.europesays.com\/fr\/wp-json\/wp\/v2\/posts"}],"about":[{"href":"https:\/\/www.europesays.com\/fr\/wp-json\/wp\/v2\/types\/post"}],"author":[{"embeddable":true,"href":"https:\/\/www.europesays.com\/fr\/wp-json\/wp\/v2\/users\/2"}],"replies":[{"embeddable":true,"href":"https:\/\/www.europesays.com\/fr\/wp-json\/wp\/v2\/comments?post=261680"}],"version-history":[{"count":0,"href":"https:\/\/www.europesays.com\/fr\/wp-json\/wp\/v2\/posts\/261680\/revisions"}],"wp:featuredmedia":[{"embeddable":true,"href":"https:\/\/www.europesays.com\/fr\/wp-json\/wp\/v2\/media\/261681"}],"wp:attachment":[{"href":"https:\/\/www.europesays.com\/fr\/wp-json\/wp\/v2\/media?parent=261680"}],"wp:term":[{"taxonomy":"category","embeddable":true,"href":"https:\/\/www.europesays.com\/fr\/wp-json\/wp\/v2\/categories?post=261680"},{"taxonomy":"post_tag","embeddable":true,"href":"https:\/\/www.europesays.com\/fr\/wp-json\/wp\/v2\/tags?post=261680"}],"curies":[{"name":"wp","href":"https:\/\/api.w.org\/{rel}","templated":true}]}}